{"id":48369,"date":"2022-03-08T10:05:19","date_gmt":"2022-03-08T13:05:19","guid":{"rendered":"https:\/\/www.centraldenoticias.com.ar\/?p=48369"},"modified":"2022-03-08T10:05:19","modified_gmt":"2022-03-08T13:05:19","slug":"descarrilamiento-del-tren-hubo-mucho-movimiento-y-ruido-fue-bastante-violento","status":"publish","type":"post","link":"https:\/\/cdnoticias.com\/index.php\/2022\/03\/08\/descarrilamiento-del-tren-hubo-mucho-movimiento-y-ruido-fue-bastante-violento\/","title":{"rendered":"Descarrilamiento del tren: \u201cHubo mucho movimiento y ruido, fue bastante violento\u201d"},"content":{"rendered":"<p>Ayl\u00e9n, una de las pasajeras que se dirig\u00eda a Bah\u00eda Blanca, cont\u00f3 a Central de Noticias lo sucedido y la espera para el trabajo del personal de seguridad. <!--more--><\/p>\n<hr \/>\n<p>Una de las pasajeras del<a href=\"https:\/\/cdnoticias.com\/index.php\/2022\/03\/08\/pourtale-descarrilo-el-tren-de-pasajeros-y-hay-al-menos-ocho-heridos\/\" target=\"_blank\" rel=\"noopener\"> tren que descarril\u00f3 en Olavarr\u00eda, m\u00e1s precisamente en la zona de Pourtal\u00e9<\/a> dialog\u00f3 con Central de Noticias tras el impactante hecho y<strong> cont\u00f3 c\u00f3mo fue vivir este accidente desde adentro. Admiti\u00f3 que fue \u201cmuy violento\u201d y que las tareas del personal de seguridad se vieron dificultadas por el lugar donde se produjo el hecho.<\/strong><\/p>\n<p>&nbsp;<\/p>\n<p>Ayl\u00e9n viajaba de Buenos Aires hacia Bah\u00eda Blanca: <em>\u201cestaba entredormida, me hab\u00eda despertado porque cre\u00ed que hab\u00edamos llegado a Olavarr\u00eda y hab\u00edan prendido las luces. Me estaba durmiendo nuevamente y fue justo que pas\u00f3 todo\u201d.<\/em><\/p>\n<p>&nbsp;<\/p>\n<blockquote><p><strong><em>\u201cEn el momento no entend\u00ed nada, mucho movimiento y ruido, fue bastante violento. Abrac\u00e9 a mi amiga y esper\u00e9 que pase\u201d.<\/em><\/strong><\/p><\/blockquote>\n<p>&nbsp;<\/p>\n<p>Ayl\u00e9n y su amiga viajaban en el vag\u00f3n que<strong><em> \u201cqued\u00f3 inclinado\u201d<\/em> y descarril\u00f3, pero no volc\u00f3<\/strong>. <em>\u201cEn mi vag\u00f3n solo fue un susto, todos resultamos ilesos. Estuvimos dos horas paradas arriba esperando la polic\u00eda, bomberos, pero en otro vag\u00f3n, que estaba derecho\u201d.<\/em><\/p>\n<p>&nbsp;<\/p>\n<p>Finalmente se\u00f1al\u00f3 que el hecho fue <em>\u201calrededor de las 05:30 horas\u201d<\/em> y que<strong> debido a la lejan\u00eda y la complejidad para llegar, <em>\u201cla asistencia tard\u00f3 una hora\u201d.<\/em><\/strong><\/p>\n","protected":false},"excerpt":{"rendered":"<p>Ayl\u00e9n, una de las pasajeras que se dirig\u00eda a Bah\u00eda Blanca, cont\u00f3 a Central de Noticias lo sucedido y la<\/p>\n","protected":false},"author":2,"featured_media":48359,"comment_status":"closed","ping_status":"closed","sticky":false,"template":"","format":"standard","meta":{"_jetpack_memberships_contains_paid_content":false,"footnotes":""},"categories":[14,1],"tags":[],"class_list":["post-48369","post","type-post","status-publish","format-standard","has-post-thumbnail","hentry","category-policiales","category-portada"],"jetpack_featured_media_url":"https:\/\/i0.wp.com\/cdnoticias.com\/wp-content\/uploads\/2022\/03\/WhatsApp-Image-2022-03-08-at-09.21.56.jpeg?fit=1600%2C1200&ssl=1","jetpack_sharing_enabled":true,"_links":{"self":[{"href":"https:\/\/cdnoticias.com\/index.php\/wp-json\/wp\/v2\/posts\/48369","targetHints":{"allow":["GET"]}}],"collection":[{"href":"https:\/\/cdnoticias.com\/index.php\/wp-json\/wp\/v2\/posts"}],"about":[{"href":"https:\/\/cdnoticias.com\/index.php\/wp-json\/wp\/v2\/types\/post"}],"author":[{"embeddable":true,"href":"https:\/\/cdnoticias.com\/index.php\/wp-json\/wp\/v2\/users\/2"}],"replies":[{"embeddable":true,"href":"https:\/\/cdnoticias.com\/index.php\/wp-json\/wp\/v2\/comments?post=48369"}],"version-history":[{"count":0,"href":"https:\/\/cdnoticias.com\/index.php\/wp-json\/wp\/v2\/posts\/48369\/revisions"}],"wp:featuredmedia":[{"embeddable":true,"href":"https:\/\/cdnoticias.com\/index.php\/wp-json\/wp\/v2\/media\/48359"}],"wp:attachment":[{"href":"https:\/\/cdnoticias.com\/index.php\/wp-json\/wp\/v2\/media?parent=48369"}],"wp:term":[{"taxonomy":"category","embeddable":true,"href":"https:\/\/cdnoticias.com\/index.php\/wp-json\/wp\/v2\/categories?post=48369"},{"taxonomy":"post_tag","embeddable":true,"href":"https:\/\/cdnoticias.com\/index.php\/wp-json\/wp\/v2\/tags?post=48369"}],"curies":[{"name":"wp","href":"https:\/\/api.w.org\/{rel}","templated":true}]}}