{"id":48364,"date":"2022-03-08T09:55:10","date_gmt":"2022-03-08T12:55:10","guid":{"rendered":"https:\/\/www.centraldenoticias.com.ar\/?p=48364"},"modified":"2022-03-08T10:00:48","modified_gmt":"2022-03-08T13:00:48","slug":"trenes-argentinos-emitio-un-comunicado-por-el-descarrilamiento-del-tren","status":"publish","type":"post","link":"https:\/\/cdnoticias.com\/index.php\/2022\/03\/08\/trenes-argentinos-emitio-un-comunicado-por-el-descarrilamiento-del-tren\/","title":{"rendered":"Trenes Argentinos emiti\u00f3 un comunicado por el descarrilamiento del tren"},"content":{"rendered":"<p>La empresa que opera el servicio expuso que viajaban 479 pasajeros y dio cuenta de s\u00f3lo un herido con un golpe en la cabeza. Posible cancelaci\u00f3n de otros servicios que transitan por el mismo tramo.<!--more--><\/p>\n<hr \/>\n<p><a href=\"https:\/\/cdnoticias.com\/index.php\/2022\/03\/08\/pourtale-descarrilo-el-tren-de-pasajeros-y-hay-al-menos-ocho-heridos\/\" target=\"_blank\" rel=\"noopener\">En funci\u00f3n de lo sucedido en Olavarr\u00eda con el descarrilamiento del tren<\/a>, desde <strong>la empresa Trenes Argentinos se emiti\u00f3 un comunicado que dio cuenta del caso<\/strong> y brind\u00f3 detalles que dimensionan las consecuencias.<\/p>\n<p>&nbsp;<\/p>\n<p>En ese sentido, se expuso que <strong>viajaban 479 pasajeros y que se registr\u00f3 un herido con un golpe en la cabeza<\/strong>. \u00a0Esta versi\u00f3n contrasta con la expresada por el intendente Ezequiel Galli quien <a href=\"https:\/\/cdnoticias.com\/index.php\/2022\/03\/08\/recibimos-en-el-hospital-hasta-el-momento-17-personas\/\" target=\"_blank\" rel=\"noopener\">expuso que se cuentan 17 heridos<\/a>.<\/p>\n<p>&nbsp;<\/p>\n<p>\u201cTrenes Argentinos comunica que <strong>a las 5:20 de hoy, martes 8 de marzo<\/strong>, el tren 333 que une Plaza Constituci\u00f3n y Bah\u00eda Blanca <strong>descarril\u00f3 a 10 kil\u00f3metros al sur de la localidad de Olavarr\u00eda<\/strong>\u201d se indic\u00f3.<\/p>\n<p>&nbsp;<\/p>\n<p><img data-recalc-dims=\"1\" loading=\"lazy\" decoding=\"async\" class=\"size-large wp-image-48356 aligncenter\" src=\"https:\/\/i0.wp.com\/cdnoticias.com\/wp-content\/uploads\/2022\/03\/WhatsApp-Image-2022-03-08-at-08.06.43.jpeg?resize=800%2C600&#038;ssl=1\" alt=\"\" width=\"800\" height=\"600\" srcset=\"https:\/\/i0.wp.com\/cdnoticias.com\/wp-content\/uploads\/2022\/03\/WhatsApp-Image-2022-03-08-at-08.06.43.jpeg?resize=1024%2C768&amp;ssl=1 1024w, https:\/\/i0.wp.com\/cdnoticias.com\/wp-content\/uploads\/2022\/03\/WhatsApp-Image-2022-03-08-at-08.06.43.jpeg?resize=300%2C225&amp;ssl=1 300w, https:\/\/i0.wp.com\/cdnoticias.com\/wp-content\/uploads\/2022\/03\/WhatsApp-Image-2022-03-08-at-08.06.43.jpeg?resize=768%2C576&amp;ssl=1 768w, https:\/\/i0.wp.com\/cdnoticias.com\/wp-content\/uploads\/2022\/03\/WhatsApp-Image-2022-03-08-at-08.06.43.jpeg?resize=1536%2C1152&amp;ssl=1 1536w, https:\/\/i0.wp.com\/cdnoticias.com\/wp-content\/uploads\/2022\/03\/WhatsApp-Image-2022-03-08-at-08.06.43.jpeg?w=1600&amp;ssl=1 1600w\" sizes=\"auto, (max-width: 800px) 100vw, 800px\" \/><\/p>\n<p>&nbsp;<\/p>\n<p>A su vez, se destac\u00f3 que<strong> \u201chasta el momento, se report\u00f3, como \u00fanico herido, una persona con una contusi\u00f3n por un golpe en la cabeza\u201d<\/strong>.<\/p>\n<p>&nbsp;<\/p>\n<blockquote><p>En cuanto al origen de los hechos, se indic\u00f3 que estar\u00e1n en investigaci\u00f3n. \u201cEl suceso se produjo por causas que a\u00fan se desconocen y ser\u00e1n motivo de investigaci\u00f3n en el tendido de v\u00edas que opera la empresa de cargas FerroExpreso Pampeano\u201d agreg\u00f3 la empresa.<\/p><\/blockquote>\n<p>&nbsp;<\/p>\n<blockquote class=\"twitter-tweet\">\n<p dir=\"ltr\" lang=\"es\">Se registr\u00f3 un solo herido entre los y las pasajeras que viajaban en la formaci\u00f3n. La atenci\u00f3n est\u00e1 siendo realizada por nuestro personal junto con la polic\u00eda y bomberos.<\/p>\n<p>M\u00e1s informaci\u00f3n en el Centro de Atenci\u00f3n al Pasajero 0-800-222-8736 (TREN).<\/p>\n<p>\u2014 Trenes Argentinos (@TrenesArg) <a href=\"https:\/\/twitter.com\/TrenesArg\/status\/1501154475679129604?ref_src=twsrc%5Etfw\">March 8, 2022<\/a><\/p><\/blockquote>\n<p><script async src=\"https:\/\/platform.twitter.com\/widgets.js\" charset=\"utf-8\"><\/script><\/p>\n<p>&nbsp;<\/p>\n<p>Asimismo, se indic\u00f3 que \u201c<strong>la asistencia de las 479 personas que viajaban<\/strong> est\u00e1 siendo realizada por personal de Trenes Argentinos en conjunto con la polic\u00eda y los bomberos\u201d.<\/p>\n<p>&nbsp;<\/p>\n<p><strong>\u201cEl proceso de encarrilamiento y restituci\u00f3n de las condiciones normales de las v\u00edas podr\u00eda demorar algunas horas<\/strong> por lo que es probable que algunos servicios que circulan por ese corredor se cancelen\u201d se adelant\u00f3.<\/p>\n<p>&nbsp;<\/p>\n<blockquote><p>Finalmente, Trenes Argentinos comunic\u00f3 que \u201cante cualquier duda o consulta el pasajero puede ingresar en https:\/\/www.argentina.gob.ar\/transporte\/trenes-argentinos o llamar por tel\u00e9fono al 0-800-222-8736 (TREN)\u201d.<\/p><\/blockquote>\n<p>&nbsp;<\/p>\n<p><img data-recalc-dims=\"1\" loading=\"lazy\" decoding=\"async\" class=\"size-full wp-image-48367 aligncenter\" src=\"https:\/\/i0.wp.com\/cdnoticias.com\/wp-content\/uploads\/2022\/03\/tren-descarrilado-00-trenes-argentinos.jpg?resize=800%2C445&#038;ssl=1\" alt=\"\" width=\"800\" height=\"445\" srcset=\"https:\/\/i0.wp.com\/cdnoticias.com\/wp-content\/uploads\/2022\/03\/tren-descarrilado-00-trenes-argentinos.jpg?w=1000&amp;ssl=1 1000w, https:\/\/i0.wp.com\/cdnoticias.com\/wp-content\/uploads\/2022\/03\/tren-descarrilado-00-trenes-argentinos.jpg?resize=300%2C167&amp;ssl=1 300w, https:\/\/i0.wp.com\/cdnoticias.com\/wp-content\/uploads\/2022\/03\/tren-descarrilado-00-trenes-argentinos.jpg?resize=768%2C427&amp;ssl=1 768w, https:\/\/i0.wp.com\/cdnoticias.com\/wp-content\/uploads\/2022\/03\/tren-descarrilado-00-trenes-argentinos.jpg?resize=800%2C445&amp;ssl=1 800w\" sizes=\"auto, (max-width: 800px) 100vw, 800px\" \/><\/p>\n","protected":false},"excerpt":{"rendered":"<p>La empresa que opera el servicio expuso que viajaban 479 pasajeros y dio cuenta de s\u00f3lo un herido con un<\/p>\n","protected":false},"author":4,"featured_media":48370,"comment_status":"closed","ping_status":"closed","sticky":false,"template":"","format":"standard","meta":{"_jetpack_memberships_contains_paid_content":false,"footnotes":""},"categories":[5,1],"tags":[],"class_list":["post-48364","post","type-post","status-publish","format-standard","has-post-thumbnail","hentry","category-informacion-general","category-portada"],"jetpack_featured_media_url":"https:\/\/i0.wp.com\/cdnoticias.com\/wp-content\/uploads\/2022\/03\/tren-descarrilado-01-trenes-argentinos.jpg?fit=1000%2C556&ssl=1","jetpack_sharing_enabled":true,"_links":{"self":[{"href":"https:\/\/cdnoticias.com\/index.php\/wp-json\/wp\/v2\/posts\/48364","targetHints":{"allow":["GET"]}}],"collection":[{"href":"https:\/\/cdnoticias.com\/index.php\/wp-json\/wp\/v2\/posts"}],"about":[{"href":"https:\/\/cdnoticias.com\/index.php\/wp-json\/wp\/v2\/types\/post"}],"author":[{"embeddable":true,"href":"https:\/\/cdnoticias.com\/index.php\/wp-json\/wp\/v2\/users\/4"}],"replies":[{"embeddable":true,"href":"https:\/\/cdnoticias.com\/index.php\/wp-json\/wp\/v2\/comments?post=48364"}],"version-history":[{"count":0,"href":"https:\/\/cdnoticias.com\/index.php\/wp-json\/wp\/v2\/posts\/48364\/revisions"}],"wp:featuredmedia":[{"embeddable":true,"href":"https:\/\/cdnoticias.com\/index.php\/wp-json\/wp\/v2\/media\/48370"}],"wp:attachment":[{"href":"https:\/\/cdnoticias.com\/index.php\/wp-json\/wp\/v2\/media?parent=48364"}],"wp:term":[{"taxonomy":"category","embeddable":true,"href":"https:\/\/cdnoticias.com\/index.php\/wp-json\/wp\/v2\/categories?post=48364"},{"taxonomy":"post_tag","embeddable":true,"href":"https:\/\/cdnoticias.com\/index.php\/wp-json\/wp\/v2\/tags?post=48364"}],"curies":[{"name":"wp","href":"https:\/\/api.w.org\/{rel}","templated":true}]}}