{"id":48358,"date":"2022-03-08T09:23:52","date_gmt":"2022-03-08T12:23:52","guid":{"rendered":"https:\/\/www.centraldenoticias.com.ar\/?p=48358"},"modified":"2022-03-08T11:35:40","modified_gmt":"2022-03-08T14:35:40","slug":"recibimos-en-el-hospital-hasta-el-momento-17-personas","status":"publish","type":"post","link":"https:\/\/cdnoticias.com\/index.php\/2022\/03\/08\/recibimos-en-el-hospital-hasta-el-momento-17-personas\/","title":{"rendered":"\u201cRecibimos en el Hospital hasta el momento 17 personas\u201d"},"content":{"rendered":"<p>El Intendente Galli dio detalles del descarrillamiento del tren de pasajeros en la madrugada de este martes. \u201cNinguna reviste heridas de gravedad\u201d.<!--more--><\/p>\n<hr \/>\n<p>Tras el<a href=\"https:\/\/cdnoticias.com\/index.php\/2022\/03\/08\/pourtale-descarrilo-el-tren-de-pasajeros-y-hay-al-menos-ocho-heridos\/\" target=\"_blank\" rel=\"noopener\"> impactante descarrilamiento de un tren de pasajeros en la zona de Pourtal\u00e9 en la madrugada de este martes<\/a>, <strong>el Intendente Galli emiti\u00f3 un comunicado oficial en el que inform\u00f3 al menos 17 personas heridas que llegaron al Hospital Municipal\u201d.<\/strong><\/p>\n<p>&nbsp;<\/p>\n<p>El jefe comunal inform\u00f3 que<strong><em> \u201crecibimos en nuestro Hospital Municipal, hasta el momento 17 personas con heridas leves. 3 de ellas con fracturas\u201d<\/em> <\/strong>y se aclar\u00f3 que <em>\u201c<strong>ninguna reviste heridas de gravedad.<\/strong> Todos est\u00e1n siendo atendidos por nuestro equipo de salud\u201d.<\/em><\/p>\n<p>&nbsp;<\/p>\n<p><img data-recalc-dims=\"1\" loading=\"lazy\" decoding=\"async\" class=\"alignnone size-large wp-image-48359\" src=\"https:\/\/i0.wp.com\/cdnoticias.com\/wp-content\/uploads\/2022\/03\/WhatsApp-Image-2022-03-08-at-09.21.56.jpeg?resize=800%2C600&#038;ssl=1\" alt=\"\" width=\"800\" height=\"600\" srcset=\"https:\/\/i0.wp.com\/cdnoticias.com\/wp-content\/uploads\/2022\/03\/WhatsApp-Image-2022-03-08-at-09.21.56.jpeg?resize=1024%2C768&amp;ssl=1 1024w, https:\/\/i0.wp.com\/cdnoticias.com\/wp-content\/uploads\/2022\/03\/WhatsApp-Image-2022-03-08-at-09.21.56.jpeg?resize=300%2C225&amp;ssl=1 300w, https:\/\/i0.wp.com\/cdnoticias.com\/wp-content\/uploads\/2022\/03\/WhatsApp-Image-2022-03-08-at-09.21.56.jpeg?resize=768%2C576&amp;ssl=1 768w, https:\/\/i0.wp.com\/cdnoticias.com\/wp-content\/uploads\/2022\/03\/WhatsApp-Image-2022-03-08-at-09.21.56.jpeg?resize=1536%2C1152&amp;ssl=1 1536w, https:\/\/i0.wp.com\/cdnoticias.com\/wp-content\/uploads\/2022\/03\/WhatsApp-Image-2022-03-08-at-09.21.56.jpeg?w=1600&amp;ssl=1 1600w\" sizes=\"auto, (max-width: 800px) 100vw, 800px\" \/><\/p>\n<p>&nbsp;<\/p>\n<p>El resto de los pasajeros que resultaron ilesos <em>\u201c<strong>est\u00e1n siendo trasladados al Centro de Exposiciones Municipal<\/strong> de Olavarr\u00eda (CEMO) donde recibir\u00e1n la atenci\u00f3n correspondiente hasta poder reiniciar su viaje\u201d.<\/em><\/p>\n<p>&nbsp;<\/p>\n<p>Se pudo ver, en este sentido,<strong> colectivos que iban a buscar a las personas ilesas que aguardaban en la Escuela 16 la atenci\u00f3n correspondiente<\/strong>, que se encuentra a algunos metros del lugar de impacto.<\/p>\n","protected":false},"excerpt":{"rendered":"<p>El Intendente Galli dio detalles del descarrillamiento del tren de pasajeros en la madrugada de este martes. \u201cNinguna reviste heridas<\/p>\n","protected":false},"author":2,"featured_media":48360,"comment_status":"closed","ping_status":"closed","sticky":false,"template":"","format":"standard","meta":{"_jetpack_memberships_contains_paid_content":false,"footnotes":""},"categories":[14,1],"tags":[],"class_list":["post-48358","post","type-post","status-publish","format-standard","has-post-thumbnail","hentry","category-policiales","category-portada"],"jetpack_featured_media_url":"https:\/\/i0.wp.com\/cdnoticias.com\/wp-content\/uploads\/2022\/03\/WhatsApp-Image-2022-03-08-at-09.21.57.jpeg?fit=1600%2C1200&ssl=1","jetpack_sharing_enabled":true,"_links":{"self":[{"href":"https:\/\/cdnoticias.com\/index.php\/wp-json\/wp\/v2\/posts\/48358","targetHints":{"allow":["GET"]}}],"collection":[{"href":"https:\/\/cdnoticias.com\/index.php\/wp-json\/wp\/v2\/posts"}],"about":[{"href":"https:\/\/cdnoticias.com\/index.php\/wp-json\/wp\/v2\/types\/post"}],"author":[{"embeddable":true,"href":"https:\/\/cdnoticias.com\/index.php\/wp-json\/wp\/v2\/users\/2"}],"replies":[{"embeddable":true,"href":"https:\/\/cdnoticias.com\/index.php\/wp-json\/wp\/v2\/comments?post=48358"}],"version-history":[{"count":0,"href":"https:\/\/cdnoticias.com\/index.php\/wp-json\/wp\/v2\/posts\/48358\/revisions"}],"wp:featuredmedia":[{"embeddable":true,"href":"https:\/\/cdnoticias.com\/index.php\/wp-json\/wp\/v2\/media\/48360"}],"wp:attachment":[{"href":"https:\/\/cdnoticias.com\/index.php\/wp-json\/wp\/v2\/media?parent=48358"}],"wp:term":[{"taxonomy":"category","embeddable":true,"href":"https:\/\/cdnoticias.com\/index.php\/wp-json\/wp\/v2\/categories?post=48358"},{"taxonomy":"post_tag","embeddable":true,"href":"https:\/\/cdnoticias.com\/index.php\/wp-json\/wp\/v2\/tags?post=48358"}],"curies":[{"name":"wp","href":"https:\/\/api.w.org\/{rel}","templated":true}]}}