{"id":48353,"date":"2022-03-08T08:56:13","date_gmt":"2022-03-08T11:56:13","guid":{"rendered":"https:\/\/www.centraldenoticias.com.ar\/?p=48353"},"modified":"2022-03-08T09:30:36","modified_gmt":"2022-03-08T12:30:36","slug":"pourtale-descarrilo-el-tren-de-pasajeros-y-hay-al-menos-ocho-heridos","status":"publish","type":"post","link":"https:\/\/cdnoticias.com\/index.php\/2022\/03\/08\/pourtale-descarrilo-el-tren-de-pasajeros-y-hay-al-menos-ocho-heridos\/","title":{"rendered":"Pourtal\u00e9: descarril\u00f3 el tren de pasajeros y hay al menos ocho heridos"},"content":{"rendered":"<p>Fue en la madrugada de este martes, por causas que se intentan esclarecer. Importante operativo para evacuar las formaciones: un bombero tuvo heridas de consideraci\u00f3n. <!--more--><\/p>\n<hr \/>\n<p>En la madrugada de este martes, <strong>el tren de pasajeros que realiza el servicio que llega a Olavarr\u00eda descarril\u00f3 en la zona de Pourtal\u00e9: si bien trasladaron a decenas de personas al Hospital, oficialmente se informaron 8 personas heridas<\/strong> y una de ellas es un bombero que se lastim\u00f3 en las tareas de rescate.<\/p>\n<p>&nbsp;<\/p>\n<p><img data-recalc-dims=\"1\" loading=\"lazy\" decoding=\"async\" class=\"alignnone size-large wp-image-48356\" src=\"https:\/\/i0.wp.com\/cdnoticias.com\/wp-content\/uploads\/2022\/03\/WhatsApp-Image-2022-03-08-at-08.06.43.jpeg?resize=800%2C600&#038;ssl=1\" alt=\"\" width=\"800\" height=\"600\" srcset=\"https:\/\/i0.wp.com\/cdnoticias.com\/wp-content\/uploads\/2022\/03\/WhatsApp-Image-2022-03-08-at-08.06.43.jpeg?resize=1024%2C768&amp;ssl=1 1024w, https:\/\/i0.wp.com\/cdnoticias.com\/wp-content\/uploads\/2022\/03\/WhatsApp-Image-2022-03-08-at-08.06.43.jpeg?resize=300%2C225&amp;ssl=1 300w, https:\/\/i0.wp.com\/cdnoticias.com\/wp-content\/uploads\/2022\/03\/WhatsApp-Image-2022-03-08-at-08.06.43.jpeg?resize=768%2C576&amp;ssl=1 768w, https:\/\/i0.wp.com\/cdnoticias.com\/wp-content\/uploads\/2022\/03\/WhatsApp-Image-2022-03-08-at-08.06.43.jpeg?resize=1536%2C1152&amp;ssl=1 1536w, https:\/\/i0.wp.com\/cdnoticias.com\/wp-content\/uploads\/2022\/03\/WhatsApp-Image-2022-03-08-at-08.06.43.jpeg?w=1600&amp;ssl=1 1600w\" sizes=\"auto, (max-width: 800px) 100vw, 800px\" \/><\/p>\n<p>&nbsp;<\/p>\n<p>Las causas se encuentran en investigaci\u00f3n. Lo concreto es que<strong> la locomotora descarril\u00f3 y con ella otros siete vagones, de los cuales uno volc\u00f3 y otro qued\u00f3 casi suspendido en el aire.<\/strong> Otras cuatro formaciones se mantuvieron sobre las v\u00edas.<\/p>\n<p>&nbsp;<\/p>\n<p>Tres dotaciones de Bomberos, varios patrulleros de Comando de Patrullas, ambulancias del SAME y Defensa Civil llegaron hasta el lugar para atender a las personas heridas, que<strong> en principio se estipulaba en cerca de 20, pero oficialmente internadas se mantuvieron 8 personas que resultaron con golpes y heridas de consideraci\u00f3n.<\/strong><\/p>\n<p>&nbsp;<\/p>\n<blockquote><p><strong>De las ocho personas heridas internadas en el Hospital, al menos tres ingresaron con \u201cc\u00f3digo amarillo\u201d. Adem\u00e1s, hay tres pacientes internados en el \u00e1rea de Pediatr\u00eda mientras que del total, uno es un bombero que sufri\u00f3 una fractura durante las tareas de rescate.<\/strong><\/p><\/blockquote>\n<p>&nbsp;<\/p>\n<p><img data-recalc-dims=\"1\" loading=\"lazy\" decoding=\"async\" class=\"alignnone size-large wp-image-48355\" src=\"https:\/\/i0.wp.com\/cdnoticias.com\/wp-content\/uploads\/2022\/03\/WhatsApp-Image-2022-03-08-at-08.06.42.jpeg?resize=800%2C600&#038;ssl=1\" alt=\"\" width=\"800\" height=\"600\" srcset=\"https:\/\/i0.wp.com\/cdnoticias.com\/wp-content\/uploads\/2022\/03\/WhatsApp-Image-2022-03-08-at-08.06.42.jpeg?resize=1024%2C768&amp;ssl=1 1024w, https:\/\/i0.wp.com\/cdnoticias.com\/wp-content\/uploads\/2022\/03\/WhatsApp-Image-2022-03-08-at-08.06.42.jpeg?resize=300%2C225&amp;ssl=1 300w, https:\/\/i0.wp.com\/cdnoticias.com\/wp-content\/uploads\/2022\/03\/WhatsApp-Image-2022-03-08-at-08.06.42.jpeg?resize=768%2C576&amp;ssl=1 768w, https:\/\/i0.wp.com\/cdnoticias.com\/wp-content\/uploads\/2022\/03\/WhatsApp-Image-2022-03-08-at-08.06.42.jpeg?resize=1536%2C1152&amp;ssl=1 1536w, https:\/\/i0.wp.com\/cdnoticias.com\/wp-content\/uploads\/2022\/03\/WhatsApp-Image-2022-03-08-at-08.06.42.jpeg?w=1600&amp;ssl=1 1600w\" sizes=\"auto, (max-width: 800px) 100vw, 800px\" \/><\/p>\n<p>&nbsp;<\/p>\n<p><strong>Las tareas en el lugar se vieron dificultadas por agua acumulada por las lluvias del \u00faltimo d\u00eda, mientras que las v\u00edas quedaron completamente inutilizadas en el lugar.<\/strong> Por estos minutos contin\u00faan las tareas de rescate y el inicio de las de peritaje.<\/p>\n","protected":false},"excerpt":{"rendered":"<p>Fue en la madrugada de este martes, por causas que se intentan esclarecer. Importante operativo para evacuar las formaciones: un<\/p>\n","protected":false},"author":2,"featured_media":48354,"comment_status":"closed","ping_status":"closed","sticky":false,"template":"","format":"standard","meta":{"_jetpack_memberships_contains_paid_content":false,"footnotes":""},"categories":[14,1],"tags":[],"class_list":["post-48353","post","type-post","status-publish","format-standard","has-post-thumbnail","hentry","category-policiales","category-portada"],"jetpack_featured_media_url":"https:\/\/i0.wp.com\/cdnoticias.com\/wp-content\/uploads\/2022\/03\/WhatsApp-Image-2022-03-08-at-08.26.59.jpeg?fit=1600%2C1200&ssl=1","jetpack_sharing_enabled":true,"_links":{"self":[{"href":"https:\/\/cdnoticias.com\/index.php\/wp-json\/wp\/v2\/posts\/48353","targetHints":{"allow":["GET"]}}],"collection":[{"href":"https:\/\/cdnoticias.com\/index.php\/wp-json\/wp\/v2\/posts"}],"about":[{"href":"https:\/\/cdnoticias.com\/index.php\/wp-json\/wp\/v2\/types\/post"}],"author":[{"embeddable":true,"href":"https:\/\/cdnoticias.com\/index.php\/wp-json\/wp\/v2\/users\/2"}],"replies":[{"embeddable":true,"href":"https:\/\/cdnoticias.com\/index.php\/wp-json\/wp\/v2\/comments?post=48353"}],"version-history":[{"count":0,"href":"https:\/\/cdnoticias.com\/index.php\/wp-json\/wp\/v2\/posts\/48353\/revisions"}],"wp:featuredmedia":[{"embeddable":true,"href":"https:\/\/cdnoticias.com\/index.php\/wp-json\/wp\/v2\/media\/48354"}],"wp:attachment":[{"href":"https:\/\/cdnoticias.com\/index.php\/wp-json\/wp\/v2\/media?parent=48353"}],"wp:term":[{"taxonomy":"category","embeddable":true,"href":"https:\/\/cdnoticias.com\/index.php\/wp-json\/wp\/v2\/categories?post=48353"},{"taxonomy":"post_tag","embeddable":true,"href":"https:\/\/cdnoticias.com\/index.php\/wp-json\/wp\/v2\/tags?post=48353"}],"curies":[{"name":"wp","href":"https:\/\/api.w.org\/{rel}","templated":true}]}}