{"id":48334,"date":"2022-03-07T19:27:41","date_gmt":"2022-03-07T22:27:41","guid":{"rendered":"https:\/\/www.centraldenoticias.com.ar\/?p=48334"},"modified":"2022-03-07T19:27:41","modified_gmt":"2022-03-07T22:27:41","slug":"barrio-educadores-hoy-creo-que-es-el-dia-mas-feliz-de-mi-vida","status":"publish","type":"post","link":"https:\/\/cdnoticias.com\/index.php\/2022\/03\/07\/barrio-educadores-hoy-creo-que-es-el-dia-mas-feliz-de-mi-vida\/","title":{"rendered":"Barrio Educadores: \u201cHoy creo que es el d\u00eda m\u00e1s feliz de mi vida\u201d"},"content":{"rendered":"<p>Mar\u00eda Luj\u00e1n Taborda, presidenta de la Asociaci\u00f3n Civil barrial, expres\u00f3 sus emociones tras la noticia de la construcci\u00f3n de las casas restantes.<!--more--><\/p>\n<hr \/>\n<p><strong>\u201cYo les dec\u00eda vamos a tener fe, paciencia\u201d.<\/strong> De esa manera Mar\u00eda Luj\u00e1n Taborda puso en palabras ante <em><strong>Central de Noticias<\/strong><\/em> c\u00f3mo fueron estas dos d\u00e9cadas de espera que finalmente llegar\u00e1n a su fin, ya que en la jornada de este lunes Federico Aguilera, el subsecretar\u00edo de Miner\u00eda bonaerense y referente local del Frente de Todos, les confirm\u00f3 que <a href=\"https:\/\/cdnoticias.com\/index.php\/2022\/03\/07\/educadores-tras-dos-decadas-de-espera-se-terminara-el-barrio\/\" target=\"_blank\" rel=\"noopener\">se construir\u00e1n las 21 viviendas que restaban para culminar con el barrio Educadores.<\/a><\/p>\n<p>&nbsp;<\/p>\n<p><strong>Todo tuvo lugar en la capilla ubicada en pleno coraz\u00f3n del barrio<\/strong>, un lugar quiz\u00e1s inesperado pero que ahora estar\u00e1 a\u00fan m\u00e1s en la historia de ese barrio. Es que all\u00ed el funcionario bonaerense dijo lo que todos los presentes quer\u00edan o\u00edr. <strong>Luj\u00e1n fue una suerte de anfitriona y la primera oradora<\/strong>, pero presa de la ansiedad no quiso extenderse y darle la palabra a Federico Aguilera para que hiciera el anuncio.<\/p>\n<p>&nbsp;<\/p>\n<p><img data-recalc-dims=\"1\" loading=\"lazy\" decoding=\"async\" class=\"alignnone size-large wp-image-48331\" src=\"https:\/\/i0.wp.com\/cdnoticias.com\/wp-content\/uploads\/2022\/03\/aguilera-taborda02-1024x577.jpg?resize=800%2C451&#038;ssl=1\" alt=\"\" width=\"800\" height=\"451\" \/><\/p>\n<p>&nbsp;<\/p>\n<p><strong>\u201cNos inform\u00f3 que la semana que viene vamos a firmar el convenio para terminar las viviendas que nos quedan\u201d<\/strong>, enfatiz\u00f3 en di\u00e1logo con este portal minutos despu\u00e9s de escuchar el anuncio. Sin embargo, sus manos a\u00fan temblaban y en su rostro pod\u00eda verse la emoci\u00f3n.<strong> \u201cImaginate que yo en la comisi\u00f3n estoy desde el 2001, 21 a\u00f1os esperando\u201d<\/strong>, explic\u00f3.<\/p>\n<p>&nbsp;<\/p>\n<p>En ese sentido, agreg\u00f3 que est\u00e1 <strong>\u201cfeliz, estamos todos felices porque somos como una familia\u201d<\/strong>, algo en lo que no s\u00f3lo incluy\u00f3 a vecinos, vecinas y preadjudicatarios de las casas que comenzar\u00e1n a realizarse pr\u00f3ximamente, sino tambi\u00e9n de todo el equipo profesional que los ha acompa\u00f1ado y asesorado a lo largo de todos estos a\u00f1os.<\/p>\n<p>&nbsp;<\/p>\n<p><img data-recalc-dims=\"1\" loading=\"lazy\" decoding=\"async\" class=\"alignnone size-large wp-image-48330\" src=\"https:\/\/i0.wp.com\/cdnoticias.com\/wp-content\/uploads\/2022\/03\/aguilera-taborda01.jpg?resize=800%2C520&#038;ssl=1\" alt=\"\" width=\"800\" height=\"520\" srcset=\"https:\/\/i0.wp.com\/cdnoticias.com\/wp-content\/uploads\/2022\/03\/aguilera-taborda01.jpg?resize=1024%2C666&amp;ssl=1 1024w, https:\/\/i0.wp.com\/cdnoticias.com\/wp-content\/uploads\/2022\/03\/aguilera-taborda01.jpg?resize=300%2C195&amp;ssl=1 300w, https:\/\/i0.wp.com\/cdnoticias.com\/wp-content\/uploads\/2022\/03\/aguilera-taborda01.jpg?resize=768%2C500&amp;ssl=1 768w, https:\/\/i0.wp.com\/cdnoticias.com\/wp-content\/uploads\/2022\/03\/aguilera-taborda01.jpg?w=1094&amp;ssl=1 1094w\" sizes=\"auto, (max-width: 800px) 100vw, 800px\" \/><\/p>\n<p>&nbsp;<\/p>\n<p>Precisamente, al ser consultada de c\u00f3mo fue esa espera expres\u00f3 que \u201cven\u00eda todo bien y de golpe se vino todo abajo\u201d. <strong>\u201cLas chicas preocupadas si el barrio se iba a seguir construyendo\u201d<\/strong>, a\u00f1adi\u00f3 a medida que daba cuenta de c\u00f3mo esos temores iban en aumento, a la par del aumento de los alquileres. \u201cVamos a tener fe y tener paciencia\u201d, fue su respuesta y el tiempo le dio la raz\u00f3n.<\/p>\n<p>&nbsp;<\/p>\n<p><strong>\u201cHoy lo logramos\u201d<\/strong>, concluy\u00f3 y no quiso dejar pasar la ocasi\u00f3n para agradecer primero a las gestiones realizadas por Federico Aguilera y su equipo, pero tambi\u00e9n \u201cal gobierno de turno, sea quien sea, esta comisi\u00f3n trabaja sin ninguna bandera pol\u00edtica\u201d, finaliz\u00f3 sumamente emocionada.<\/p>\n","protected":false},"excerpt":{"rendered":"<p>Mar\u00eda Luj\u00e1n Taborda, presidenta de la Asociaci\u00f3n Civil barrial, expres\u00f3 sus emociones tras la noticia de la construcci\u00f3n de las<\/p>\n","protected":false},"author":3,"featured_media":48333,"comment_status":"closed","ping_status":"closed","sticky":false,"template":"","format":"standard","meta":{"_jetpack_memberships_contains_paid_content":false,"footnotes":""},"categories":[5,1],"tags":[],"class_list":["post-48334","post","type-post","status-publish","format-standard","has-post-thumbnail","hentry","category-informacion-general","category-portada"],"jetpack_featured_media_url":"https:\/\/i0.wp.com\/cdnoticias.com\/wp-content\/uploads\/2022\/03\/taborda02-e1646691387914.jpg?fit=889%2C538&ssl=1","jetpack_sharing_enabled":true,"_links":{"self":[{"href":"https:\/\/cdnoticias.com\/index.php\/wp-json\/wp\/v2\/posts\/48334","targetHints":{"allow":["GET"]}}],"collection":[{"href":"https:\/\/cdnoticias.com\/index.php\/wp-json\/wp\/v2\/posts"}],"about":[{"href":"https:\/\/cdnoticias.com\/index.php\/wp-json\/wp\/v2\/types\/post"}],"author":[{"embeddable":true,"href":"https:\/\/cdnoticias.com\/index.php\/wp-json\/wp\/v2\/users\/3"}],"replies":[{"embeddable":true,"href":"https:\/\/cdnoticias.com\/index.php\/wp-json\/wp\/v2\/comments?post=48334"}],"version-history":[{"count":0,"href":"https:\/\/cdnoticias.com\/index.php\/wp-json\/wp\/v2\/posts\/48334\/revisions"}],"wp:featuredmedia":[{"embeddable":true,"href":"https:\/\/cdnoticias.com\/index.php\/wp-json\/wp\/v2\/media\/48333"}],"wp:attachment":[{"href":"https:\/\/cdnoticias.com\/index.php\/wp-json\/wp\/v2\/media?parent=48334"}],"wp:term":[{"taxonomy":"category","embeddable":true,"href":"https:\/\/cdnoticias.com\/index.php\/wp-json\/wp\/v2\/categories?post=48334"},{"taxonomy":"post_tag","embeddable":true,"href":"https:\/\/cdnoticias.com\/index.php\/wp-json\/wp\/v2\/tags?post=48334"}],"curies":[{"name":"wp","href":"https:\/\/api.w.org\/{rel}","templated":true}]}}