{"id":48324,"date":"2022-03-07T18:57:04","date_gmt":"2022-03-07T21:57:04","guid":{"rendered":"https:\/\/www.centraldenoticias.com.ar\/?p=48324"},"modified":"2022-03-07T20:51:03","modified_gmt":"2022-03-07T23:51:03","slug":"educadores-tras-dos-decadas-de-espera-se-terminara-el-barrio","status":"publish","type":"post","link":"https:\/\/cdnoticias.com\/index.php\/2022\/03\/07\/educadores-tras-dos-decadas-de-espera-se-terminara-el-barrio\/","title":{"rendered":"Educadores: Tras dos d\u00e9cadas de espera se terminar\u00e1 el barrio"},"content":{"rendered":"<p>Federico Aguilera anunci\u00f3 la concreci\u00f3n de las 21 viviendas que faltaban construir. La Asociaci\u00f3n Civil del barrio llevar\u00e1 adelante la administraci\u00f3n del dinero para completar la obra.<!--more--><\/p>\n<hr \/>\n<p>Este lunes se llev\u00f3 a cabo una reuni\u00f3n en la Capilla Nuestra Se\u00f1ora del Perpetuo Socorro ubicada en el barrio Educadores, entre el <strong>referente del Frente de Todos, Federico Aguilera y vecinos y vecinas.<\/strong><\/p>\n<p>&nbsp;<\/p>\n<p>En la previa al encuentro, se inform\u00f3 que el objetivo era charlar acerca del barrio y realizar anuncios relacionados con la tem\u00e1tica vivienda luego de una reuni\u00f3n mantenida con el <strong>ministro de H\u00e1bitat y Desarrollo Urbano<\/strong> de la provincia de Buenos Aires, Agust\u00edn Simone.<\/p>\n<p>&nbsp;<\/p>\n<p>En ese sentido, Federico Aguilera anunci\u00f3 que <strong>se concretar\u00e1n las 21 viviendas que faltan construir:<\/strong> \u201cestamos muy contentos porque son 21 viviendas, 21 a\u00f1os de espera para que se pueda culminar con el barrio\u201d.<\/p>\n<p>&nbsp;<\/p>\n<blockquote><p>Explic\u00f3 que \u201cya est\u00e1 habilitada la ejecuci\u00f3n del presupuesto\u201d que es de m\u00e1s de 115 millones de pesos \u201cpara completar de una vez por todas la construcci\u00f3n del barrio\u201d.<\/p><\/blockquote>\n<p>&nbsp;<\/p>\n<p>Ahora, los presidentes de la Asociaci\u00f3n Civil del barrio Educadores firmar\u00e1n el convenio la pr\u00f3xima semana, y a partir de esa firma corre un plazo de un mes y medio para que llegue el primer adelanto y sea<strong> la propia Asociaci\u00f3n la que administre el dinero para empezar la obra.<\/strong><\/p>\n<p>&nbsp;<\/p>\n<p>Resalt\u00f3 que el Ministerio de la Vivienda cuenta con un <strong>nuevo mecanismo de actualizaci\u00f3n de los montos:<\/strong> \u201ccada vez que hay un \u00edndice inflacionario que modifica los costos de las obras, autom\u00e1ticamente se eroga esa diferencia para que no haya que licitar nuevamente\u201d.<\/p>\n<p>&nbsp;<\/p>\n<p><img data-recalc-dims=\"1\" loading=\"lazy\" decoding=\"async\" class=\"aligncenter size-full wp-image-48326\" src=\"https:\/\/i0.wp.com\/cdnoticias.com\/wp-content\/uploads\/2022\/03\/federicoaguilera02.jpg?resize=800%2C525&#038;ssl=1\" alt=\"\" width=\"800\" height=\"525\" srcset=\"https:\/\/i0.wp.com\/cdnoticias.com\/wp-content\/uploads\/2022\/03\/federicoaguilera02.jpg?w=1280&amp;ssl=1 1280w, https:\/\/i0.wp.com\/cdnoticias.com\/wp-content\/uploads\/2022\/03\/federicoaguilera02.jpg?resize=300%2C197&amp;ssl=1 300w, https:\/\/i0.wp.com\/cdnoticias.com\/wp-content\/uploads\/2022\/03\/federicoaguilera02.jpg?resize=1024%2C672&amp;ssl=1 1024w, https:\/\/i0.wp.com\/cdnoticias.com\/wp-content\/uploads\/2022\/03\/federicoaguilera02.jpg?resize=768%2C504&amp;ssl=1 768w\" sizes=\"auto, (max-width: 800px) 100vw, 800px\" \/><\/p>\n<p>&nbsp;<\/p>\n<p>Destac\u00f3 la emoci\u00f3n de los vecinos y vecinas presentes: <strong>\u201cdos d\u00e9cadas esperando esta noticia, imag\u00ednense sostener una comisi\u00f3n durante 20 a\u00f1os esperando que se termine el barrio. Se merec\u00edan una noticia como esta\u201d.<\/strong><\/p>\n<p>&nbsp;<\/p>\n<p>Por otra parte, se\u00f1al\u00f3 que \u201cdesde la provincia de Buenos Aires est\u00e1 el objetivo de construir 10 mil viviendas durante este a\u00f1o y el pr\u00f3ximo.<strong> Olavarr\u00eda est\u00e1 dentro de ese esquema, pero lo que hay que conseguir son terrenos fiscales donde se pueda proyectar la construcci\u00f3n, o acuerdos como el que hicimos reci\u00e9n con el barrio Educadores<\/strong>, sindicatos, asociaciones civiles, diferentes entidades intermedias que tengan terrenos a disposici\u00f3n para llevar adelante el plan de viviendas\u201d.<\/p>\n<p>&nbsp;<\/p>\n<p>Adem\u00e1s, indic\u00f3 que respecto al <strong>barrio ETA en Sierras Bayas<\/strong> \u201cestamos a la espera de que la municipalidad acepte la donaci\u00f3n de la empresa porque hasta el momento sigue figurando en provincia como propiedad de la empresa\u201d.<\/p>\n<p>&nbsp;<\/p>\n<p>&nbsp;<\/p>\n","protected":false},"excerpt":{"rendered":"<p>Federico Aguilera anunci\u00f3 la concreci\u00f3n de las 21 viviendas que faltaban construir. La Asociaci\u00f3n Civil del barrio llevar\u00e1 adelante la<\/p>\n","protected":false},"author":5,"featured_media":48325,"comment_status":"closed","ping_status":"closed","sticky":false,"template":"","format":"standard","meta":{"_jetpack_memberships_contains_paid_content":false,"footnotes":""},"categories":[5,1],"tags":[],"class_list":["post-48324","post","type-post","status-publish","format-standard","has-post-thumbnail","hentry","category-informacion-general","category-portada"],"jetpack_featured_media_url":"https:\/\/i0.wp.com\/cdnoticias.com\/wp-content\/uploads\/2022\/03\/federicoaguilera01.jpg?fit=1280%2C712&ssl=1","jetpack_sharing_enabled":true,"_links":{"self":[{"href":"https:\/\/cdnoticias.com\/index.php\/wp-json\/wp\/v2\/posts\/48324","targetHints":{"allow":["GET"]}}],"collection":[{"href":"https:\/\/cdnoticias.com\/index.php\/wp-json\/wp\/v2\/posts"}],"about":[{"href":"https:\/\/cdnoticias.com\/index.php\/wp-json\/wp\/v2\/types\/post"}],"author":[{"embeddable":true,"href":"https:\/\/cdnoticias.com\/index.php\/wp-json\/wp\/v2\/users\/5"}],"replies":[{"embeddable":true,"href":"https:\/\/cdnoticias.com\/index.php\/wp-json\/wp\/v2\/comments?post=48324"}],"version-history":[{"count":0,"href":"https:\/\/cdnoticias.com\/index.php\/wp-json\/wp\/v2\/posts\/48324\/revisions"}],"wp:featuredmedia":[{"embeddable":true,"href":"https:\/\/cdnoticias.com\/index.php\/wp-json\/wp\/v2\/media\/48325"}],"wp:attachment":[{"href":"https:\/\/cdnoticias.com\/index.php\/wp-json\/wp\/v2\/media?parent=48324"}],"wp:term":[{"taxonomy":"category","embeddable":true,"href":"https:\/\/cdnoticias.com\/index.php\/wp-json\/wp\/v2\/categories?post=48324"},{"taxonomy":"post_tag","embeddable":true,"href":"https:\/\/cdnoticias.com\/index.php\/wp-json\/wp\/v2\/tags?post=48324"}],"curies":[{"name":"wp","href":"https:\/\/api.w.org\/{rel}","templated":true}]}}