{"id":48315,"date":"2022-03-09T08:23:14","date_gmt":"2022-03-09T11:23:14","guid":{"rendered":"https:\/\/www.centraldenoticias.com.ar\/?p=48315"},"modified":"2022-03-09T09:41:43","modified_gmt":"2022-03-09T12:41:43","slug":"declaro-durante-mas-de-dos-horas-el-acusado-por-el-femicidio-de-marcela-gomez","status":"publish","type":"post","link":"https:\/\/cdnoticias.com\/index.php\/2022\/03\/09\/declaro-durante-mas-de-dos-horas-el-acusado-por-el-femicidio-de-marcela-gomez\/","title":{"rendered":"Declar\u00f3 durante m\u00e1s de dos horas el acusado por el femicidio de Marcela G\u00f3mez"},"content":{"rendered":"<p>La indagatoria se concret\u00f3 el mismo domingo y la fiscal\u00eda pidi\u00f3 que se formalice su detenci\u00f3n.<!--more--><\/p>\n<hr \/>\n<p>En las \u00faltimas horas del domingo se concret\u00f3 la audiencia de declaraci\u00f3n indagatoria para el \u00fanico acusado por el crimen de Marcela Antonella G\u00f3mez, la joven que fue asesinada tras un <a href=\"https:\/\/cdnoticias.com\/index.php\/2022\/03\/06\/un-hombre-asesino-a-su-ex-cunada-durante-la-madrugada-de-este-domingo\/\" target=\"_blank\" rel=\"noopener\">violento episodio que se registr\u00f3 el \u00faltimo fin de semana en una vivienda ubicada sobre calle 11 al 3400<\/a>.<\/p>\n<p>&nbsp;<\/p>\n<p>Si bien no trascendieron detalles del contenido de su declaraci\u00f3n, logr\u00f3 conocerse que la misma<strong> se prolong\u00f3 por alrededor de dos horas en las que el hombre de 37 a\u00f1os brind\u00f3 su versi\u00f3n de los hechos<\/strong> y se someti\u00f3 a las preguntas de la fiscal Viviana Beyt\u00eda y su equipo de trabajo de la UFI 5.<\/p>\n<p>&nbsp;<\/p>\n<p>La ocasi\u00f3n sirvi\u00f3 adem\u00e1s para notificarlo de las actuaciones en su contra e imputarlo formalmente por <strong>\u201cfemicidio\u201d, figura que se encuentra contemplado en el inciso 11 del art\u00edculo 80 del C\u00f3digo Penal y contempla penas de hasta reclusi\u00f3n perpetua.<\/strong><\/p>\n<p>&nbsp;<\/p>\n<p><img data-recalc-dims=\"1\" loading=\"lazy\" decoding=\"async\" class=\"alignnone size-full wp-image-42279\" src=\"https:\/\/i0.wp.com\/cdnoticias.com\/wp-content\/uploads\/2021\/12\/UFI-5-fiscal%C3%ADa-g%C3%A9nero.jpg?resize=800%2C445&#038;ssl=1\" alt=\"\" width=\"800\" height=\"445\" srcset=\"https:\/\/i0.wp.com\/cdnoticias.com\/wp-content\/uploads\/2021\/12\/UFI-5-fiscal%C3%ADa-g%C3%A9nero.jpg?w=800&amp;ssl=1 800w, https:\/\/i0.wp.com\/cdnoticias.com\/wp-content\/uploads\/2021\/12\/UFI-5-fiscal%C3%ADa-g%C3%A9nero.jpg?resize=300%2C167&amp;ssl=1 300w, https:\/\/i0.wp.com\/cdnoticias.com\/wp-content\/uploads\/2021\/12\/UFI-5-fiscal%C3%ADa-g%C3%A9nero.jpg?resize=768%2C427&amp;ssl=1 768w\" sizes=\"auto, (max-width: 800px) 100vw, 800px\" \/><\/p>\n<p>&nbsp;<\/p>\n<p>Una vez culminada la audiencia la fiscal Viviana Beyt\u00eda elev\u00f3 ante el Juzgado de Garant\u00edas local N\u00b0 1, de la doctora Fabiana San Rom\u00e1n, el <strong>planteo para convertir en detenci\u00f3n la aprehensi\u00f3n que recae sobre el hombre<\/strong>, quien permanece alojado provisoriamente en la comisar\u00eda Primera.<\/p>\n<p>&nbsp;<\/p>\n<p>En lo que a la investigaci\u00f3n en s\u00ed refiere, Central de Noticias logr\u00f3 conocer que desde la UFI 5 ya fueron<strong> requeridas varias medidas de prueba, algunas de ellas vinculadas por ejemplo con la que se presume que fue el arma homicida<\/strong>, la cual fue recogida de la escena y se configura en una de las principales evidencias. Se requiri\u00f3 una pericia bal\u00edstica -concepto que aplica a todas las armas, sean o no de fuego- y tambi\u00e9n cotejos de ADN.<\/p>\n<p>&nbsp;<\/p>\n<p>Asimismo, tambi\u00e9n fueron solicitadas otras pericias qu\u00edmicas complementarias, planim\u00e9tricas y la <strong>convocatoria a numerosas declaraciones testimoniales que se har\u00e1n efectivas en los pr\u00f3ximos d\u00edas.<\/strong><\/p>\n<p>&nbsp;<\/p>\n<p><img data-recalc-dims=\"1\" loading=\"lazy\" decoding=\"async\" class=\"alignnone size-large wp-image-48248\" src=\"https:\/\/i0.wp.com\/cdnoticias.com\/wp-content\/uploads\/2022\/03\/WhatsApp-Image-2022-03-06-at-19.48.02.jpeg?resize=800%2C600&#038;ssl=1\" alt=\"\" width=\"800\" height=\"600\" srcset=\"https:\/\/i0.wp.com\/cdnoticias.com\/wp-content\/uploads\/2022\/03\/WhatsApp-Image-2022-03-06-at-19.48.02.jpeg?resize=1024%2C768&amp;ssl=1 1024w, https:\/\/i0.wp.com\/cdnoticias.com\/wp-content\/uploads\/2022\/03\/WhatsApp-Image-2022-03-06-at-19.48.02.jpeg?resize=300%2C225&amp;ssl=1 300w, https:\/\/i0.wp.com\/cdnoticias.com\/wp-content\/uploads\/2022\/03\/WhatsApp-Image-2022-03-06-at-19.48.02.jpeg?resize=768%2C576&amp;ssl=1 768w, https:\/\/i0.wp.com\/cdnoticias.com\/wp-content\/uploads\/2022\/03\/WhatsApp-Image-2022-03-06-at-19.48.02.jpeg?resize=1536%2C1152&amp;ssl=1 1536w, https:\/\/i0.wp.com\/cdnoticias.com\/wp-content\/uploads\/2022\/03\/WhatsApp-Image-2022-03-06-at-19.48.02.jpeg?w=1600&amp;ssl=1 1600w\" sizes=\"auto, (max-width: 800px) 100vw, 800px\" \/><\/p>\n<p>&nbsp;<\/p>\n<p>Por \u00faltimo, como trascendi\u00f3 en las <a href=\"https:\/\/cdnoticias.com\/index.php\/2022\/03\/06\/con-un-profundo-dolor-y-deseo-de-justicia-agrupaciones-marcharon-por-marcela-antonella-gomez\/\" target=\"_blank\" rel=\"noopener\">movilizaciones producidas el domingo por la tarde a ra\u00edz del caso<\/a>, las fuentes consultadas por este portal confirmaron que el acusado ya tiene <strong>varias causas en su contra por delitos de violencia de g\u00e9nero, al punto que se encuentra procesado por un episodio de estas caracter\u00edsticas que en septiembre va a tener su instancia de juicio.<\/strong><\/p>\n<p>&nbsp;<\/p>\n<p>Como se ha narrado en reiteradas ocasiones, los delitos de violencia de g\u00e9nero en su mayor\u00eda est\u00e1n tipificados en figuras excarcelables y es solo partir de enmarcarlos en un contexto -precisamente- de violencia de g\u00e9nero es que pueden lograrse medidas de coerci\u00f3n tales como aprehensiones o detenciones. En este caso en particular se refiri\u00f3 que <strong>el hombre fue capturado en varias ocasiones pero luego excarcelado y se le lleg\u00f3 inclusive a revocar excarcelaciones.<\/strong><\/p>\n","protected":false},"excerpt":{"rendered":"<p>La indagatoria se concret\u00f3 el mismo domingo y la fiscal\u00eda pidi\u00f3 que se formalice su detenci\u00f3n.<\/p>\n","protected":false},"author":3,"featured_media":42280,"comment_status":"closed","ping_status":"closed","sticky":false,"template":"","format":"standard","meta":{"_jetpack_memberships_contains_paid_content":false,"footnotes":""},"categories":[14,1],"tags":[],"class_list":["post-48315","post","type-post","status-publish","format-standard","has-post-thumbnail","hentry","category-policiales","category-portada"],"jetpack_featured_media_url":"https:\/\/i0.wp.com\/cdnoticias.com\/wp-content\/uploads\/2021\/12\/fiscalia01.jpg?fit=800%2C445&ssl=1","jetpack_sharing_enabled":true,"_links":{"self":[{"href":"https:\/\/cdnoticias.com\/index.php\/wp-json\/wp\/v2\/posts\/48315","targetHints":{"allow":["GET"]}}],"collection":[{"href":"https:\/\/cdnoticias.com\/index.php\/wp-json\/wp\/v2\/posts"}],"about":[{"href":"https:\/\/cdnoticias.com\/index.php\/wp-json\/wp\/v2\/types\/post"}],"author":[{"embeddable":true,"href":"https:\/\/cdnoticias.com\/index.php\/wp-json\/wp\/v2\/users\/3"}],"replies":[{"embeddable":true,"href":"https:\/\/cdnoticias.com\/index.php\/wp-json\/wp\/v2\/comments?post=48315"}],"version-history":[{"count":0,"href":"https:\/\/cdnoticias.com\/index.php\/wp-json\/wp\/v2\/posts\/48315\/revisions"}],"wp:featuredmedia":[{"embeddable":true,"href":"https:\/\/cdnoticias.com\/index.php\/wp-json\/wp\/v2\/media\/42280"}],"wp:attachment":[{"href":"https:\/\/cdnoticias.com\/index.php\/wp-json\/wp\/v2\/media?parent=48315"}],"wp:term":[{"taxonomy":"category","embeddable":true,"href":"https:\/\/cdnoticias.com\/index.php\/wp-json\/wp\/v2\/categories?post=48315"},{"taxonomy":"post_tag","embeddable":true,"href":"https:\/\/cdnoticias.com\/index.php\/wp-json\/wp\/v2\/tags?post=48315"}],"curies":[{"name":"wp","href":"https:\/\/api.w.org\/{rel}","templated":true}]}}