{"id":48309,"date":"2022-03-07T16:17:36","date_gmt":"2022-03-07T19:17:36","guid":{"rendered":"https:\/\/www.centraldenoticias.com.ar\/?p=48309"},"modified":"2022-03-07T16:17:36","modified_gmt":"2022-03-07T19:17:36","slug":"en-vivo-manzur-y-guzman-exponen-en-diputados-el-acuerdo-con-el-fmi","status":"publish","type":"post","link":"https:\/\/cdnoticias.com\/index.php\/2022\/03\/07\/en-vivo-manzur-y-guzman-exponen-en-diputados-el-acuerdo-con-el-fmi\/","title":{"rendered":"En Vivo: Manzur y Guzm\u00e1n exponen  en Diputados el acuerdo con el FMI"},"content":{"rendered":"<p>El Jefe de Gabinete y el Ministro de Econom\u00eda tomar\u00e1n parte de una reuni\u00f3n de comisi\u00f3n. Segu\u00ed las alternativas en vivo.<!--more--><\/p>\n<hr \/>\n<p>Se lleva a cabo en la C\u00e1mara de Diputados de la Naci\u00f3n una reuni\u00f3n de la comisi\u00f3n de Presupuesto y Hacienda, en la que<strong> exponen, entre otros, el Jefe de Gabinete de Ministros, Juan Luis Manzur y el Ministro de Econom\u00eda, Mart\u00edn Guzm\u00e1n<\/strong> sobre el proyecto de Ley que propicia la aprobaci\u00f3n del Programa de Facilidades Extendidas arribado con el <strong>Fondo Monetario Internacional (FMI).<\/strong><\/p>\n<p>&nbsp;<\/p>\n<blockquote><p>Tambi\u00e9n est\u00e1n presentes el Secretario de Hacienda, Ra\u00fal Rigo; el Representante ante el FMI, Sergio Chodos; y el Presidente del Banco Central, Miguel \u00c1ngel Pesce.<\/p><\/blockquote>\n<p>&nbsp;<\/p>\n<p>El Programa est\u00e1 conformado por el \u201cMemorando de Pol\u00edticas Econ\u00f3micas y Financieras\u201d y el \u201cMemorando T\u00e9cnico de Entendimiento\u201d, que como Anexos forman parte integrante de la norma propuesta.<\/p>\n<p>&nbsp;<\/p>\n<div class=\"jetpack-video-wrapper\"><iframe loading=\"lazy\" title=\"COMISI\u00d3N EN VIVO: H. C\u00e1mara de Diputados de la Naci\u00f3n - 7 de marzo de 2022\" width=\"800\" height=\"600\" src=\"https:\/\/www.youtube.com\/embed\/pED0FARCYGU?feature=oembed\" frameborder=\"0\" allow=\"accelerometer; autoplay; clipboard-write; encrypted-media; gyroscope; picture-in-picture\" allowfullscreen><\/iframe><\/div>\n","protected":false},"excerpt":{"rendered":"<p>El Jefe de Gabinete y el Ministro de Econom\u00eda tomar\u00e1n parte de una reuni\u00f3n de comisi\u00f3n. Segu\u00ed las alternativas en<\/p>\n","protected":false},"author":3,"featured_media":48310,"comment_status":"closed","ping_status":"closed","sticky":false,"template":"","format":"standard","meta":{"_jetpack_memberships_contains_paid_content":false,"footnotes":""},"categories":[4,1],"tags":[],"class_list":["post-48309","post","type-post","status-publish","format-standard","has-post-thumbnail","hentry","category-politica","category-portada"],"jetpack_featured_media_url":"https:\/\/i0.wp.com\/cdnoticias.com\/wp-content\/uploads\/2022\/03\/guzman.jpg?fit=800%2C445&ssl=1","jetpack_sharing_enabled":true,"_links":{"self":[{"href":"https:\/\/cdnoticias.com\/index.php\/wp-json\/wp\/v2\/posts\/48309","targetHints":{"allow":["GET"]}}],"collection":[{"href":"https:\/\/cdnoticias.com\/index.php\/wp-json\/wp\/v2\/posts"}],"about":[{"href":"https:\/\/cdnoticias.com\/index.php\/wp-json\/wp\/v2\/types\/post"}],"author":[{"embeddable":true,"href":"https:\/\/cdnoticias.com\/index.php\/wp-json\/wp\/v2\/users\/3"}],"replies":[{"embeddable":true,"href":"https:\/\/cdnoticias.com\/index.php\/wp-json\/wp\/v2\/comments?post=48309"}],"version-history":[{"count":0,"href":"https:\/\/cdnoticias.com\/index.php\/wp-json\/wp\/v2\/posts\/48309\/revisions"}],"wp:featuredmedia":[{"embeddable":true,"href":"https:\/\/cdnoticias.com\/index.php\/wp-json\/wp\/v2\/media\/48310"}],"wp:attachment":[{"href":"https:\/\/cdnoticias.com\/index.php\/wp-json\/wp\/v2\/media?parent=48309"}],"wp:term":[{"taxonomy":"category","embeddable":true,"href":"https:\/\/cdnoticias.com\/index.php\/wp-json\/wp\/v2\/categories?post=48309"},{"taxonomy":"post_tag","embeddable":true,"href":"https:\/\/cdnoticias.com\/index.php\/wp-json\/wp\/v2\/tags?post=48309"}],"curies":[{"name":"wp","href":"https:\/\/api.w.org\/{rel}","templated":true}]}}