{"id":4830,"date":"2020-10-25T09:15:12","date_gmt":"2020-10-25T12:15:12","guid":{"rendered":"http:\/\/www.centraldenoticias.com.ar\/?p=4830"},"modified":"2020-10-25T09:15:12","modified_gmt":"2020-10-25T12:15:12","slug":"jose-waldemar-cian-pepe-q-e-p-d","status":"publish","type":"post","link":"https:\/\/cdnoticias.com\/index.php\/2020\/10\/25\/jose-waldemar-cian-pepe-q-e-p-d\/","title":{"rendered":"Jos\u00e9 Waldemar Cian \u201cPepe\u201d (Q.E.P.D.)"},"content":{"rendered":"<p>Falleci\u00f3 en Olavarr\u00eda el d\u00eda 25 de octubre de 2020 a los 81 a\u00f1os de edad. Su esposa Silvia; sus hijos Mariano, Lorenzo, Floriza y Natalia; su hija pol\u00edtica Daiana; sus nietos: Ciro, Valent\u00edn, Julieta, \u00c1lvaro, Lautaro, Franco y dem\u00e1s deudos participan su fallecimiento.<\/p>\n<p>No se realiza velatorio ni responso. Inhumaci\u00f3n: cementerio Loma de Paz el domingo 25\/10 a las 9:30. Servicio adherido a Coopelectric.<\/p>\n<p>Vecino del barrio Luj\u00e1n. Nacido en Olavarr\u00eda. Panadero jubilado.<\/p>\n","protected":false},"excerpt":{"rendered":"<p>Falleci\u00f3 en Olavarr\u00eda el d\u00eda 25 de octubre de 2020 a los 81 a\u00f1os de edad. Su esposa Silvia; sus<\/p>\n","protected":false},"author":4,"featured_media":0,"comment_status":"closed","ping_status":"closed","sticky":false,"template":"","format":"standard","meta":{"_jetpack_memberships_contains_paid_content":false,"footnotes":""},"categories":[10],"tags":[],"class_list":["post-4830","post","type-post","status-publish","format-standard","hentry","category-necrologicas"],"jetpack_featured_media_url":"","jetpack_sharing_enabled":true,"_links":{"self":[{"href":"https:\/\/cdnoticias.com\/index.php\/wp-json\/wp\/v2\/posts\/4830","targetHints":{"allow":["GET"]}}],"collection":[{"href":"https:\/\/cdnoticias.com\/index.php\/wp-json\/wp\/v2\/posts"}],"about":[{"href":"https:\/\/cdnoticias.com\/index.php\/wp-json\/wp\/v2\/types\/post"}],"author":[{"embeddable":true,"href":"https:\/\/cdnoticias.com\/index.php\/wp-json\/wp\/v2\/users\/4"}],"replies":[{"embeddable":true,"href":"https:\/\/cdnoticias.com\/index.php\/wp-json\/wp\/v2\/comments?post=4830"}],"version-history":[{"count":0,"href":"https:\/\/cdnoticias.com\/index.php\/wp-json\/wp\/v2\/posts\/4830\/revisions"}],"wp:attachment":[{"href":"https:\/\/cdnoticias.com\/index.php\/wp-json\/wp\/v2\/media?parent=4830"}],"wp:term":[{"taxonomy":"category","embeddable":true,"href":"https:\/\/cdnoticias.com\/index.php\/wp-json\/wp\/v2\/categories?post=4830"},{"taxonomy":"post_tag","embeddable":true,"href":"https:\/\/cdnoticias.com\/index.php\/wp-json\/wp\/v2\/tags?post=4830"}],"curies":[{"name":"wp","href":"https:\/\/api.w.org\/{rel}","templated":true}]}}