{"id":48290,"date":"2022-03-09T08:30:58","date_gmt":"2022-03-09T11:30:58","guid":{"rendered":"https:\/\/www.centraldenoticias.com.ar\/?p=48290"},"modified":"2022-03-09T08:30:58","modified_gmt":"2022-03-09T11:30:58","slug":"impuesto-automotores-2022-el-primer-vencimiento-sera-en-abril-en-el-municipio","status":"publish","type":"post","link":"https:\/\/cdnoticias.com\/index.php\/2022\/03\/09\/impuesto-automotores-2022-el-primer-vencimiento-sera-en-abril-en-el-municipio\/","title":{"rendered":"Impuesto Automotores 2022: el primer vencimiento ser\u00e1 en abril en el Municipio"},"content":{"rendered":"<p>La Municipalidad inform\u00f3 que este lunes ha recibido por parte de ARBA la informaci\u00f3n de los veh\u00edculos modelo 2011 que se municipalizan este a\u00f1o. El calendario de pagos.<!--more--><\/p>\n<hr \/>\n<p>La Municipalidad inform\u00f3 que<strong> este lunes ha recibido por parte de ARBA la informaci\u00f3n de los veh\u00edculos modelo 2011 que se municipalizan este a\u00f1o<\/strong>.<\/p>\n<p>&nbsp;<\/p>\n<p>En este sentido, desde la Direcci\u00f3n de Rentas se detall\u00f3 que <strong>trabaja en el proceso de liquidaci\u00f3n de la primera cuota, cuyo vencimiento opera el d\u00eda 11 de abril<\/strong>.<\/p>\n<p>&nbsp;<\/p>\n<p>A partir de este a\u00f1o, el cobro del Impuesto a los Automotores se realizar\u00e1 en 5 cuotas, seg\u00fan el siguiente <strong>calendario fiscal<\/strong>:<\/p>\n<p>&nbsp;<\/p>\n<ul>\n<li>Cuota 1: 11 de abril de 2022<\/li>\n<li>Cuota 2: 10 de junio de 2022<\/li>\n<li>Cuota 3: 10 de agosto de 2022<\/li>\n<li>Cuota 4: 10 de octubre de 2022<\/li>\n<li>Cuota 5: 12 de diciembre de 2022<\/li>\n<\/ul>\n<p>&nbsp;<\/p>\n<p>Se destac\u00f3 adem\u00e1s que <strong>el contribuyente podr\u00e1 optar por el pago anual, accediendo a un descuento del 10%<\/strong>, teniendo como \u00fanico vencimiento el d\u00eda 11 de abril.<\/p>\n","protected":false},"excerpt":{"rendered":"<p>La Municipalidad inform\u00f3 que este lunes ha recibido por parte de ARBA la informaci\u00f3n de los veh\u00edculos modelo 2011 que<\/p>\n","protected":false},"author":4,"featured_media":39511,"comment_status":"closed","ping_status":"closed","sticky":false,"template":"","format":"standard","meta":{"_jetpack_memberships_contains_paid_content":false,"footnotes":""},"categories":[5,1],"tags":[],"class_list":["post-48290","post","type-post","status-publish","format-standard","has-post-thumbnail","hentry","category-informacion-general","category-portada"],"jetpack_featured_media_url":"https:\/\/i0.wp.com\/cdnoticias.com\/wp-content\/uploads\/2021\/11\/municipalidad-palacio-san-martin-3.jpg?fit=800%2C445&ssl=1","jetpack_sharing_enabled":true,"_links":{"self":[{"href":"https:\/\/cdnoticias.com\/index.php\/wp-json\/wp\/v2\/posts\/48290","targetHints":{"allow":["GET"]}}],"collection":[{"href":"https:\/\/cdnoticias.com\/index.php\/wp-json\/wp\/v2\/posts"}],"about":[{"href":"https:\/\/cdnoticias.com\/index.php\/wp-json\/wp\/v2\/types\/post"}],"author":[{"embeddable":true,"href":"https:\/\/cdnoticias.com\/index.php\/wp-json\/wp\/v2\/users\/4"}],"replies":[{"embeddable":true,"href":"https:\/\/cdnoticias.com\/index.php\/wp-json\/wp\/v2\/comments?post=48290"}],"version-history":[{"count":0,"href":"https:\/\/cdnoticias.com\/index.php\/wp-json\/wp\/v2\/posts\/48290\/revisions"}],"wp:featuredmedia":[{"embeddable":true,"href":"https:\/\/cdnoticias.com\/index.php\/wp-json\/wp\/v2\/media\/39511"}],"wp:attachment":[{"href":"https:\/\/cdnoticias.com\/index.php\/wp-json\/wp\/v2\/media?parent=48290"}],"wp:term":[{"taxonomy":"category","embeddable":true,"href":"https:\/\/cdnoticias.com\/index.php\/wp-json\/wp\/v2\/categories?post=48290"},{"taxonomy":"post_tag","embeddable":true,"href":"https:\/\/cdnoticias.com\/index.php\/wp-json\/wp\/v2\/tags?post=48290"}],"curies":[{"name":"wp","href":"https:\/\/api.w.org\/{rel}","templated":true}]}}