{"id":48286,"date":"2022-03-07T11:57:52","date_gmt":"2022-03-07T14:57:52","guid":{"rendered":"https:\/\/www.centraldenoticias.com.ar\/?p=48286"},"modified":"2022-03-07T13:19:50","modified_gmt":"2022-03-07T16:19:50","slug":"expectativa-por-el-anuncio-de-federico-aguilera-en-barrio-educadores","status":"publish","type":"post","link":"https:\/\/cdnoticias.com\/index.php\/2022\/03\/07\/expectativa-por-el-anuncio-de-federico-aguilera-en-barrio-educadores\/","title":{"rendered":"Expectativa por el anuncio de Federico Aguilera en barrio Educadores"},"content":{"rendered":"<p>Este lunes fue convocada una reuni\u00f3n con los vecinos del sector y se adelant\u00f3 que habr\u00e1 \u201canuncios relacionados con la tem\u00e1tica vivienda\u201d. Reuni\u00f3n con el ministro Agust\u00edn Simone.<!--more--><\/p>\n<hr \/>\n<p><strong>El referente del Frente de Todos, Federico Aguilera, mantuvo un encuentro con el ministro de H\u00e1bitat y Desarrollo Urbano de la provincia de Buenos Aires, Agust\u00edn Simone<\/strong>. La reuni\u00f3n se dio la semana pasada en La Plata y, en ese marco, para este lunes el dirigente local mantendr\u00e1 una reuni\u00f3n con vecinos del barrio Educadores.<\/p>\n<p>&nbsp;<\/p>\n<p>El ministro Simone dio a conocer a trav\u00e9s de sus redes sociales la reuni\u00f3n. <strong>\u201cSeguimos planificamos proyectos para la construcci\u00f3n de nuevas viviendas para las y los vecinos de Olavarr\u00eda\u201d<\/strong> expuso tras el encuentro en el que tambi\u00e9n estuvo Diego Men\u00e9ndez, administrador del Instituto de la Vivienda de la provincia.<\/p>\n<p>&nbsp;<\/p>\n<p><img data-recalc-dims=\"1\" loading=\"lazy\" decoding=\"async\" class=\"size-full wp-image-48288 aligncenter\" src=\"https:\/\/i0.wp.com\/cdnoticias.com\/wp-content\/uploads\/2022\/03\/aguilera-simone-01.jpg?resize=800%2C445&#038;ssl=1\" alt=\"\" width=\"800\" height=\"445\" srcset=\"https:\/\/i0.wp.com\/cdnoticias.com\/wp-content\/uploads\/2022\/03\/aguilera-simone-01.jpg?w=800&amp;ssl=1 800w, https:\/\/i0.wp.com\/cdnoticias.com\/wp-content\/uploads\/2022\/03\/aguilera-simone-01.jpg?resize=300%2C167&amp;ssl=1 300w, https:\/\/i0.wp.com\/cdnoticias.com\/wp-content\/uploads\/2022\/03\/aguilera-simone-01.jpg?resize=768%2C427&amp;ssl=1 768w\" sizes=\"auto, (max-width: 800px) 100vw, 800px\" \/><\/p>\n<p>&nbsp;<\/p>\n<blockquote><p>\u201cNos encontramos para reforzar el primer plan de construcci\u00f3n de viviendas llevado a cabo entre los a\u00f1os 2020 y 2021, para garantizar el acceso a la vivienda de todos los y las bonaerenses\u201d agreg\u00f3 Simone.<\/p><\/blockquote>\n<p>&nbsp;<\/p>\n<p>En tanto, desde el Frente de Todos de Olavarr\u00eda se inform\u00f3 que <strong>este lunes desde las 18 Federico Aguilera mantendr\u00e1 una reuni\u00f3n con vecinos y vecinas del barrio Educadores<\/strong> en la plazoleta Jos\u00e9 Luis Alonso, de Cort\u00e9s y calle 107 Bis.<\/p>\n<p>&nbsp;<\/p>\n<p>El objetivo del encuentro ser\u00e1 <strong>\u201ccharlar acerca del barrio y tambi\u00e9n realizar\u00e1 anuncios relacionados con la tem\u00e1tica vivienda luego de la reuni\u00f3n que mantuvo con Agust\u00edn Simone\u201d<\/strong> se indic\u00f3.<\/p>\n<p>&nbsp;<\/p>\n<blockquote class=\"twitter-tweet\">\n<p dir=\"ltr\" lang=\"es\">Junto a <a href=\"https:\/\/twitter.com\/FedericoAguile5?ref_src=twsrc%5Etfw\">@FedericoAguile5<\/a>, referente del partido, y Diego Men\u00e9ndez, administrador del IVBA nos encontramos para reforzar el primer plan de construcci\u00f3n de viviendas llevado a cabo entre los a\u00f1os 2020 y 2021, para garantizar el acceso a la vivienda de todos los y las bonaerenses. <a href=\"https:\/\/t.co\/klL5ZsA94b\">pic.twitter.com\/klL5ZsA94b<\/a><\/p>\n<p>\u2014 agussimone (@agussimone) <a href=\"https:\/\/twitter.com\/agussimone\/status\/1499724353960878086?ref_src=twsrc%5Etfw\">March 4, 2022<\/a><\/p><\/blockquote>\n<p><script async src=\"https:\/\/platform.twitter.com\/widgets.js\" charset=\"utf-8\"><\/script><\/p>\n<p>&nbsp;<\/p>\n<p><strong>El proyecto del barrio Educadores se inici\u00f3 en el a\u00f1o 2009<\/strong>. La planificaci\u00f3n original prev\u00e9 146 viviendas de las cuales ya fueron entregadas 125. La \u00faltima entrega de llaves se dio en los primeros meses de 2018, y en ese momento se inform\u00f3 que las restantes 21 unidades estaban en ejecuci\u00f3n.<\/p>\n<p>&nbsp;<\/p>\n<p>En junio del a\u00f1o pasado, <a href=\"https:\/\/cdnoticias.com\/index.php\/2021\/06\/27\/vecinos-del-barrio-educadores-reclamaron-por-la-falta-de-finalizacion-de-21-viviendas\/\" target=\"_blank\" rel=\"noopener\">mediante una dura carta dirigida al administrador del Instituto Provincial de la Vivienda<\/a> -en aquel momento era Miguel Oroz-, <strong>la Asociaci\u00f3n Civil Barrio Educadores de Olavarr\u00eda reclam\u00f3 por la falta de finalizaci\u00f3n de esas viviendas<\/strong>. Denunciaron la falta de respuestas por parte del Municipio y la Provincia.<\/p>\n<p>&nbsp;<\/p>\n<blockquote><p>En la carta se busc\u00f3 \u201ctransmitirle la desaz\u00f3n, la incredulidad y el enojo que sienten con el IPV la entidad y los pre adjudicatarios de las 21 viviendas que faltan construir en este barrio de Educadores de Olavarr\u00eda\u201d.<\/p><\/blockquote>\n","protected":false},"excerpt":{"rendered":"<p>Este lunes fue convocada una reuni\u00f3n con los vecinos del sector y se adelant\u00f3 que habr\u00e1 \u201canuncios relacionados con la<\/p>\n","protected":false},"author":4,"featured_media":48287,"comment_status":"closed","ping_status":"closed","sticky":false,"template":"","format":"standard","meta":{"_jetpack_memberships_contains_paid_content":false,"footnotes":""},"categories":[4,1],"tags":[],"class_list":["post-48286","post","type-post","status-publish","format-standard","has-post-thumbnail","hentry","category-politica","category-portada"],"jetpack_featured_media_url":"https:\/\/i0.wp.com\/cdnoticias.com\/wp-content\/uploads\/2022\/03\/aguilera-simone-00.jpg?fit=800%2C445&ssl=1","jetpack_sharing_enabled":true,"_links":{"self":[{"href":"https:\/\/cdnoticias.com\/index.php\/wp-json\/wp\/v2\/posts\/48286","targetHints":{"allow":["GET"]}}],"collection":[{"href":"https:\/\/cdnoticias.com\/index.php\/wp-json\/wp\/v2\/posts"}],"about":[{"href":"https:\/\/cdnoticias.com\/index.php\/wp-json\/wp\/v2\/types\/post"}],"author":[{"embeddable":true,"href":"https:\/\/cdnoticias.com\/index.php\/wp-json\/wp\/v2\/users\/4"}],"replies":[{"embeddable":true,"href":"https:\/\/cdnoticias.com\/index.php\/wp-json\/wp\/v2\/comments?post=48286"}],"version-history":[{"count":0,"href":"https:\/\/cdnoticias.com\/index.php\/wp-json\/wp\/v2\/posts\/48286\/revisions"}],"wp:featuredmedia":[{"embeddable":true,"href":"https:\/\/cdnoticias.com\/index.php\/wp-json\/wp\/v2\/media\/48287"}],"wp:attachment":[{"href":"https:\/\/cdnoticias.com\/index.php\/wp-json\/wp\/v2\/media?parent=48286"}],"wp:term":[{"taxonomy":"category","embeddable":true,"href":"https:\/\/cdnoticias.com\/index.php\/wp-json\/wp\/v2\/categories?post=48286"},{"taxonomy":"post_tag","embeddable":true,"href":"https:\/\/cdnoticias.com\/index.php\/wp-json\/wp\/v2\/tags?post=48286"}],"curies":[{"name":"wp","href":"https:\/\/api.w.org\/{rel}","templated":true}]}}