{"id":48266,"date":"2022-03-07T07:45:41","date_gmt":"2022-03-07T10:45:41","guid":{"rendered":"https:\/\/www.centraldenoticias.com.ar\/?p=48266"},"modified":"2022-03-07T07:45:41","modified_gmt":"2022-03-07T10:45:41","slug":"marcela-antonella-gomez-barrera-pichu-q-e-p-d","status":"publish","type":"post","link":"https:\/\/cdnoticias.com\/index.php\/2022\/03\/07\/marcela-antonella-gomez-barrera-pichu-q-e-p-d\/","title":{"rendered":"Marcela Antonella Gomez Barrera &#8220;Pichu&#8221; (Q.E.P.D.)"},"content":{"rendered":"<p>&nbsp;<\/p>\n<p>Falleci\u00f3 en Olavarr\u00eda el d\u00eda 6 marzo de 2022 a los 18 a\u00f1os de edad.<\/p>\n<p>&nbsp;<\/p>\n<p>Velatorio: Espa\u00f1a 2942 Sala &#8220;A&#8221;, comienza a las 5:30. Responso: Capilla Ardiente. Inhumaci\u00f3n: Loma de Paz, lunes 7 de marzo a las 9:30.<\/p>\n<p>&nbsp;<\/p>\n<p>Barrio en el que viv\u00eda: 12 de Octubre.<\/p>\n<p>&nbsp;<\/p>\n<p>Lugar de nacimiento: Azul.<\/p>\n<p>&nbsp;<\/p>\n<p>Actividad que desarrollaba: Empleada.<\/p>\n","protected":false},"excerpt":{"rendered":"<p>&nbsp; Falleci\u00f3 en Olavarr\u00eda el d\u00eda 6 marzo de 2022 a los 18 a\u00f1os de edad. &nbsp; Velatorio: Espa\u00f1a 2942<\/p>\n","protected":false},"author":4,"featured_media":0,"comment_status":"closed","ping_status":"closed","sticky":false,"template":"","format":"standard","meta":{"_jetpack_memberships_contains_paid_content":false,"footnotes":""},"categories":[10],"tags":[],"class_list":["post-48266","post","type-post","status-publish","format-standard","hentry","category-necrologicas"],"jetpack_featured_media_url":"","jetpack_sharing_enabled":true,"_links":{"self":[{"href":"https:\/\/cdnoticias.com\/index.php\/wp-json\/wp\/v2\/posts\/48266","targetHints":{"allow":["GET"]}}],"collection":[{"href":"https:\/\/cdnoticias.com\/index.php\/wp-json\/wp\/v2\/posts"}],"about":[{"href":"https:\/\/cdnoticias.com\/index.php\/wp-json\/wp\/v2\/types\/post"}],"author":[{"embeddable":true,"href":"https:\/\/cdnoticias.com\/index.php\/wp-json\/wp\/v2\/users\/4"}],"replies":[{"embeddable":true,"href":"https:\/\/cdnoticias.com\/index.php\/wp-json\/wp\/v2\/comments?post=48266"}],"version-history":[{"count":0,"href":"https:\/\/cdnoticias.com\/index.php\/wp-json\/wp\/v2\/posts\/48266\/revisions"}],"wp:attachment":[{"href":"https:\/\/cdnoticias.com\/index.php\/wp-json\/wp\/v2\/media?parent=48266"}],"wp:term":[{"taxonomy":"category","embeddable":true,"href":"https:\/\/cdnoticias.com\/index.php\/wp-json\/wp\/v2\/categories?post=48266"},{"taxonomy":"post_tag","embeddable":true,"href":"https:\/\/cdnoticias.com\/index.php\/wp-json\/wp\/v2\/tags?post=48266"}],"curies":[{"name":"wp","href":"https:\/\/api.w.org\/{rel}","templated":true}]}}