{"id":48258,"date":"2022-03-06T21:20:28","date_gmt":"2022-03-07T00:20:28","guid":{"rendered":"https:\/\/www.centraldenoticias.com.ar\/?p=48258"},"modified":"2022-03-06T21:20:28","modified_gmt":"2022-03-07T00:20:28","slug":"micaela-demetria-villegas-diaz-viuda-de-alzugaray-mica-q-e-p-d","status":"publish","type":"post","link":"https:\/\/cdnoticias.com\/index.php\/2022\/03\/06\/micaela-demetria-villegas-diaz-viuda-de-alzugaray-mica-q-e-p-d\/","title":{"rendered":"Micaela Demetria Villegas Diaz viuda de Alzugaray &#8220;Mica&#8221; (Q.E.P.D.)"},"content":{"rendered":"<p>Falleci\u00f3 en Olavarr\u00eda el 6 de marzo de 2022 a los 92 a\u00f1os. Sus hijas Eva Esther y Mar\u00eda del Carmen; su hijo pol\u00edtico Francisco Alberto \u00c1valos; sus nietos H\u00e9ctor Hugo Bayerque y Mar\u00eda Edith Rossi; su nieta pol\u00edtica Alejandra Hadad; sus bisnietos Facundo y Nicol\u00e1s Bayerque, Leandro P\u00e9rez Rossi y dem\u00e1s deudos participan su fallecimiento.<\/p>\n<p>&nbsp;<\/p>\n<p>Sus restos ser\u00e1n velados en la sala de Espa\u00f1a 2942 departamento \u201cD\u201d este lunes desde las 06:30 horas e inhumados en el Cementerio Municipal, previo responso en la Capilla Ardiente, a las 10:30. Servicio adherido a Coopelectric.<\/p>\n<p>&nbsp;<\/p>\n<p>Nacida en Olavarr\u00eda, vecina de barrio San Vicente y ex vecina de Santa Luisa, jubilada y pensionada.<\/p>\n","protected":false},"excerpt":{"rendered":"<p>Falleci\u00f3 en Olavarr\u00eda el 6 de marzo de 2022 a los 92 a\u00f1os. Sus hijas Eva Esther y Mar\u00eda del<\/p>\n","protected":false},"author":5,"featured_media":0,"comment_status":"closed","ping_status":"closed","sticky":false,"template":"","format":"standard","meta":{"_jetpack_memberships_contains_paid_content":false,"footnotes":""},"categories":[10],"tags":[],"class_list":["post-48258","post","type-post","status-publish","format-standard","hentry","category-necrologicas"],"jetpack_featured_media_url":"","jetpack_sharing_enabled":true,"_links":{"self":[{"href":"https:\/\/cdnoticias.com\/index.php\/wp-json\/wp\/v2\/posts\/48258","targetHints":{"allow":["GET"]}}],"collection":[{"href":"https:\/\/cdnoticias.com\/index.php\/wp-json\/wp\/v2\/posts"}],"about":[{"href":"https:\/\/cdnoticias.com\/index.php\/wp-json\/wp\/v2\/types\/post"}],"author":[{"embeddable":true,"href":"https:\/\/cdnoticias.com\/index.php\/wp-json\/wp\/v2\/users\/5"}],"replies":[{"embeddable":true,"href":"https:\/\/cdnoticias.com\/index.php\/wp-json\/wp\/v2\/comments?post=48258"}],"version-history":[{"count":0,"href":"https:\/\/cdnoticias.com\/index.php\/wp-json\/wp\/v2\/posts\/48258\/revisions"}],"wp:attachment":[{"href":"https:\/\/cdnoticias.com\/index.php\/wp-json\/wp\/v2\/media?parent=48258"}],"wp:term":[{"taxonomy":"category","embeddable":true,"href":"https:\/\/cdnoticias.com\/index.php\/wp-json\/wp\/v2\/categories?post=48258"},{"taxonomy":"post_tag","embeddable":true,"href":"https:\/\/cdnoticias.com\/index.php\/wp-json\/wp\/v2\/tags?post=48258"}],"curies":[{"name":"wp","href":"https:\/\/api.w.org\/{rel}","templated":true}]}}