{"id":48244,"date":"2022-03-06T21:14:46","date_gmt":"2022-03-07T00:14:46","guid":{"rendered":"https:\/\/www.centraldenoticias.com.ar\/?p=48244"},"modified":"2022-03-07T08:36:17","modified_gmt":"2022-03-07T11:36:17","slug":"con-un-profundo-dolor-y-deseo-de-justicia-agrupaciones-marcharon-por-marcela-antonella-gomez","status":"publish","type":"post","link":"https:\/\/cdnoticias.com\/index.php\/2022\/03\/06\/con-un-profundo-dolor-y-deseo-de-justicia-agrupaciones-marcharon-por-marcela-antonella-gomez\/","title":{"rendered":"Con un profundo dolor y deseo de Justicia, agrupaciones marcharon por Marcela Antonella G\u00f3mez"},"content":{"rendered":"<p>Fue en la tarde noche de este domingo. Estuvo presente la pareja y la suegra de la joven asesinada en manos de su ex cu\u00f1ado. Realizaron un fuerte reclamo en la sede de la Comisar\u00eda Primera. <!--more--><\/p>\n<hr \/>\n<p><em><strong>\u201cNi una menos, vivas nos queremos\u201d<\/strong><\/em> grit\u00f3 la columna de manifestantes que, lamentablemente, nuevamente march\u00f3 por las calles de nuestra ciudad <strong>en pedido de Justicia por una <a href=\"https:\/\/cdnoticias.com\/index.php\/2022\/03\/06\/un-hombre-asesino-a-su-ex-cunada-durante-la-madrugada-de-este-domingo\/\" target=\"_blank\" rel=\"noopener\">joven olavarriense asesinada en manos de su ex cu\u00f1ado en la ma\u00f1ana de este domingo.<\/a><\/strong><\/p>\n<p>&nbsp;<\/p>\n<p><img data-recalc-dims=\"1\" loading=\"lazy\" decoding=\"async\" class=\"aligncenter size-full wp-image-48256\" src=\"https:\/\/i0.wp.com\/cdnoticias.com\/wp-content\/uploads\/2022\/03\/WhatsApp-Image-2022-03-06-at-19.47.58.jpeg?resize=800%2C600&#038;ssl=1\" alt=\"\" width=\"800\" height=\"600\" srcset=\"https:\/\/i0.wp.com\/cdnoticias.com\/wp-content\/uploads\/2022\/03\/WhatsApp-Image-2022-03-06-at-19.47.58.jpeg?w=1600&amp;ssl=1 1600w, https:\/\/i0.wp.com\/cdnoticias.com\/wp-content\/uploads\/2022\/03\/WhatsApp-Image-2022-03-06-at-19.47.58.jpeg?resize=300%2C225&amp;ssl=1 300w, https:\/\/i0.wp.com\/cdnoticias.com\/wp-content\/uploads\/2022\/03\/WhatsApp-Image-2022-03-06-at-19.47.58.jpeg?resize=1024%2C768&amp;ssl=1 1024w, https:\/\/i0.wp.com\/cdnoticias.com\/wp-content\/uploads\/2022\/03\/WhatsApp-Image-2022-03-06-at-19.47.58.jpeg?resize=768%2C576&amp;ssl=1 768w, https:\/\/i0.wp.com\/cdnoticias.com\/wp-content\/uploads\/2022\/03\/WhatsApp-Image-2022-03-06-at-19.47.58.jpeg?resize=1536%2C1152&amp;ssl=1 1536w\" sizes=\"auto, (max-width: 800px) 100vw, 800px\" \/><\/p>\n<p>&nbsp;<\/p>\n<p><img data-recalc-dims=\"1\" loading=\"lazy\" decoding=\"async\" class=\"aligncenter size-full wp-image-48249\" src=\"https:\/\/i0.wp.com\/cdnoticias.com\/wp-content\/uploads\/2022\/03\/WhatsApp-Image-2022-03-06-at-19.48.00-1.jpeg?resize=800%2C600&#038;ssl=1\" alt=\"\" width=\"800\" height=\"600\" srcset=\"https:\/\/i0.wp.com\/cdnoticias.com\/wp-content\/uploads\/2022\/03\/WhatsApp-Image-2022-03-06-at-19.48.00-1.jpeg?w=1600&amp;ssl=1 1600w, https:\/\/i0.wp.com\/cdnoticias.com\/wp-content\/uploads\/2022\/03\/WhatsApp-Image-2022-03-06-at-19.48.00-1.jpeg?resize=300%2C225&amp;ssl=1 300w, https:\/\/i0.wp.com\/cdnoticias.com\/wp-content\/uploads\/2022\/03\/WhatsApp-Image-2022-03-06-at-19.48.00-1.jpeg?resize=1024%2C768&amp;ssl=1 1024w, https:\/\/i0.wp.com\/cdnoticias.com\/wp-content\/uploads\/2022\/03\/WhatsApp-Image-2022-03-06-at-19.48.00-1.jpeg?resize=768%2C576&amp;ssl=1 768w, https:\/\/i0.wp.com\/cdnoticias.com\/wp-content\/uploads\/2022\/03\/WhatsApp-Image-2022-03-06-at-19.48.00-1.jpeg?resize=1536%2C1152&amp;ssl=1 1536w\" sizes=\"auto, (max-width: 800px) 100vw, 800px\" \/><\/p>\n<p>&nbsp;<\/p>\n<p>Estuvieron presentes en el Paseo Jes\u00fas Mend\u00eda funcionarias municipales, concejales del Frente de Todos, de Foro Olavarr\u00eda, militantes e integrantes de varias agrupaciones pol\u00edticas y tambi\u00e9n vinculadas a los feminismos.<strong> Adem\u00e1s participaron de la movilizaci\u00f3n la pareja de la joven fallecida y su suegra, en momentos de much\u00edsimo dolor tras la noticia.<\/strong><\/p>\n<p>&nbsp;<\/p>\n<p><img data-recalc-dims=\"1\" loading=\"lazy\" decoding=\"async\" class=\"aligncenter size-full wp-image-48246\" src=\"https:\/\/i0.wp.com\/cdnoticias.com\/wp-content\/uploads\/2022\/03\/WhatsApp-Image-2022-03-06-at-20.30.27.jpeg?resize=800%2C600&#038;ssl=1\" alt=\"\" width=\"800\" height=\"600\" srcset=\"https:\/\/i0.wp.com\/cdnoticias.com\/wp-content\/uploads\/2022\/03\/WhatsApp-Image-2022-03-06-at-20.30.27.jpeg?w=1600&amp;ssl=1 1600w, https:\/\/i0.wp.com\/cdnoticias.com\/wp-content\/uploads\/2022\/03\/WhatsApp-Image-2022-03-06-at-20.30.27.jpeg?resize=300%2C225&amp;ssl=1 300w, https:\/\/i0.wp.com\/cdnoticias.com\/wp-content\/uploads\/2022\/03\/WhatsApp-Image-2022-03-06-at-20.30.27.jpeg?resize=1024%2C768&amp;ssl=1 1024w, https:\/\/i0.wp.com\/cdnoticias.com\/wp-content\/uploads\/2022\/03\/WhatsApp-Image-2022-03-06-at-20.30.27.jpeg?resize=768%2C576&amp;ssl=1 768w, https:\/\/i0.wp.com\/cdnoticias.com\/wp-content\/uploads\/2022\/03\/WhatsApp-Image-2022-03-06-at-20.30.27.jpeg?resize=1536%2C1152&amp;ssl=1 1536w\" sizes=\"auto, (max-width: 800px) 100vw, 800px\" \/><\/p>\n<p>&nbsp;<\/p>\n<p>Tras una peque\u00f1a oratoria encabezada por Yessica Almeida en la que<strong> se dej\u00f3 en claro las m\u00faltiples denuncias que ten\u00eda el acusado de asesinar a Marcela Antonella G\u00f3mez de 19 a\u00f1os para con su hermana, ex pareja del imputado<\/strong>, la columna de manifestantes recorri\u00f3 las calles c\u00e9ntricas de la ciudad y tambi\u00e9n tuvo un momento para reclamar frente a la Comisar\u00eda Primera.<\/p>\n<p>&nbsp;<\/p>\n<blockquote><p>All\u00ed se vieron momentos de tensi\u00f3n y dolor luego de que familiares de Marcela Antonella golpearan ventanas del edificio con una profunda impotencia por el hecho.<\/p><\/blockquote>\n<p>&nbsp;<\/p>\n<p><img data-recalc-dims=\"1\" loading=\"lazy\" decoding=\"async\" class=\"aligncenter size-full wp-image-48245\" src=\"https:\/\/i0.wp.com\/cdnoticias.com\/wp-content\/uploads\/2022\/03\/WhatsApp-Image-2022-03-06-at-20.20.41-1.jpeg?resize=800%2C600&#038;ssl=1\" alt=\"\" width=\"800\" height=\"600\" srcset=\"https:\/\/i0.wp.com\/cdnoticias.com\/wp-content\/uploads\/2022\/03\/WhatsApp-Image-2022-03-06-at-20.20.41-1.jpeg?w=1600&amp;ssl=1 1600w, https:\/\/i0.wp.com\/cdnoticias.com\/wp-content\/uploads\/2022\/03\/WhatsApp-Image-2022-03-06-at-20.20.41-1.jpeg?resize=300%2C225&amp;ssl=1 300w, https:\/\/i0.wp.com\/cdnoticias.com\/wp-content\/uploads\/2022\/03\/WhatsApp-Image-2022-03-06-at-20.20.41-1.jpeg?resize=1024%2C768&amp;ssl=1 1024w, https:\/\/i0.wp.com\/cdnoticias.com\/wp-content\/uploads\/2022\/03\/WhatsApp-Image-2022-03-06-at-20.20.41-1.jpeg?resize=768%2C576&amp;ssl=1 768w, https:\/\/i0.wp.com\/cdnoticias.com\/wp-content\/uploads\/2022\/03\/WhatsApp-Image-2022-03-06-at-20.20.41-1.jpeg?resize=1536%2C1152&amp;ssl=1 1536w\" sizes=\"auto, (max-width: 800px) 100vw, 800px\" \/><\/p>\n<p>&nbsp;<\/p>\n<p>Luego, el centenar de manifestantes volvi\u00f3 al Paseo Mend\u00eda al grito de<em> \u201cyo sab\u00eda que a los femicidas los cuida la polic\u00eda y la justicia\u201d<\/em> y con much\u00edsima tristeza por lo sucedido -aunque dejando en claro que \u201cestamos hartas\u201d- <strong>sostuvieron el pedido de actuaci\u00f3n inmediata de la Justicia en este y en muchos casos que no han sido esclarecidos en Olavarr\u00eda.<\/strong><\/p>\n<p>&nbsp;<\/p>\n<p style=\"text-align: center;\"><i>Si estas viviendo una situaci\u00f3n de violencia de g\u00e9nero, comun\u00edcate al 2284 583337 (Direcci\u00f3n de Pol\u00edticas de G\u00e9nero) o al 144.<\/i><\/p>\n","protected":false},"excerpt":{"rendered":"<p>Fue en la tarde noche de este domingo. Estuvo presente la pareja y la suegra de la joven asesinada en<\/p>\n","protected":false},"author":5,"featured_media":48251,"comment_status":"closed","ping_status":"closed","sticky":false,"template":"","format":"standard","meta":{"_jetpack_memberships_contains_paid_content":false,"footnotes":""},"categories":[3,1],"tags":[],"class_list":["post-48244","post","type-post","status-publish","format-standard","has-post-thumbnail","hentry","category-genero","category-portada"],"jetpack_featured_media_url":"https:\/\/i0.wp.com\/cdnoticias.com\/wp-content\/uploads\/2022\/03\/WhatsApp-Image-2022-03-06-at-19.47.59.jpeg?fit=1600%2C1200&ssl=1","jetpack_sharing_enabled":true,"_links":{"self":[{"href":"https:\/\/cdnoticias.com\/index.php\/wp-json\/wp\/v2\/posts\/48244","targetHints":{"allow":["GET"]}}],"collection":[{"href":"https:\/\/cdnoticias.com\/index.php\/wp-json\/wp\/v2\/posts"}],"about":[{"href":"https:\/\/cdnoticias.com\/index.php\/wp-json\/wp\/v2\/types\/post"}],"author":[{"embeddable":true,"href":"https:\/\/cdnoticias.com\/index.php\/wp-json\/wp\/v2\/users\/5"}],"replies":[{"embeddable":true,"href":"https:\/\/cdnoticias.com\/index.php\/wp-json\/wp\/v2\/comments?post=48244"}],"version-history":[{"count":0,"href":"https:\/\/cdnoticias.com\/index.php\/wp-json\/wp\/v2\/posts\/48244\/revisions"}],"wp:featuredmedia":[{"embeddable":true,"href":"https:\/\/cdnoticias.com\/index.php\/wp-json\/wp\/v2\/media\/48251"}],"wp:attachment":[{"href":"https:\/\/cdnoticias.com\/index.php\/wp-json\/wp\/v2\/media?parent=48244"}],"wp:term":[{"taxonomy":"category","embeddable":true,"href":"https:\/\/cdnoticias.com\/index.php\/wp-json\/wp\/v2\/categories?post=48244"},{"taxonomy":"post_tag","embeddable":true,"href":"https:\/\/cdnoticias.com\/index.php\/wp-json\/wp\/v2\/tags?post=48244"}],"curies":[{"name":"wp","href":"https:\/\/api.w.org\/{rel}","templated":true}]}}