{"id":48242,"date":"2022-03-06T20:40:23","date_gmt":"2022-03-06T23:40:23","guid":{"rendered":"https:\/\/www.centraldenoticias.com.ar\/?p=48242"},"modified":"2022-03-06T20:40:23","modified_gmt":"2022-03-06T23:40:23","slug":"el-ejercito-lamento-el-fallecimiento-del-suboficial-martin-orellana","status":"publish","type":"post","link":"https:\/\/cdnoticias.com\/index.php\/2022\/03\/06\/el-ejercito-lamento-el-fallecimiento-del-suboficial-martin-orellana\/","title":{"rendered":"El Ej\u00e9rcito lament\u00f3 el fallecimiento del suboficial Mart\u00edn Orellana"},"content":{"rendered":"<p>Emiti\u00f3 un comunicado en la tarde de este domingo. \u201cLa instituci\u00f3n toda atraviesa momentos de dolor y profunda reflexi\u00f3n\u201d indicaron.<!--more--><\/p>\n<hr \/>\n<p>Tras conocerse el<a href=\"https:\/\/cdnoticias.com\/index.php\/2022\/03\/06\/encontraron-muerto-a-un-hombre-en-el-parque-helios-eseverri\/\" target=\"_blank\" rel=\"noopener\"> fallecimiento del suboficial del Ej\u00e9rcito Mart\u00edn Orellana<\/a>, quien hab\u00eda sido acusado de torturar un perro hasta morir, <strong>el Ej\u00e9rcito Argentino emiti\u00f3 un comunicado lamentando su muerte y confirmando su colaboraci\u00f3n con las actuaciones judiciales por el hecho.<\/strong><\/p>\n<p>&nbsp;<\/p>\n<p><em>\u201cLa Guarnici\u00f3n Militar Olavarr\u00eda lamenta informar el fallecimiento del Suboficial Principal Mart\u00edn Orellana, perteneciente al Escuadr\u00f3n de Ingenieros Blindado 1\u201d<\/em> se\u00f1alaron y a\u00f1adieron que<strong><em> \u201cel entorno personal del Suboficial, sus camaradas de Armas y la Instituci\u00f3n toda atraviesan momentos de dolor y profunda reflexi\u00f3n\u201d.<\/em><\/strong><\/p>\n<p>&nbsp;<\/p>\n<p>En este sentido, y m\u00e1s all\u00e1 de su fallecimiento, <strong>las autoridades militares de la Guarnici\u00f3n dejaron en claro que <em>\u201ccontin\u00faan colaborando con las actuaciones judiciales iniciadas d\u00edas atr\u00e1s con motivo de los hechos de p\u00fablico conocimiento\u201d<\/em><\/strong> por la muerte de \u201cMalevo\u201d dentro del Regimiento local.<\/p>\n<p>&nbsp;<\/p>\n<p>Finalmente, realizaron las condolencias y <em>\u201cel Ej\u00e9rcito acompa\u00f1a en el dolor a los v\u00ednculos m\u00e1s estrechos del Suboficial Principal Orellana y ruega por su eterno descanso\u201d.<\/em><\/p>\n","protected":false},"excerpt":{"rendered":"<p>Emiti\u00f3 un comunicado en la tarde de este domingo. \u201cLa instituci\u00f3n toda atraviesa momentos de dolor y profunda reflexi\u00f3n\u201d indicaron.<\/p>\n","protected":false},"author":5,"featured_media":48213,"comment_status":"closed","ping_status":"closed","sticky":false,"template":"","format":"standard","meta":{"_jetpack_memberships_contains_paid_content":false,"footnotes":""},"categories":[14,1],"tags":[],"class_list":["post-48242","post","type-post","status-publish","format-standard","has-post-thumbnail","hentry","category-policiales","category-portada"],"jetpack_featured_media_url":"https:\/\/i0.wp.com\/cdnoticias.com\/wp-content\/uploads\/2022\/03\/WhatsApp-Image-2022-03-06-at-10.35.33.jpeg?fit=1152%2C864&ssl=1","jetpack_sharing_enabled":true,"_links":{"self":[{"href":"https:\/\/cdnoticias.com\/index.php\/wp-json\/wp\/v2\/posts\/48242","targetHints":{"allow":["GET"]}}],"collection":[{"href":"https:\/\/cdnoticias.com\/index.php\/wp-json\/wp\/v2\/posts"}],"about":[{"href":"https:\/\/cdnoticias.com\/index.php\/wp-json\/wp\/v2\/types\/post"}],"author":[{"embeddable":true,"href":"https:\/\/cdnoticias.com\/index.php\/wp-json\/wp\/v2\/users\/5"}],"replies":[{"embeddable":true,"href":"https:\/\/cdnoticias.com\/index.php\/wp-json\/wp\/v2\/comments?post=48242"}],"version-history":[{"count":0,"href":"https:\/\/cdnoticias.com\/index.php\/wp-json\/wp\/v2\/posts\/48242\/revisions"}],"wp:featuredmedia":[{"embeddable":true,"href":"https:\/\/cdnoticias.com\/index.php\/wp-json\/wp\/v2\/media\/48213"}],"wp:attachment":[{"href":"https:\/\/cdnoticias.com\/index.php\/wp-json\/wp\/v2\/media?parent=48242"}],"wp:term":[{"taxonomy":"category","embeddable":true,"href":"https:\/\/cdnoticias.com\/index.php\/wp-json\/wp\/v2\/categories?post=48242"},{"taxonomy":"post_tag","embeddable":true,"href":"https:\/\/cdnoticias.com\/index.php\/wp-json\/wp\/v2\/tags?post=48242"}],"curies":[{"name":"wp","href":"https:\/\/api.w.org\/{rel}","templated":true}]}}