{"id":48239,"date":"2022-03-06T17:39:53","date_gmt":"2022-03-06T20:39:53","guid":{"rendered":"https:\/\/www.centraldenoticias.com.ar\/?p=48239"},"modified":"2022-03-06T21:15:06","modified_gmt":"2022-03-07T00:15:06","slug":"el-armado-de-la-inauguracion-de-sesiones-y-el-discurso-conceptual","status":"publish","type":"post","link":"https:\/\/cdnoticias.com\/index.php\/2022\/03\/06\/el-armado-de-la-inauguracion-de-sesiones-y-el-discurso-conceptual\/","title":{"rendered":"El armado de la inauguraci\u00f3n de sesiones y el discurso conceptual"},"content":{"rendered":"<p>Todo lo que dej\u00f3 el discurso del Intendente con pocos anuncios, muchos conceptos y un repaso por lo realizado. Las grandes obras, para 2023. La protesta \u00bfarmada? y los -pocos- avances en la causa por los terrenos. <!--more--><\/p>\n<hr \/>\n<p>Extracto del newsletter Volver a las Fuentes,\u00a0<a href=\"https:\/\/mailchi.mp\/57eb419cb7c9\/el-armado-de-la-inauguracin-de-sesiones-y-el-discurso-conceptual?e=b6c762679c\" target=\"_blank\" rel=\"noopener\">donde se puede acceder y suscribir ac\u00e1<\/a>. Por\u00a0<strong>Alexis Grierson y Josefina Bargas<\/strong>.<\/p>\n<p>&nbsp;<\/p>\n<p dir=\"ltr\"><u><strong>Un discurso conceptual<\/strong><\/u><\/p>\n<p dir=\"ltr\"><img data-recalc-dims=\"1\" loading=\"lazy\" decoding=\"async\" class=\"aligncenter size-full wp-image-48112\" src=\"https:\/\/i0.wp.com\/cdnoticias.com\/wp-content\/uploads\/2022\/03\/WhatsApp-Image-2022-03-04-at-19.30.01.jpeg?resize=800%2C600&#038;ssl=1\" alt=\"\" width=\"800\" height=\"600\" srcset=\"https:\/\/i0.wp.com\/cdnoticias.com\/wp-content\/uploads\/2022\/03\/WhatsApp-Image-2022-03-04-at-19.30.01.jpeg?w=1600&amp;ssl=1 1600w, https:\/\/i0.wp.com\/cdnoticias.com\/wp-content\/uploads\/2022\/03\/WhatsApp-Image-2022-03-04-at-19.30.01.jpeg?resize=300%2C225&amp;ssl=1 300w, https:\/\/i0.wp.com\/cdnoticias.com\/wp-content\/uploads\/2022\/03\/WhatsApp-Image-2022-03-04-at-19.30.01.jpeg?resize=1024%2C768&amp;ssl=1 1024w, https:\/\/i0.wp.com\/cdnoticias.com\/wp-content\/uploads\/2022\/03\/WhatsApp-Image-2022-03-04-at-19.30.01.jpeg?resize=768%2C576&amp;ssl=1 768w, https:\/\/i0.wp.com\/cdnoticias.com\/wp-content\/uploads\/2022\/03\/WhatsApp-Image-2022-03-04-at-19.30.01.jpeg?resize=1536%2C1152&amp;ssl=1 1536w\" sizes=\"auto, (max-width: 800px) 100vw, 800px\" \/><\/p>\n<div><\/div>\n<p dir=\"ltr\"><strong>Mucho repaso, mucho concepto, poco anuncio<\/strong>\u00a0aunque una mirada interesante hacia el futuro: as\u00ed el intendente Galli inaugur\u00f3 las sesiones ordinarias del Concejo. Con un llamado a la paz, un pedido de di\u00e1logo constante y un\u00a0<strong>anticipo del importante super\u00e1vit que tendr\u00e1 la Rendici\u00f3n de Cuentas 2021 (220 millones de pesos de super\u00e1vit)<\/strong>, el jefe comunal eligi\u00f3 otra forma de dirigirse a los presentes un poco m\u00e1s gen\u00e9rica pero sin dejar de lado los puntos importantes.<\/p>\n<div><\/div>\n<p dir=\"ltr\"><strong>No hubo, como en otras ediciones, un repaso minucioso \u00e1rea por \u00e1rea dentro del Municipio.<\/strong>\u00a0Incluso, lejos estuvo de los discursos que superan la hora pero tienen datos por doquier. Mucho slogan, mucho concepto, y un llamado a tratar de trabajar en concordia con la oposici\u00f3n (aunque no se lo tomaron as\u00ed, precisamente).<\/p>\n<div><\/div>\n<p dir=\"ltr\">Hubo algunos posicionamientos duros sobre algunos temas, como por ejemplo con el\u00a0<strong>\u201cnefasto asistencialismo\u201d<\/strong>. En este punto se indic\u00f3 que<strong>\u00a0el Municipio asiste a 3.500 familias y se aprovech\u00f3 para pegarle, sobre todo, al \u00e1rea de Naci\u00f3n en Olavarr\u00eda<\/strong>:\u00a0<em>\u201cla Secretar\u00eda de Desarrollo Social de Naci\u00f3n en Olavarr\u00eda, \u00bfacompa\u00f1a a estas familias?\u201d\u00a0<\/em>acusaron luego del acto.<\/p>\n<div><\/div>\n<p dir=\"ltr\">Tras un extenso repaso de las obras realizadas o en ejecuci\u00f3n,\u00a0<strong>uno de los \u00fanicos anuncios novedosos vinculados a obras ser\u00e1 el nuevo Monumento al Trabajo<\/strong>, que ser\u00e1 \u201cuna obra simple\u201d emplazada en el ingreso a la ciudad, sobre Pringles tras ingresar por Ruta 226.\u00a0<strong>\u00bfCon qu\u00e9 se reemplaza el \u201cnefasto asistencialismo\u201d para Galli? Con trabajo.<\/strong>\u00a0Y es un simbolismo que no se debe dejar pasar.<\/p>\n<p dir=\"ltr\"><img data-recalc-dims=\"1\" loading=\"lazy\" decoding=\"async\" class=\"aligncenter size-full wp-image-48101\" src=\"https:\/\/i0.wp.com\/cdnoticias.com\/wp-content\/uploads\/2022\/03\/WhatsApp-Image-2022-03-04-at-19.30.06.jpeg?resize=800%2C600&#038;ssl=1\" alt=\"\" width=\"800\" height=\"600\" srcset=\"https:\/\/i0.wp.com\/cdnoticias.com\/wp-content\/uploads\/2022\/03\/WhatsApp-Image-2022-03-04-at-19.30.06.jpeg?w=1600&amp;ssl=1 1600w, https:\/\/i0.wp.com\/cdnoticias.com\/wp-content\/uploads\/2022\/03\/WhatsApp-Image-2022-03-04-at-19.30.06.jpeg?resize=300%2C225&amp;ssl=1 300w, https:\/\/i0.wp.com\/cdnoticias.com\/wp-content\/uploads\/2022\/03\/WhatsApp-Image-2022-03-04-at-19.30.06.jpeg?resize=1024%2C768&amp;ssl=1 1024w, https:\/\/i0.wp.com\/cdnoticias.com\/wp-content\/uploads\/2022\/03\/WhatsApp-Image-2022-03-04-at-19.30.06.jpeg?resize=768%2C576&amp;ssl=1 768w, https:\/\/i0.wp.com\/cdnoticias.com\/wp-content\/uploads\/2022\/03\/WhatsApp-Image-2022-03-04-at-19.30.06.jpeg?resize=1536%2C1152&amp;ssl=1 1536w\" sizes=\"auto, (max-width: 800px) 100vw, 800px\" \/><\/p>\n<div><\/div>\n<p dir=\"ltr\">Aunque -y sin desestimar muchos anuncios realizados durante el \u00faltimo tiempo- en el discurso<strong>\u00a0esta confirmaci\u00f3n qued\u00f3 un tanto sola, teniendo en cuenta que no hubo otros anuncios vinculados a obra p\u00fablica.<\/strong>\u00a0En ese \u00edtem qued\u00f3 un sabor a poco, aunque analizando la l\u00f3gica de funcionamiento la chance de que se hayan guardado varios \u201cases en la manga\u201d existe.<\/p>\n<div><\/div>\n<p dir=\"ltr\">M\u00e1s all\u00e1 de la obra del Hospital que este a\u00f1o finalizar\u00e1 una de sus etapas (que es emblema para Galli y una figurita repetida en los discursos) el edificio del Instituto de Educaci\u00f3n F\u00edsica se transforma en prioridad para esta gesti\u00f3n. \u00bfSe inaugurar\u00e1 en 2023? No olvidemos ese detalle:\u00a0<strong>varias obras muy importantes para el \u00e1mbito educativo no llegar\u00edan a finalizar este a\u00f1o y ser\u00edan la prioridad para el pr\u00f3ximo a\u00f1o\u2026 que es electoral.<\/strong><\/p>\n<div><\/div>\n<p dir=\"ltr\">Uno de los puntos que otra vez gener\u00f3 pol\u00e9mica es<strong>\u00a0la eterna dicotom\u00eda de si es importante discriminar la proveniencia de los fondos a la hora de hablar de obra p\u00fablica<\/strong>:\u00a0<em>\u201cno importa si es local, provincial o nacional, el olavarriense paga sus impuestos provinciales y nacionales\u201d<\/em>\u00a0y dio a entender que\u00a0<strong>al final del camino no hay un gesto pol\u00edtico para con el distrito: es un dinero que corresponde.<\/strong><\/p>\n<div><\/div>\n<p dir=\"ltr\">Esto es un dejav\u00fa de una charla que tuvimos hace un tiempo, cuando funcionarios locales y provinciales discut\u00edan -y sacaban bandera- de ciertas obras del \u00e1mbito educativo.<strong>\u00a0\u00bfQu\u00e9 es m\u00e1s importante, financiar la obra o tener el poder de decisi\u00f3n de d\u00f3nde realizarla?<\/strong>\u00a0Hagamos una pregunta m\u00e1s simple: \u00bfqu\u00e9 fue primero, el huevo o la gallina?<\/p>\n<p dir=\"ltr\"><img data-recalc-dims=\"1\" loading=\"lazy\" decoding=\"async\" class=\"aligncenter size-full wp-image-48111\" src=\"https:\/\/i0.wp.com\/cdnoticias.com\/wp-content\/uploads\/2022\/03\/WhatsApp-Image-2022-03-04-at-19.30.01-1.jpeg?resize=800%2C600&#038;ssl=1\" alt=\"\" width=\"800\" height=\"600\" srcset=\"https:\/\/i0.wp.com\/cdnoticias.com\/wp-content\/uploads\/2022\/03\/WhatsApp-Image-2022-03-04-at-19.30.01-1.jpeg?w=1600&amp;ssl=1 1600w, https:\/\/i0.wp.com\/cdnoticias.com\/wp-content\/uploads\/2022\/03\/WhatsApp-Image-2022-03-04-at-19.30.01-1.jpeg?resize=300%2C225&amp;ssl=1 300w, https:\/\/i0.wp.com\/cdnoticias.com\/wp-content\/uploads\/2022\/03\/WhatsApp-Image-2022-03-04-at-19.30.01-1.jpeg?resize=1024%2C768&amp;ssl=1 1024w, https:\/\/i0.wp.com\/cdnoticias.com\/wp-content\/uploads\/2022\/03\/WhatsApp-Image-2022-03-04-at-19.30.01-1.jpeg?resize=768%2C576&amp;ssl=1 768w, https:\/\/i0.wp.com\/cdnoticias.com\/wp-content\/uploads\/2022\/03\/WhatsApp-Image-2022-03-04-at-19.30.01-1.jpeg?resize=1536%2C1152&amp;ssl=1 1536w\" sizes=\"auto, (max-width: 800px) 100vw, 800px\" \/><\/p>\n<div><\/div>\n<p dir=\"ltr\">Como datos a destacar estuvo la\u00a0<strong>licitaci\u00f3n del transporte interurbano\u00a0<\/strong>(que ahora est\u00e1 en el Concejo Deliberante para convalidar la empresa que gan\u00f3 el acto p\u00fablico) y la elecci\u00f3n de delegados que ser\u00e1 en el mes de abril y promete candidatos en todas las localidades.\u00a0<strong>En las dos Galli agradeci\u00f3 especialmente al cuerpo de concejales por el acompa\u00f1amiento.\u00a0<\/strong><\/p>\n<div><\/div>\n<p dir=\"ltr\">No hubo menci\u00f3n a<strong>\u00a0futuros planes de vivienda\u00a0<\/strong>y con el tema en auge de los terrenos, quiz\u00e1s fue lo m\u00e1s \u201cdeficitario\u201d en materia discursiva. Ante consultas -se esperaba un anuncio de renovaci\u00f3n del plan Tuvi, de m\u00ednima- la respuesta fue la misma de hace algunas semanas:\u00a0<strong><em>\u201cno hay muchos terrenos y es dif\u00edcil dise\u00f1ar un programa de vivienda o barrio en puntos tan distintos de la ciudad\u201d.\u00a0<\/em><\/strong>\u00bfSe seguir\u00e1 por las localidades? Por lo pronto, todo depende de los terrenos municipales disponibles y de que\u00a0<strong>se destrabe la ordenanza de ampliaci\u00f3n de planta urbana que brindar\u00edan cerca de 10 mil lotes para Olavarr\u00eda.<\/strong><\/p>\n<div><\/div>\n<p dir=\"ltr\">No dijo\u00a0<strong>ni una sola palabra sobre la causa de los terrenos, al menos en su discurso formal<\/strong>: finalizado el acto Galli habl\u00f3 con los medios presentes y destac\u00f3 que<a href=\"https:\/\/gmail.us17.list-manage.com\/track\/click?u=cba2a41506a8e26d100c3f0f8&amp;id=f56a0230ea&amp;e=b6c762679c\" target=\"_blank\" rel=\"noopener\" data-saferedirecturl=\"https:\/\/www.google.com\/url?q=https:\/\/gmail.us17.list-manage.com\/track\/click?u%3Dcba2a41506a8e26d100c3f0f8%26id%3Df56a0230ea%26e%3Db6c762679c&amp;source=gmail&amp;ust=1646679313628000&amp;usg=AOvVaw1FbJtmJMwCVJ92Z_B625Y0\"><em>\u00a0\u201cpiden que Galli haga Justicia y Galli no es ni fiscal ni juez\u201d\u00a0<\/em><\/a>dando a entender que<strong>\u00a0el tema, al menos en el \u00e1mbito pol\u00edtico est\u00e1 terminado y la pelota ahora la tiene la Justicia.\u00a0<\/strong><\/p>\n<div><\/div>\n<p dir=\"ltr\">En consultas informales de este newsletter,\u00a0<strong>en la causa judicial no se mencionar\u00eda, en principio, a funcionarios municipales o integrantes del Ejecutivo al menos hasta los \u00faltimos d\u00edas.<\/strong>\u00a0Obviamente, esto no est\u00e1 cerrado ni es definitivo, pero es curioso c\u00f3mo gir\u00f3 hacia otro punto, siempre centralizado en el rol de Claudio Peralta, principal mencionado en la causa. Restar\u00e1 saber los avances y si, finalmente, hay imputaci\u00f3n por parte de la fiscal Serrano.<\/p>\n<div><\/div>\n<p dir=\"ltr\">Volviendo al discurso, hubo varias menciones al trabajo en las diversas \u00e1reas locales pero, como ya mencionamos, sin el detalle minucioso de otros a\u00f1os. Esto dio pie para las fuertes y duras\u2026<\/p>\n<div><\/div>\n<p dir=\"ltr\"><u><strong>Cr\u00edticas opositoras<\/strong><\/u><\/p>\n<p dir=\"ltr\"><img data-recalc-dims=\"1\" loading=\"lazy\" decoding=\"async\" class=\"aligncenter size-full wp-image-48126\" src=\"https:\/\/i0.wp.com\/cdnoticias.com\/wp-content\/uploads\/2022\/03\/Landivar-01.jpg?resize=800%2C445&#038;ssl=1\" alt=\"\" width=\"800\" height=\"445\" srcset=\"https:\/\/i0.wp.com\/cdnoticias.com\/wp-content\/uploads\/2022\/03\/Landivar-01.jpg?w=800&amp;ssl=1 800w, https:\/\/i0.wp.com\/cdnoticias.com\/wp-content\/uploads\/2022\/03\/Landivar-01.jpg?resize=300%2C167&amp;ssl=1 300w, https:\/\/i0.wp.com\/cdnoticias.com\/wp-content\/uploads\/2022\/03\/Landivar-01.jpg?resize=768%2C427&amp;ssl=1 768w\" sizes=\"auto, (max-width: 800px) 100vw, 800px\" \/><\/p>\n<div><\/div>\n<p dir=\"ltr\">Tanto\u00a0<strong>Mercedes Land\u00edvar (Frente de Todos) como Celeste Arouxet (Ahora Olavarr\u00eda)\u00a0<\/strong>fueron claras al desmentir la \u201cconcordia\u201d entre oficialismo y oposici\u00f3n.\u00a0<em>\u201cLo dijo varias veces y puedo dar fe\u00a0que eso no existe\u201d<\/em>\u00a0dijo la edil del FdT.<\/p>\n<div><\/div>\n<p dir=\"ltr\">Entre Land\u00edvar y Arouxet hubo muchas coincidencias:\u00a0<strong>las dos se\u00f1alaron lo \u201cpobre\u201d del discurso y realizaron un especial \u00e9nfasis en la casi nula inversi\u00f3n en obras p\u00fablicas.\u00a0<\/strong><\/p>\n<div><\/div>\n<p dir=\"ltr\">Las dos utilizaron una de las frases dichas por Galli,<strong><em>\u00a0\u201cDato mata relato\u201d\u00a0<\/em><\/strong>y lo criticaron por esas peque\u00f1as \u201cchicanas\u201d que aparecieron en su oratoria:\u00a0<em>\u201cLa verdad que este discurso estuvo lleno de relatos. Como no tiene para contar inversiones nuevas, lo \u00fanico que puede hacer es relatar lo que ya se viene haciendo hace dos o tres a\u00f1os que es poco y nada con relaci\u00f3n a fondos propios de nuestro municipio\u201d\u00a0<\/em>dijo Land\u00edvar.<\/p>\n<div><\/div>\n<p dir=\"ltr\"><em>\u201cComo dijo el Intendente, el dato mata relato\u201d\u00a0<\/em>afirm\u00f3 la concejal de Ahora Olavarr\u00eda y se explay\u00f3 con el tema de la convivencia oficialismo\/oposici\u00f3n: \u201c<strong><em>habl\u00f3 de un di\u00e1logo que no existe desde su lugar para el poder legislativo\u201d.<\/em><\/strong><\/p>\n<p dir=\"ltr\"><img data-recalc-dims=\"1\" loading=\"lazy\" decoding=\"async\" class=\"aligncenter size-full wp-image-48124\" src=\"https:\/\/i0.wp.com\/cdnoticias.com\/wp-content\/uploads\/2022\/03\/celeste-arouxet.jpg?resize=800%2C445&#038;ssl=1\" alt=\"\" width=\"800\" height=\"445\" srcset=\"https:\/\/i0.wp.com\/cdnoticias.com\/wp-content\/uploads\/2022\/03\/celeste-arouxet.jpg?w=800&amp;ssl=1 800w, https:\/\/i0.wp.com\/cdnoticias.com\/wp-content\/uploads\/2022\/03\/celeste-arouxet.jpg?resize=300%2C167&amp;ssl=1 300w, https:\/\/i0.wp.com\/cdnoticias.com\/wp-content\/uploads\/2022\/03\/celeste-arouxet.jpg?resize=768%2C427&amp;ssl=1 768w\" sizes=\"auto, (max-width: 800px) 100vw, 800px\" \/><\/p>\n<div><\/div>\n<p dir=\"ltr\">El Frente de Todos emiti\u00f3 un comunicado en el que carg\u00f3 con dureza contra Galli y lo preparado para abrir el periodo ordinario de sesiones:\u00a0<em>\u201cGalli dice que no importa de d\u00f3nde vienen las obras, si con fondos nacionales, provinciales o municipales, ni el color pol\u00edtico de donde vienen, pero<strong>\u00a0no mencion\u00f3 ni valor\u00f3 ninguna obra nacional o provincial, ni la cantidad de millones de pesos que representan, solo detalla las obras con fondos municipales con una clara distinci\u00f3n e intencionalidad pol\u00edtica.<\/strong>\u00a0Para el intendente las obras de Naci\u00f3n y Provincia son una obligaci\u00f3n, las municipales un logro de la gesti\u00f3n\u201d.<\/em><\/p>\n<p dir=\"ltr\"><img data-recalc-dims=\"1\" loading=\"lazy\" decoding=\"async\" class=\"aligncenter size-full wp-image-48115\" src=\"https:\/\/i0.wp.com\/cdnoticias.com\/wp-content\/uploads\/2022\/03\/WhatsApp-Image-2022-03-04-at-19.29.52.jpeg?resize=800%2C600&#038;ssl=1\" alt=\"\" width=\"800\" height=\"600\" srcset=\"https:\/\/i0.wp.com\/cdnoticias.com\/wp-content\/uploads\/2022\/03\/WhatsApp-Image-2022-03-04-at-19.29.52.jpeg?w=1600&amp;ssl=1 1600w, https:\/\/i0.wp.com\/cdnoticias.com\/wp-content\/uploads\/2022\/03\/WhatsApp-Image-2022-03-04-at-19.29.52.jpeg?resize=300%2C225&amp;ssl=1 300w, https:\/\/i0.wp.com\/cdnoticias.com\/wp-content\/uploads\/2022\/03\/WhatsApp-Image-2022-03-04-at-19.29.52.jpeg?resize=1024%2C768&amp;ssl=1 1024w, https:\/\/i0.wp.com\/cdnoticias.com\/wp-content\/uploads\/2022\/03\/WhatsApp-Image-2022-03-04-at-19.29.52.jpeg?resize=768%2C576&amp;ssl=1 768w, https:\/\/i0.wp.com\/cdnoticias.com\/wp-content\/uploads\/2022\/03\/WhatsApp-Image-2022-03-04-at-19.29.52.jpeg?resize=1536%2C1152&amp;ssl=1 1536w\" sizes=\"auto, (max-width: 800px) 100vw, 800px\" \/><\/p>\n<div><\/div>\n<p dir=\"ltr\">Eso no fue todo, porque faltaba algo m\u00e1s que, a pesar de que no fue muy ruidosa, s\u00ed fue controversial y se trata de\u2026<\/p>\n<div><\/div>\n<p dir=\"ltr\"><u><strong>La protesta de las pancartas<\/strong><\/u><\/p>\n<div><\/div>\n<div><img data-recalc-dims=\"1\" loading=\"lazy\" decoding=\"async\" class=\"aligncenter size-full wp-image-48116\" src=\"https:\/\/i0.wp.com\/cdnoticias.com\/wp-content\/uploads\/2022\/03\/WhatsApp-Image-2022-03-04-at-19.01.51.jpeg?resize=800%2C600&#038;ssl=1\" alt=\"\" width=\"800\" height=\"600\" srcset=\"https:\/\/i0.wp.com\/cdnoticias.com\/wp-content\/uploads\/2022\/03\/WhatsApp-Image-2022-03-04-at-19.01.51.jpeg?w=1152&amp;ssl=1 1152w, https:\/\/i0.wp.com\/cdnoticias.com\/wp-content\/uploads\/2022\/03\/WhatsApp-Image-2022-03-04-at-19.01.51.jpeg?resize=300%2C225&amp;ssl=1 300w, https:\/\/i0.wp.com\/cdnoticias.com\/wp-content\/uploads\/2022\/03\/WhatsApp-Image-2022-03-04-at-19.01.51.jpeg?resize=1024%2C768&amp;ssl=1 1024w, https:\/\/i0.wp.com\/cdnoticias.com\/wp-content\/uploads\/2022\/03\/WhatsApp-Image-2022-03-04-at-19.01.51.jpeg?resize=768%2C576&amp;ssl=1 768w\" sizes=\"auto, (max-width: 800px) 100vw, 800px\" \/><\/div>\n<div><\/div>\n<p dir=\"ltr\">\u00bfArmada? \u00bfEspont\u00e1nea? \u00bfOrganizada? Se dispararon varias preguntas tras observar\u00a0<strong>un grupo de vecinos con pancartas en la barra del Concejo Deliberante.<\/strong>\u00a0Desde pedidos de mejoras en calles en el barrio Isaura, de mejoras en servicios p\u00fablicos, e incluso pedidos de Justicia por la causa de los terrenos, fue\u00a0<strong>una manifestaci\u00f3n completamente pac\u00edfica\u2026tanto que ni siquiera chistaron, realizaron un comentario ni se quejaron.<\/strong>\u00a0Llegaron, levantaron sus pancartas, las bajaron y se fueron.<\/p>\n<div><\/div>\n<p dir=\"ltr\"><strong><em>\u201cParec\u00eda solo para la foto\u201d<\/em><\/strong>\u00a0se quej\u00f3 un funcionario municipal al observar la actitud. Apuntaron, espec\u00edficamente, contra un funcionario de Naci\u00f3n que habr\u00eda organizado a la gente para que participen de esa forma en el lugar.\u00a0<em>\u201c\u00bfQu\u00e9 protesta se ha visto que los vecinos llegan, levantan sus pancartas, las dejan todas prolijitas a un costado y se van antes del recinto teniendo la posibilidad de llegar al Intendente?\u201d<\/em>\u00a0agregaron.<\/p>\n<p dir=\"ltr\"><img data-recalc-dims=\"1\" loading=\"lazy\" decoding=\"async\" class=\"aligncenter size-full wp-image-48113\" src=\"https:\/\/i0.wp.com\/cdnoticias.com\/wp-content\/uploads\/2022\/03\/WhatsApp-Image-2022-03-04-at-19.29.59.jpeg?resize=800%2C600&#038;ssl=1\" alt=\"\" width=\"800\" height=\"600\" srcset=\"https:\/\/i0.wp.com\/cdnoticias.com\/wp-content\/uploads\/2022\/03\/WhatsApp-Image-2022-03-04-at-19.29.59.jpeg?w=1600&amp;ssl=1 1600w, https:\/\/i0.wp.com\/cdnoticias.com\/wp-content\/uploads\/2022\/03\/WhatsApp-Image-2022-03-04-at-19.29.59.jpeg?resize=300%2C225&amp;ssl=1 300w, https:\/\/i0.wp.com\/cdnoticias.com\/wp-content\/uploads\/2022\/03\/WhatsApp-Image-2022-03-04-at-19.29.59.jpeg?resize=1024%2C768&amp;ssl=1 1024w, https:\/\/i0.wp.com\/cdnoticias.com\/wp-content\/uploads\/2022\/03\/WhatsApp-Image-2022-03-04-at-19.29.59.jpeg?resize=768%2C576&amp;ssl=1 768w, https:\/\/i0.wp.com\/cdnoticias.com\/wp-content\/uploads\/2022\/03\/WhatsApp-Image-2022-03-04-at-19.29.59.jpeg?resize=1536%2C1152&amp;ssl=1 1536w\" sizes=\"auto, (max-width: 800px) 100vw, 800px\" \/><\/p>\n<div><\/div>\n<p dir=\"ltr\">Fue raro, incluso porque\u00a0<strong>habiendo sido \u201carmada\u201d sonaba a muy desorganizada.\u00a0<\/strong><\/p>\n<div><\/div>\n<p dir=\"ltr\">Son de esas protestas que suelen aparecer por estos tiempos, pero no con un reclamo de peso. A\u00fan as\u00ed,\u00a0<strong>funcionarios municipales enfatizaron acerca de la presencia del funcionario nacional \u201corganizando\u201d a la gente minutos antes de iniciar el acto e incluso durante el mismo.<\/strong>\u00a0\u201cUn papel\u00f3n\u201d se agreg\u00f3.<\/p>\n<div><\/div>\n<p dir=\"ltr\">Entre las manifestantes,\u00a0<strong>hab\u00eda una vecina que expres\u00f3 distintos pedidos para su barrio, Isaura, y quien ya hab\u00eda aparecido en medios locales\u00a0 con un reclamo muy puntual en su vivienda<\/strong>: tras plantear durante mucho tiempo del riesgo de un \u00e1rbol que parec\u00eda a punto de caerse, finalmente se cay\u00f3 durante la Navidad de 2021 y le provoc\u00f3 da\u00f1os en el patio y la vivienda.\u00a0<em>\u201cEsta es la gesti\u00f3n que tenemos en el Municipio de Olavarr\u00eda\u201d<\/em>\u00a0dijo.<\/p>\n<div><\/div>\n<p dir=\"ltr\">Por lo pronto, la protesta, m\u00e1s all\u00e1 de los reclamos v\u00e1lidos que puedan tener algunos vecinos y vecinas, pas\u00f3 sin pena ni gloria. Y con acusaciones de haber sido armada para \u201cembarrar la cancha\u201d.<\/p>\n<div><\/div>\n<p dir=\"ltr\"><u><strong>Un paso m\u00e1s en la comisi\u00f3n especial<\/strong><\/u><\/p>\n<p dir=\"ltr\"><img data-recalc-dims=\"1\" loading=\"lazy\" decoding=\"async\" class=\"aligncenter size-full wp-image-48053\" src=\"https:\/\/i0.wp.com\/cdnoticias.com\/wp-content\/uploads\/2022\/03\/HCD-cuarto-informe-00.jpg?resize=800%2C445&#038;ssl=1\" alt=\"\" width=\"800\" height=\"445\" srcset=\"https:\/\/i0.wp.com\/cdnoticias.com\/wp-content\/uploads\/2022\/03\/HCD-cuarto-informe-00.jpg?w=800&amp;ssl=1 800w, https:\/\/i0.wp.com\/cdnoticias.com\/wp-content\/uploads\/2022\/03\/HCD-cuarto-informe-00.jpg?resize=300%2C167&amp;ssl=1 300w, https:\/\/i0.wp.com\/cdnoticias.com\/wp-content\/uploads\/2022\/03\/HCD-cuarto-informe-00.jpg?resize=768%2C427&amp;ssl=1 768w\" sizes=\"auto, (max-width: 800px) 100vw, 800px\" \/><\/p>\n<div><\/div>\n<p dir=\"ltr\">Pas\u00f3 la cuarta semana de funcionamiento de la comisi\u00f3n especial del Concejo Deliberante que investiga la venta irregular de terrenos y dej\u00f3 interesantes novedades.\u00a0<strong>Estuvieron entre otros, el jefe policial de Polic\u00eda, Roberto Landoni, y m\u00e1s damnificados.<\/strong><\/p>\n<div><\/div>\n<p dir=\"ltr\">Mientras el Colegio de Escribanos se excus\u00f3 de asistir, los concejales citaron para la semana siguiente al\u00a0<strong>escribano Alfredo Catanzaro,<\/strong>\u00a0mencionado por algunos damnificados en entrevistas en medios como quien particip\u00f3 de la operatoria.<\/p>\n<div><\/div>\n<p dir=\"ltr\">Adem\u00e1s<strong>, los concejales ya trabajan en el informe final a presentar al cierre de la comisi\u00f3n con el balance de sus actuaciones y las conclusiones de los testimonios.<\/strong><\/p>\n<div><\/div>\n<p dir=\"ltr\">Acerca de los vecinos que se mostraron con pancartas sobre este tema en la inauguraci\u00f3n de sesiones, el intendente sostuvo que\u00a0<em>\u201cpiden que Galli haga justicia y Galli no es ni fiscal ni juez\u201d<\/em>. Despu\u00e9s de esta\u00a0<strong>posesi\u00f3n maradoneana,<\/strong>\u00a0agreg\u00f3 que\u00a0<em>\u201cen un pa\u00eds donde hay divisi\u00f3n de poderes ni el legislativo ni el ejecutivo, pueden hacer justicia\u201d.<\/em><\/p>\n<p dir=\"ltr\"><img data-recalc-dims=\"1\" loading=\"lazy\" decoding=\"async\" class=\"aligncenter size-full wp-image-48054\" src=\"https:\/\/i0.wp.com\/cdnoticias.com\/wp-content\/uploads\/2022\/03\/HCD-cuarto-informe-01.jpg?resize=800%2C445&#038;ssl=1\" alt=\"\" width=\"800\" height=\"445\" srcset=\"https:\/\/i0.wp.com\/cdnoticias.com\/wp-content\/uploads\/2022\/03\/HCD-cuarto-informe-01.jpg?w=800&amp;ssl=1 800w, https:\/\/i0.wp.com\/cdnoticias.com\/wp-content\/uploads\/2022\/03\/HCD-cuarto-informe-01.jpg?resize=300%2C167&amp;ssl=1 300w, https:\/\/i0.wp.com\/cdnoticias.com\/wp-content\/uploads\/2022\/03\/HCD-cuarto-informe-01.jpg?resize=768%2C427&amp;ssl=1 768w\" sizes=\"auto, (max-width: 800px) 100vw, 800px\" \/><\/p>\n<div><\/div>\n<p dir=\"ltr\">Por su lado, la presidenta del interbloque FDT y presidenta de la comisi\u00f3n especial, Land\u00edvar, cuestion\u00f3 que el tema no estuvo en el discurso:\u00a0<em>\u201cnos llam\u00f3 la atenci\u00f3n que no se hiciera menci\u00f3n a un tema tan delicado como este, al trabajo que est\u00e1 haciendo el Concejo. Por respeto tambi\u00e9n a los vecinos y vecinas que sufren esto, que son damnificados, creo que se merec\u00edan que mencionara este tema\u201d.\u00a0<\/em><\/p>\n<div><\/div>\n<p dir=\"ltr\">En cuanto a la causa judicial no hubo muchas novedades. Se pudo saber que el representante legal de los damnificados,\u00a0<strong>el abogado Julio Beley, present\u00f3 una recusaci\u00f3n contra la fiscal Paula Serrano.\u00a0<\/strong>Se basa en al menos una causa anterior en la que la fiscal se excus\u00f3 de intervenir por una relaci\u00f3n personal con el intendente Galli.<\/p>\n<p><strong>Edici\u00f3n reducida<\/strong><\/p>\n<p>&nbsp;<\/p>\n<p>La publicaci\u00f3n de Volver a las Fuentes es gratuita, sale todos los domingos a la ma\u00f1ana. La\u00a0<a href=\"https:\/\/mailchi.mp\/57eb419cb7c9\/el-armado-de-la-inauguracin-de-sesiones-y-el-discurso-conceptual?e=b6c762679c\" target=\"_blank\" rel=\"noopener\">edici\u00f3n completa ac\u00e1<\/a>\u00a0y\u00a0<a href=\"https:\/\/gmail.us17.list-manage.com\/subscribe?u=cba2a41506a8e26d100c3f0f8&amp;id=63ce583cd9\">la\u00a0suscripci\u00f3n est\u00e1 abierta aqu\u00ed mediante una direcci\u00f3n de correo electr\u00f3nico<\/a>.<\/p>\n<p>&nbsp;<\/p>\n","protected":false},"excerpt":{"rendered":"<p>Todo lo que dej\u00f3 el discurso del Intendente con pocos anuncios, muchos conceptos y un repaso por lo realizado. Las<\/p>\n","protected":false},"author":5,"featured_media":48098,"comment_status":"closed","ping_status":"closed","sticky":false,"template":"","format":"standard","meta":{"_jetpack_memberships_contains_paid_content":false,"footnotes":""},"categories":[4,1],"tags":[],"class_list":["post-48239","post","type-post","status-publish","format-standard","has-post-thumbnail","hentry","category-politica","category-portada"],"jetpack_featured_media_url":"https:\/\/i0.wp.com\/cdnoticias.com\/wp-content\/uploads\/2022\/03\/WhatsApp-Image-2022-03-04-at-19.30.08.jpeg?fit=1600%2C1200&ssl=1","jetpack_sharing_enabled":true,"_links":{"self":[{"href":"https:\/\/cdnoticias.com\/index.php\/wp-json\/wp\/v2\/posts\/48239","targetHints":{"allow":["GET"]}}],"collection":[{"href":"https:\/\/cdnoticias.com\/index.php\/wp-json\/wp\/v2\/posts"}],"about":[{"href":"https:\/\/cdnoticias.com\/index.php\/wp-json\/wp\/v2\/types\/post"}],"author":[{"embeddable":true,"href":"https:\/\/cdnoticias.com\/index.php\/wp-json\/wp\/v2\/users\/5"}],"replies":[{"embeddable":true,"href":"https:\/\/cdnoticias.com\/index.php\/wp-json\/wp\/v2\/comments?post=48239"}],"version-history":[{"count":0,"href":"https:\/\/cdnoticias.com\/index.php\/wp-json\/wp\/v2\/posts\/48239\/revisions"}],"wp:featuredmedia":[{"embeddable":true,"href":"https:\/\/cdnoticias.com\/index.php\/wp-json\/wp\/v2\/media\/48098"}],"wp:attachment":[{"href":"https:\/\/cdnoticias.com\/index.php\/wp-json\/wp\/v2\/media?parent=48239"}],"wp:term":[{"taxonomy":"category","embeddable":true,"href":"https:\/\/cdnoticias.com\/index.php\/wp-json\/wp\/v2\/categories?post=48239"},{"taxonomy":"post_tag","embeddable":true,"href":"https:\/\/cdnoticias.com\/index.php\/wp-json\/wp\/v2\/tags?post=48239"}],"curies":[{"name":"wp","href":"https:\/\/api.w.org\/{rel}","templated":true}]}}