{"id":48236,"date":"2022-03-06T18:21:43","date_gmt":"2022-03-06T21:21:43","guid":{"rendered":"https:\/\/www.centraldenoticias.com.ar\/?p=48236"},"modified":"2022-03-06T18:21:43","modified_gmt":"2022-03-06T21:21:43","slug":"realizaron-tareas-de-mantenimiento-de-calles-en-colonia-san-miguel","status":"publish","type":"post","link":"https:\/\/cdnoticias.com\/index.php\/2022\/03\/06\/realizaron-tareas-de-mantenimiento-de-calles-en-colonia-san-miguel\/","title":{"rendered":"Realizaron tareas de mantenimiento de calles en Colonia San Miguel"},"content":{"rendered":"<p>As\u00ed fue informado por la subsecretar\u00eda de Gobierno municipal.<!--more--><\/p>\n<hr \/>\n<p>La Subsecretar\u00eda de Gobierno Municipal inform\u00f3 que <strong>en las \u00faltimas horas se llevaron a cabo tareas de mantenimiento en calles de la localidad de Colonia San Miguel.<\/strong><\/p>\n<p>&nbsp;<\/p>\n<p>En este sentido, el subsecretario de Gobierno Emilio Vitale indic\u00f3 que <strong>los trabajos que se desarrollaron en las calles Los Fundadores, Santa Rosa, Los Patricios, Servet y 9 de Julio fueron de nivelaci\u00f3n, rectificaci\u00f3n y repaso.<\/strong><\/p>\n<p>&nbsp;<\/p>\n<p>Asimismo, el funcionario municipal expres\u00f3 que contin\u00faan <em>\u201ccon los trabajos de mantenimiento y mejora en distintas localidades del Partido de Olavarr\u00eda como parte de un plan integral que fue planificado para todo el a\u00f1o\u201d.<\/em><\/p>\n<p>&nbsp;<\/p>\n<p>Adem\u00e1s, Emilio Vitale detall\u00f3 que<em> \u201cel pr\u00f3ximo lunes <strong>se van a realizar trabajos de mantenimiento en la localidad de Loma Negra<\/strong> para mejorar la transitabilidad de todos los vecinos\u201d.<\/em><\/p>\n","protected":false},"excerpt":{"rendered":"<p>As\u00ed fue informado por la subsecretar\u00eda de Gobierno municipal.<\/p>\n","protected":false},"author":5,"featured_media":48237,"comment_status":"closed","ping_status":"closed","sticky":false,"template":"","format":"standard","meta":{"_jetpack_memberships_contains_paid_content":false,"footnotes":""},"categories":[5,1],"tags":[],"class_list":["post-48236","post","type-post","status-publish","format-standard","has-post-thumbnail","hentry","category-informacion-general","category-portada"],"jetpack_featured_media_url":"https:\/\/i0.wp.com\/cdnoticias.com\/wp-content\/uploads\/2022\/03\/callessanmiguel-1.jpg?fit=1152%2C864&ssl=1","jetpack_sharing_enabled":true,"_links":{"self":[{"href":"https:\/\/cdnoticias.com\/index.php\/wp-json\/wp\/v2\/posts\/48236","targetHints":{"allow":["GET"]}}],"collection":[{"href":"https:\/\/cdnoticias.com\/index.php\/wp-json\/wp\/v2\/posts"}],"about":[{"href":"https:\/\/cdnoticias.com\/index.php\/wp-json\/wp\/v2\/types\/post"}],"author":[{"embeddable":true,"href":"https:\/\/cdnoticias.com\/index.php\/wp-json\/wp\/v2\/users\/5"}],"replies":[{"embeddable":true,"href":"https:\/\/cdnoticias.com\/index.php\/wp-json\/wp\/v2\/comments?post=48236"}],"version-history":[{"count":0,"href":"https:\/\/cdnoticias.com\/index.php\/wp-json\/wp\/v2\/posts\/48236\/revisions"}],"wp:featuredmedia":[{"embeddable":true,"href":"https:\/\/cdnoticias.com\/index.php\/wp-json\/wp\/v2\/media\/48237"}],"wp:attachment":[{"href":"https:\/\/cdnoticias.com\/index.php\/wp-json\/wp\/v2\/media?parent=48236"}],"wp:term":[{"taxonomy":"category","embeddable":true,"href":"https:\/\/cdnoticias.com\/index.php\/wp-json\/wp\/v2\/categories?post=48236"},{"taxonomy":"post_tag","embeddable":true,"href":"https:\/\/cdnoticias.com\/index.php\/wp-json\/wp\/v2\/tags?post=48236"}],"curies":[{"name":"wp","href":"https:\/\/api.w.org\/{rel}","templated":true}]}}