{"id":48223,"date":"2022-03-06T13:00:36","date_gmt":"2022-03-06T16:00:36","guid":{"rendered":"https:\/\/www.centraldenoticias.com.ar\/?p=48223"},"modified":"2022-03-06T13:00:36","modified_gmt":"2022-03-06T16:00:36","slug":"estamos-hartas-basta-de-matarnos","status":"publish","type":"post","link":"https:\/\/cdnoticias.com\/index.php\/2022\/03\/06\/estamos-hartas-basta-de-matarnos\/","title":{"rendered":"\u201cEstamos hartas. Basta de matarnos\u201d"},"content":{"rendered":"<p align=\"left\">Convocan a una manifestaci\u00f3n tras el asesinato de una joven. Ser\u00e1 a las 19 en el Paseo Jes\u00fas Mendia.<!--more--><\/p>\n<hr \/>\n<p>La <strong>Asamblea Feminista y Disidente Olavarr\u00eda<\/strong> convoc\u00f3 a una manifestaci\u00f3n ante el<a href=\"https:\/\/cdnoticias.com\/index.php\/2022\/03\/06\/un-hombre-asesino-a-su-ex-cunada-durante-la-madrugada-de-este-domingo\/\" target=\"_blank\" rel=\"noopener\"> asesinato en contexto de violencia de g\u00e9nero de una joven de 18 a\u00f1os.<\/a><\/p>\n<p>\u201cEstamos hartas de que nos arrebaten las vidas. Ya no podemos m\u00e1s con esta impunidad\u201d, se\u00f1alaron.<\/p>\n<p>La concentraci\u00f3n ser\u00e1 este domingo desde las 19 en el Paseo Jes\u00fas Mendia.<\/p>\n<p align=\"left\"><img data-recalc-dims=\"1\" loading=\"lazy\" decoding=\"async\" class=\"aligncenter size-full wp-image-48220\" src=\"https:\/\/i0.wp.com\/cdnoticias.com\/wp-content\/uploads\/2022\/03\/WhatsApp-Image-2022-03-06-at-12.15.17.jpeg?resize=800%2C800&#038;ssl=1\" alt=\"\" width=\"800\" height=\"800\" srcset=\"https:\/\/i0.wp.com\/cdnoticias.com\/wp-content\/uploads\/2022\/03\/WhatsApp-Image-2022-03-06-at-12.15.17.jpeg?w=1080&amp;ssl=1 1080w, https:\/\/i0.wp.com\/cdnoticias.com\/wp-content\/uploads\/2022\/03\/WhatsApp-Image-2022-03-06-at-12.15.17.jpeg?resize=300%2C300&amp;ssl=1 300w, https:\/\/i0.wp.com\/cdnoticias.com\/wp-content\/uploads\/2022\/03\/WhatsApp-Image-2022-03-06-at-12.15.17.jpeg?resize=1024%2C1024&amp;ssl=1 1024w, https:\/\/i0.wp.com\/cdnoticias.com\/wp-content\/uploads\/2022\/03\/WhatsApp-Image-2022-03-06-at-12.15.17.jpeg?resize=150%2C150&amp;ssl=1 150w, https:\/\/i0.wp.com\/cdnoticias.com\/wp-content\/uploads\/2022\/03\/WhatsApp-Image-2022-03-06-at-12.15.17.jpeg?resize=768%2C768&amp;ssl=1 768w\" sizes=\"auto, (max-width: 800px) 100vw, 800px\" \/><\/p>\n<p align=\"left\"><strong>\u00a0<\/strong><\/p>\n<p style=\"text-align: center;\" align=\"left\"><em>Si estas viviendo una situaci\u00f3n de violencia de g\u00e9nero, comun\u00edcate al 2284 583337 (Direcci\u00f3n de Pol\u00edticas de G\u00e9nero) o al 144.<\/em><\/p>\n<p align=\"left\"><strong>Imagen de portada. ARCHIVO.<\/strong><\/p>\n","protected":false},"excerpt":{"rendered":"<p>Convocan a una manifestaci\u00f3n tras el asesinato de una joven. Ser\u00e1 a las 19 en el Paseo Jes\u00fas Mendia.<\/p>\n","protected":false},"author":5,"featured_media":13468,"comment_status":"closed","ping_status":"closed","sticky":false,"template":"","format":"standard","meta":{"_jetpack_memberships_contains_paid_content":false,"footnotes":""},"categories":[3,1],"tags":[],"class_list":["post-48223","post","type-post","status-publish","format-standard","has-post-thumbnail","hentry","category-genero","category-portada"],"jetpack_featured_media_url":"https:\/\/i0.wp.com\/cdnoticias.com\/wp-content\/uploads\/2021\/02\/ursula09.jpg?fit=800%2C445&ssl=1","jetpack_sharing_enabled":true,"_links":{"self":[{"href":"https:\/\/cdnoticias.com\/index.php\/wp-json\/wp\/v2\/posts\/48223","targetHints":{"allow":["GET"]}}],"collection":[{"href":"https:\/\/cdnoticias.com\/index.php\/wp-json\/wp\/v2\/posts"}],"about":[{"href":"https:\/\/cdnoticias.com\/index.php\/wp-json\/wp\/v2\/types\/post"}],"author":[{"embeddable":true,"href":"https:\/\/cdnoticias.com\/index.php\/wp-json\/wp\/v2\/users\/5"}],"replies":[{"embeddable":true,"href":"https:\/\/cdnoticias.com\/index.php\/wp-json\/wp\/v2\/comments?post=48223"}],"version-history":[{"count":0,"href":"https:\/\/cdnoticias.com\/index.php\/wp-json\/wp\/v2\/posts\/48223\/revisions"}],"wp:featuredmedia":[{"embeddable":true,"href":"https:\/\/cdnoticias.com\/index.php\/wp-json\/wp\/v2\/media\/13468"}],"wp:attachment":[{"href":"https:\/\/cdnoticias.com\/index.php\/wp-json\/wp\/v2\/media?parent=48223"}],"wp:term":[{"taxonomy":"category","embeddable":true,"href":"https:\/\/cdnoticias.com\/index.php\/wp-json\/wp\/v2\/categories?post=48223"},{"taxonomy":"post_tag","embeddable":true,"href":"https:\/\/cdnoticias.com\/index.php\/wp-json\/wp\/v2\/tags?post=48223"}],"curies":[{"name":"wp","href":"https:\/\/api.w.org\/{rel}","templated":true}]}}