{"id":48191,"date":"2022-03-06T09:03:33","date_gmt":"2022-03-06T12:03:33","guid":{"rendered":"https:\/\/www.centraldenoticias.com.ar\/?p=48191"},"modified":"2022-03-06T09:03:33","modified_gmt":"2022-03-06T12:03:33","slug":"ignacio-toledo-nacho-q-e-p-d","status":"publish","type":"post","link":"https:\/\/cdnoticias.com\/index.php\/2022\/03\/06\/ignacio-toledo-nacho-q-e-p-d\/","title":{"rendered":"Ignacio Toledo \u201cNacho\u201d (Q.E.P.D.)"},"content":{"rendered":"<p>Falleci\u00f3 en Olavarr\u00eda el 5 marzo a los 19 a\u00f1os de edad. Sus padres Oscar Eduardo Toledo y Claudia Marina Dom\u00ednguez. Sus hermanos Pablo, Alejandro, Te\u00f3filo, Brisa, Jennifer, Carla, Estefan\u00eda, Maia, Mayte, Morena y Marina. Sus sobrinos Oriana, Paloma, Alma, Thian, Benjam\u00edn, Lian, Luz, Diego, Bautista, Genaro, Tobias, Thiago y Joel. Sus abuelos Maria Ester L\u00f3pez y Carlos Dom\u00ednguez, Mabel Farias; Sus primos y dem\u00e1s deudos participan su fallecimiento.<\/p>\n<p>&nbsp;<\/p>\n<p>Sus restos ser\u00e1n velados en Espa\u00f1a 2942, sala \u201cD\u201d (comienza 5:30) y ser\u00e1n inhumados este domingo 6 de marzo a las 9:30 en el cementerio Loma de Paz, previo responso en la capilla ardiente. Vecino de barrio Juan Mart\u00edn de Pueyrred\u00f3n.<\/p>\n","protected":false},"excerpt":{"rendered":"<p>Falleci\u00f3 en Olavarr\u00eda el 5 marzo a los 19 a\u00f1os de edad. Sus padres Oscar Eduardo Toledo y Claudia Marina<\/p>\n","protected":false},"author":5,"featured_media":0,"comment_status":"closed","ping_status":"closed","sticky":false,"template":"","format":"standard","meta":{"_jetpack_memberships_contains_paid_content":false,"footnotes":""},"categories":[10],"tags":[],"class_list":["post-48191","post","type-post","status-publish","format-standard","hentry","category-necrologicas"],"jetpack_featured_media_url":"","jetpack_sharing_enabled":true,"_links":{"self":[{"href":"https:\/\/cdnoticias.com\/index.php\/wp-json\/wp\/v2\/posts\/48191","targetHints":{"allow":["GET"]}}],"collection":[{"href":"https:\/\/cdnoticias.com\/index.php\/wp-json\/wp\/v2\/posts"}],"about":[{"href":"https:\/\/cdnoticias.com\/index.php\/wp-json\/wp\/v2\/types\/post"}],"author":[{"embeddable":true,"href":"https:\/\/cdnoticias.com\/index.php\/wp-json\/wp\/v2\/users\/5"}],"replies":[{"embeddable":true,"href":"https:\/\/cdnoticias.com\/index.php\/wp-json\/wp\/v2\/comments?post=48191"}],"version-history":[{"count":0,"href":"https:\/\/cdnoticias.com\/index.php\/wp-json\/wp\/v2\/posts\/48191\/revisions"}],"wp:attachment":[{"href":"https:\/\/cdnoticias.com\/index.php\/wp-json\/wp\/v2\/media?parent=48191"}],"wp:term":[{"taxonomy":"category","embeddable":true,"href":"https:\/\/cdnoticias.com\/index.php\/wp-json\/wp\/v2\/categories?post=48191"},{"taxonomy":"post_tag","embeddable":true,"href":"https:\/\/cdnoticias.com\/index.php\/wp-json\/wp\/v2\/tags?post=48191"}],"curies":[{"name":"wp","href":"https:\/\/api.w.org\/{rel}","templated":true}]}}