{"id":48186,"date":"2022-03-05T18:19:51","date_gmt":"2022-03-05T21:19:51","guid":{"rendered":"https:\/\/www.centraldenoticias.com.ar\/?p=48186"},"modified":"2022-03-05T18:19:51","modified_gmt":"2022-03-05T21:19:51","slug":"aplicaron-1-400-dosis-contra-el-covid-hay-posta-de-vacunacion-en-el-festival-de-doma-y-folclore","status":"publish","type":"post","link":"https:\/\/cdnoticias.com\/index.php\/2022\/03\/05\/aplicaron-1-400-dosis-contra-el-covid-hay-posta-de-vacunacion-en-el-festival-de-doma-y-folclore\/","title":{"rendered":"Aplicaron 1.400 dosis contra el COVID: hay posta de vacunaci\u00f3n en el Festival de Doma y Folclore"},"content":{"rendered":"<p>El n\u00famero corresponde del 26 de febrero al 4 de marzo. Por la vuelta segura a las aulas, aplicaron casi 500 dosis.<!--more--><\/p>\n<hr \/>\n<p>Informado por Regi\u00f3n Sanitaria IX,<strong> en la semana correspondiente del 26 de febrero al 4 de marzo se aplicaron 497 vacunas contra el Covid a ni\u00f1as y ni\u00f1os, garantizando una vuelta segura a las aulas sobre un total de 1469 aplicaciones.<\/strong><\/p>\n<p>&nbsp;<\/p>\n<p>Las mismas fueron distribuidas de la siguiente manera: en la <strong>Facultad de Ciencias de la Salud<\/strong> se inocularon 841 personas; en la <strong>Mutual Carlos A. Moreno de Suteba<\/strong> se aplicaron 345 dosis; y en las <strong>postas itinerantes<\/strong> fueron 283 los vecinos y vecinas vacunadas.<\/p>\n<p>Se recuerda adem\u00e1s que <strong>durante este fin de semana habr\u00e1 una posta itinerante de vacunaci\u00f3n durante los tres d\u00edas del Festival Nacional de Doma y Folclore instalada dentro del predio de la Sociedad Rural.<\/strong> All\u00ed se podr\u00e1n iniciar o completar esquemas con aplicaciones de primeras, segundas y terceras dosis contra el Covid.<\/p>\n<p>&nbsp;<\/p>\n<p><img data-recalc-dims=\"1\" loading=\"lazy\" decoding=\"async\" class=\"alignnone size-large wp-image-48187\" src=\"https:\/\/i0.wp.com\/cdnoticias.com\/wp-content\/uploads\/2022\/03\/WhatsApp-Image-2022-03-05-at-10.58.41.jpeg?resize=800%2C600&#038;ssl=1\" alt=\"\" width=\"800\" height=\"600\" srcset=\"https:\/\/i0.wp.com\/cdnoticias.com\/wp-content\/uploads\/2022\/03\/WhatsApp-Image-2022-03-05-at-10.58.41.jpeg?resize=1024%2C768&amp;ssl=1 1024w, https:\/\/i0.wp.com\/cdnoticias.com\/wp-content\/uploads\/2022\/03\/WhatsApp-Image-2022-03-05-at-10.58.41.jpeg?resize=300%2C225&amp;ssl=1 300w, https:\/\/i0.wp.com\/cdnoticias.com\/wp-content\/uploads\/2022\/03\/WhatsApp-Image-2022-03-05-at-10.58.41.jpeg?resize=768%2C576&amp;ssl=1 768w, https:\/\/i0.wp.com\/cdnoticias.com\/wp-content\/uploads\/2022\/03\/WhatsApp-Image-2022-03-05-at-10.58.41.jpeg?w=1032&amp;ssl=1 1032w\" sizes=\"auto, (max-width: 800px) 100vw, 800px\" \/><\/p>\n<p>Adem\u00e1s,<strong> comenz\u00f3 la aplicaci\u00f3n de refuerzo libre para mayores de 12 a\u00f1os siempre y cuando se hayan cumplido 4 meses desde la \u00faltima aplicaci\u00f3n o desde que completaron su esquema inicial de vacunaci\u00f3n.<\/strong> Asimismo contin\u00faa la inoculaci\u00f3n libre de primeras y segundas dosis para mayores de 3 a\u00f1os, ya sean argentinas, argentinos y turistas extranjeros.<\/p>\n<p>En cuanto a las actividades preventivas en el<strong> Centro Provincial de Testeos<\/strong>, contin\u00faan los hisopados en el sal\u00f3n de Club El Fort\u00edn (Urquiza 2981), de lunes a viernes de 7 a 11 hs, <strong>destinadas a mayores de 60, personas de riego o embarazadas.<\/strong><\/p>\n<p>Por consultas, podr\u00e1n acercarse a cualquiera de las dos postas: Mutual Carlos Alberto Moreno, ubicada en Collinet 4544, de 8 a 14 hs, y en la Facultad de Ciencias de la Salud, Merlo entre Av. Pringles y 9 de Julio, de 8 a 18 hs.<\/p>\n","protected":false},"excerpt":{"rendered":"<p>El n\u00famero corresponde del 26 de febrero al 4 de marzo. Por la vuelta segura a las aulas, aplicaron casi<\/p>\n","protected":false},"author":2,"featured_media":48188,"comment_status":"closed","ping_status":"closed","sticky":false,"template":"","format":"standard","meta":{"_jetpack_memberships_contains_paid_content":false,"footnotes":""},"categories":[16,1],"tags":[],"class_list":["post-48186","post","type-post","status-publish","format-standard","has-post-thumbnail","hentry","category-covid-19","category-portada"],"jetpack_featured_media_url":"https:\/\/i0.wp.com\/cdnoticias.com\/wp-content\/uploads\/2022\/03\/WhatsApp-Image-2022-03-05-at-10.58.44.jpeg?fit=1032%2C774&ssl=1","jetpack_sharing_enabled":true,"_links":{"self":[{"href":"https:\/\/cdnoticias.com\/index.php\/wp-json\/wp\/v2\/posts\/48186","targetHints":{"allow":["GET"]}}],"collection":[{"href":"https:\/\/cdnoticias.com\/index.php\/wp-json\/wp\/v2\/posts"}],"about":[{"href":"https:\/\/cdnoticias.com\/index.php\/wp-json\/wp\/v2\/types\/post"}],"author":[{"embeddable":true,"href":"https:\/\/cdnoticias.com\/index.php\/wp-json\/wp\/v2\/users\/2"}],"replies":[{"embeddable":true,"href":"https:\/\/cdnoticias.com\/index.php\/wp-json\/wp\/v2\/comments?post=48186"}],"version-history":[{"count":0,"href":"https:\/\/cdnoticias.com\/index.php\/wp-json\/wp\/v2\/posts\/48186\/revisions"}],"wp:featuredmedia":[{"embeddable":true,"href":"https:\/\/cdnoticias.com\/index.php\/wp-json\/wp\/v2\/media\/48188"}],"wp:attachment":[{"href":"https:\/\/cdnoticias.com\/index.php\/wp-json\/wp\/v2\/media?parent=48186"}],"wp:term":[{"taxonomy":"category","embeddable":true,"href":"https:\/\/cdnoticias.com\/index.php\/wp-json\/wp\/v2\/categories?post=48186"},{"taxonomy":"post_tag","embeddable":true,"href":"https:\/\/cdnoticias.com\/index.php\/wp-json\/wp\/v2\/tags?post=48186"}],"curies":[{"name":"wp","href":"https:\/\/api.w.org\/{rel}","templated":true}]}}