{"id":4818,"date":"2020-10-24T18:10:32","date_gmt":"2020-10-24T21:10:32","guid":{"rendered":"http:\/\/www.centraldenoticias.com.ar\/?p=4818"},"modified":"2020-10-25T11:38:30","modified_gmt":"2020-10-25T14:38:30","slug":"covid19-murieron-dos-pacientes-y-olavarria-ya-cuenta-63-fallecimientos","status":"publish","type":"post","link":"https:\/\/cdnoticias.com\/index.php\/2020\/10\/24\/covid19-murieron-dos-pacientes-y-olavarria-ya-cuenta-63-fallecimientos\/","title":{"rendered":"Covid19: Murieron dos pacientes y Olavarr\u00eda ya cuenta 63 fallecimientos"},"content":{"rendered":"<p>Se trat\u00f3 de una mujer de 72 a\u00f1os y un hombre de 82 a\u00f1os. A la par, se registraron 55 nuevos casos.<\/p>\n<p><!--more--><\/p>\n<hr \/>\n<p>En el parte oficial emitido en la tarde este s\u00e1bado la secretar\u00eda de Salud Municipal narr\u00f3 que en las \u00faltimas horas se produjo la <strong>muerte de dos pacientes que hab\u00edan resultado positivos para Covid19. Son 63 los fallecimientos desde el inicio de la pandemia.<\/strong><\/p>\n<p>&nbsp;<\/p>\n<p>Se narr\u00f3 que uno de los casos corresponde a<strong> una paciente de 72 a\u00f1os, quien presentaba \u201ccomorbilidades previas\u201d y que hab\u00eda estado internada durante siete d\u00edas en la denominada Cl\u00ednica Covid del Hospital Municipal \u201cDoctor H\u00e9ctor Cura\u201d.<\/strong><\/p>\n<p>&nbsp;<\/p>\n<p><img data-recalc-dims=\"1\" loading=\"lazy\" decoding=\"async\" class=\"alignnone size-large wp-image-4819\" src=\"https:\/\/i0.wp.com\/cdnoticias.com\/wp-content\/uploads\/2020\/10\/parte-17.jpg?resize=800%2C405&#038;ssl=1\" alt=\"\" width=\"800\" height=\"405\" srcset=\"https:\/\/i0.wp.com\/cdnoticias.com\/wp-content\/uploads\/2020\/10\/parte-17.jpg?resize=1024%2C519&amp;ssl=1 1024w, https:\/\/i0.wp.com\/cdnoticias.com\/wp-content\/uploads\/2020\/10\/parte-17.jpg?resize=300%2C152&amp;ssl=1 300w, https:\/\/i0.wp.com\/cdnoticias.com\/wp-content\/uploads\/2020\/10\/parte-17.jpg?resize=768%2C389&amp;ssl=1 768w, https:\/\/i0.wp.com\/cdnoticias.com\/wp-content\/uploads\/2020\/10\/parte-17.jpg?w=1162&amp;ssl=1 1162w\" sizes=\"auto, (max-width: 800px) 100vw, 800px\" \/><\/p>\n<p>&nbsp;<\/p>\n<p>El caso restante es el de un<strong>\u00a0paciente de sexo masculino ten\u00eda 82 a\u00f1os, tambi\u00e9n presentaba comorbilidades y estaba internado en el nosocomio local desde el 17 de octubre pasado<\/strong>. Se enfatiz\u00f3 que el intendente Ezequiel Galli y la Municipalidad de Olavarr\u00eda env\u00edan condolencias a los familiares y amigos de las personas fallecidas.<\/p>\n<p>&nbsp;<\/p>\n<p>Por otra parte,<strong> se expres\u00f3 que en la jornada de este s\u00e1bado se registraron 55 nuevos casos de Covid-19 en el partido de Olavarr\u00eda y hubo 72 pacientes que recibieron el alta m\u00e9dica, por lo que son 767 los pacientes activos<\/strong>. Se realizaron un total de 115 testeos, de los cuales 60 fueron negativos. Desde el inicio de la pandemia se han practicado m\u00e1s de 7500 testeos.<\/p>\n<p>&nbsp;<\/p>\n<p><img data-recalc-dims=\"1\" loading=\"lazy\" decoding=\"async\" class=\"alignnone size-large wp-image-4820\" src=\"https:\/\/i0.wp.com\/cdnoticias.com\/wp-content\/uploads\/2020\/10\/WhatsApp-Image-2020-10-24-at-17.49.44.jpeg?resize=800%2C800&#038;ssl=1\" alt=\"\" width=\"800\" height=\"800\" srcset=\"https:\/\/i0.wp.com\/cdnoticias.com\/wp-content\/uploads\/2020\/10\/WhatsApp-Image-2020-10-24-at-17.49.44.jpeg?resize=1024%2C1024&amp;ssl=1 1024w, https:\/\/i0.wp.com\/cdnoticias.com\/wp-content\/uploads\/2020\/10\/WhatsApp-Image-2020-10-24-at-17.49.44.jpeg?resize=150%2C150&amp;ssl=1 150w, https:\/\/i0.wp.com\/cdnoticias.com\/wp-content\/uploads\/2020\/10\/WhatsApp-Image-2020-10-24-at-17.49.44.jpeg?resize=300%2C300&amp;ssl=1 300w, https:\/\/i0.wp.com\/cdnoticias.com\/wp-content\/uploads\/2020\/10\/WhatsApp-Image-2020-10-24-at-17.49.44.jpeg?resize=768%2C768&amp;ssl=1 768w, https:\/\/i0.wp.com\/cdnoticias.com\/wp-content\/uploads\/2020\/10\/WhatsApp-Image-2020-10-24-at-17.49.44.jpeg?w=1280&amp;ssl=1 1280w\" sizes=\"auto, (max-width: 800px) 100vw, 800px\" \/><\/p>\n<p>&nbsp;<\/p>\n<p>Sobre los nuevos casos la Secretar\u00eda de Salud del Gobierno Municipal inform\u00f3 que corresponden a personal de seguridad, de f\u00e1bricas, de salud, de comercios locales y a nexos con positivos anteriores. <a href=\"https:\/\/cdnoticias.com\/index.php\/2020\/10\/24\/rta-en-espigas-y-blanca-grande-18-testeos-todos-negativos\/\" target=\"_blank\" rel=\"noopener\">Vale recordar que se inici\u00f3 la segunda etapa del programa RTA (Rastrear, Testear, Aislar) en Espigas y Blanca Grande, donde se realizaron 18 hisopados y todos resultaron negativos.<\/a><\/p>\n<p>&nbsp;<\/p>\n<p>Sobre el estado actual del Hospital, se indic\u00f3 que <strong>hay trece pacientes en Unidad de Terapia Intensiva y veintinueve en Cuidados Generales.\u00a0 No hay internados en el sector de Pediatr\u00eda<\/strong>. En este sentido, desde la Secretar\u00eda de Salud Municipal aseguraron que el 90% de los casos positivos corresponden a personas con menos de 60 a\u00f1os y el 10% a mayores de 60 a\u00f1os. Por \u00faltimo, se record\u00f3 que este domingo no se procesar\u00e1n muestras en el Laboratorio de Biolog\u00eda Molecular.<\/p>\n","protected":false},"excerpt":{"rendered":"<p>Se trat\u00f3 de una mujer de 72 a\u00f1os y un hombre de 82 a\u00f1os. A la par, se registraron 55<\/p>\n","protected":false},"author":3,"featured_media":703,"comment_status":"closed","ping_status":"closed","sticky":false,"template":"","format":"standard","meta":{"_jetpack_memberships_contains_paid_content":false,"footnotes":""},"categories":[5,1],"tags":[],"class_list":["post-4818","post","type-post","status-publish","format-standard","has-post-thumbnail","hentry","category-informacion-general","category-portada"],"jetpack_featured_media_url":"https:\/\/i0.wp.com\/cdnoticias.com\/wp-content\/uploads\/2020\/09\/hospital2.jpg?fit=820%2C543&ssl=1","jetpack_sharing_enabled":true,"_links":{"self":[{"href":"https:\/\/cdnoticias.com\/index.php\/wp-json\/wp\/v2\/posts\/4818","targetHints":{"allow":["GET"]}}],"collection":[{"href":"https:\/\/cdnoticias.com\/index.php\/wp-json\/wp\/v2\/posts"}],"about":[{"href":"https:\/\/cdnoticias.com\/index.php\/wp-json\/wp\/v2\/types\/post"}],"author":[{"embeddable":true,"href":"https:\/\/cdnoticias.com\/index.php\/wp-json\/wp\/v2\/users\/3"}],"replies":[{"embeddable":true,"href":"https:\/\/cdnoticias.com\/index.php\/wp-json\/wp\/v2\/comments?post=4818"}],"version-history":[{"count":0,"href":"https:\/\/cdnoticias.com\/index.php\/wp-json\/wp\/v2\/posts\/4818\/revisions"}],"wp:featuredmedia":[{"embeddable":true,"href":"https:\/\/cdnoticias.com\/index.php\/wp-json\/wp\/v2\/media\/703"}],"wp:attachment":[{"href":"https:\/\/cdnoticias.com\/index.php\/wp-json\/wp\/v2\/media?parent=4818"}],"wp:term":[{"taxonomy":"category","embeddable":true,"href":"https:\/\/cdnoticias.com\/index.php\/wp-json\/wp\/v2\/categories?post=4818"},{"taxonomy":"post_tag","embeddable":true,"href":"https:\/\/cdnoticias.com\/index.php\/wp-json\/wp\/v2\/tags?post=4818"}],"curies":[{"name":"wp","href":"https:\/\/api.w.org\/{rel}","templated":true}]}}