{"id":48151,"date":"2022-03-05T10:52:18","date_gmt":"2022-03-05T13:52:18","guid":{"rendered":"https:\/\/www.centraldenoticias.com.ar\/?p=48151"},"modified":"2022-03-05T15:01:59","modified_gmt":"2022-03-05T18:01:59","slug":"se-conocio-la-identidad-del-motociclista-fallecido-en-ruta-226","status":"publish","type":"post","link":"https:\/\/cdnoticias.com\/index.php\/2022\/03\/05\/se-conocio-la-identidad-del-motociclista-fallecido-en-ruta-226\/","title":{"rendered":"Se conoci\u00f3 la identidad del motociclista fallecido en ruta 226"},"content":{"rendered":"<p>El siniestro vial se produjo este s\u00e1bado en ruta 226. El conductor de la moto fue arrollado por un cami\u00f3n que circulaba en el mismo sentido.<!--more--><\/p>\n<hr \/>\n<p>Este s\u00e1bado por la ma\u00f1ana se produjo un<a href=\"https:\/\/cdnoticias.com\/index.php\/2022\/03\/05\/fatal-accidente-en-ruta-226-fallecio-un-motociclista-tras-chocar-con-un-camion\/\" target=\"_blank\" rel=\"noopener\"> fatal siniestro vial en ruta 226<\/a> a 500 metros de la rotonda de Cerro Negro.<\/p>\n<p>&nbsp;<\/p>\n<p>En el lugar, <strong>un motociclista fue arrollado por un cami\u00f3n que circulaba en el mismo sentido<\/strong>, con direcci\u00f3n a Olavarr\u00eda.<\/p>\n<p>&nbsp;<\/p>\n<blockquote><p>Se trata de Walter Fabi\u00e1n Carrizo de 38 a\u00f1os, quien conduc\u00eda una moto Gilera 110cc. Seg\u00fan indicaron fuentes oficiales, Carrizo falleci\u00f3 de forma instant\u00e1nea.<\/p><\/blockquote>\n<p>&nbsp;<\/p>\n<p><img data-recalc-dims=\"1\" loading=\"lazy\" decoding=\"async\" class=\"aligncenter size-full wp-image-48139\" src=\"https:\/\/i0.wp.com\/cdnoticias.com\/wp-content\/uploads\/2022\/03\/WhatsApp-Image-2022-03-05-at-08.51.24.jpeg?resize=800%2C600&#038;ssl=1\" alt=\"\" width=\"800\" height=\"600\" srcset=\"https:\/\/i0.wp.com\/cdnoticias.com\/wp-content\/uploads\/2022\/03\/WhatsApp-Image-2022-03-05-at-08.51.24.jpeg?w=1599&amp;ssl=1 1599w, https:\/\/i0.wp.com\/cdnoticias.com\/wp-content\/uploads\/2022\/03\/WhatsApp-Image-2022-03-05-at-08.51.24.jpeg?resize=300%2C225&amp;ssl=1 300w, https:\/\/i0.wp.com\/cdnoticias.com\/wp-content\/uploads\/2022\/03\/WhatsApp-Image-2022-03-05-at-08.51.24.jpeg?resize=1024%2C768&amp;ssl=1 1024w, https:\/\/i0.wp.com\/cdnoticias.com\/wp-content\/uploads\/2022\/03\/WhatsApp-Image-2022-03-05-at-08.51.24.jpeg?resize=768%2C576&amp;ssl=1 768w, https:\/\/i0.wp.com\/cdnoticias.com\/wp-content\/uploads\/2022\/03\/WhatsApp-Image-2022-03-05-at-08.51.24.jpeg?resize=1536%2C1153&amp;ssl=1 1536w\" sizes=\"auto, (max-width: 800px) 100vw, 800px\" \/><\/p>\n<p>&nbsp;<\/p>\n<p>La causa fue caratulada como<strong> \u201chomicidio culposo\u201d<\/strong> y la investigaci\u00f3n se encuentra a cargo de la UFI N\u00ba 7, del Dr. Christian Url\u00e9zaga.<\/p>\n","protected":false},"excerpt":{"rendered":"<p>El siniestro vial se produjo este s\u00e1bado en ruta 226. El conductor de la moto fue arrollado por un cami\u00f3n<\/p>\n","protected":false},"author":5,"featured_media":48152,"comment_status":"closed","ping_status":"closed","sticky":false,"template":"","format":"standard","meta":{"_jetpack_memberships_contains_paid_content":false,"footnotes":""},"categories":[14,1],"tags":[],"class_list":["post-48151","post","type-post","status-publish","format-standard","has-post-thumbnail","hentry","category-policiales","category-portada"],"jetpack_featured_media_url":"https:\/\/i0.wp.com\/cdnoticias.com\/wp-content\/uploads\/2022\/03\/WhatsApp-Image-2022-03-05-at-09.41.39.jpeg?fit=1600%2C900&ssl=1","jetpack_sharing_enabled":true,"_links":{"self":[{"href":"https:\/\/cdnoticias.com\/index.php\/wp-json\/wp\/v2\/posts\/48151","targetHints":{"allow":["GET"]}}],"collection":[{"href":"https:\/\/cdnoticias.com\/index.php\/wp-json\/wp\/v2\/posts"}],"about":[{"href":"https:\/\/cdnoticias.com\/index.php\/wp-json\/wp\/v2\/types\/post"}],"author":[{"embeddable":true,"href":"https:\/\/cdnoticias.com\/index.php\/wp-json\/wp\/v2\/users\/5"}],"replies":[{"embeddable":true,"href":"https:\/\/cdnoticias.com\/index.php\/wp-json\/wp\/v2\/comments?post=48151"}],"version-history":[{"count":0,"href":"https:\/\/cdnoticias.com\/index.php\/wp-json\/wp\/v2\/posts\/48151\/revisions"}],"wp:featuredmedia":[{"embeddable":true,"href":"https:\/\/cdnoticias.com\/index.php\/wp-json\/wp\/v2\/media\/48152"}],"wp:attachment":[{"href":"https:\/\/cdnoticias.com\/index.php\/wp-json\/wp\/v2\/media?parent=48151"}],"wp:term":[{"taxonomy":"category","embeddable":true,"href":"https:\/\/cdnoticias.com\/index.php\/wp-json\/wp\/v2\/categories?post=48151"},{"taxonomy":"post_tag","embeddable":true,"href":"https:\/\/cdnoticias.com\/index.php\/wp-json\/wp\/v2\/tags?post=48151"}],"curies":[{"name":"wp","href":"https:\/\/api.w.org\/{rel}","templated":true}]}}