{"id":48146,"date":"2022-03-05T10:03:47","date_gmt":"2022-03-05T13:03:47","guid":{"rendered":"https:\/\/www.centraldenoticias.com.ar\/?p=48146"},"modified":"2022-03-05T10:52:34","modified_gmt":"2022-03-05T13:52:34","slug":"un-motociclista-fallecio-en-otro-siniestro-vial-en-olavarria","status":"publish","type":"post","link":"https:\/\/cdnoticias.com\/index.php\/2022\/03\/05\/un-motociclista-fallecio-en-otro-siniestro-vial-en-olavarria\/","title":{"rendered":"Un motociclista falleci\u00f3 en otro siniestro vial en Olavarr\u00eda"},"content":{"rendered":"<p>Fue tras el choque con una camioneta en Rend\u00f3n y Chiclana. Polic\u00eda Cient\u00edfica trabaja en el lugar. <!--more--><\/p>\n<p>Otro siniestro vial fatal se produjo durante este s\u00e1bado en el barrio Mart\u00edn Fierro.<\/p>\n<p>&nbsp;<\/p>\n<p>Recordemos que durante la ma\u00f1ana de esta jornada se dio cuenta del<a href=\"https:\/\/cdnoticias.com\/index.php\/2022\/03\/05\/fatal-accidente-en-ruta-226-fallecio-un-motociclista-tras-chocar-con-un-camion\/\" target=\"_blank\" rel=\"noopener\"> fallecimiento de un motociclista en un hecho ocurrido en ruta 226.<\/a><\/p>\n<p>&nbsp;<\/p>\n<p>En esta oportunidad, <strong>una camioneta Amarok que circulaba por Chiclana impact\u00f3 contra una moto que se trasladaba por Rend\u00f3n.<\/strong><\/p>\n<p>&nbsp;<\/p>\n<p>Producto del choque,<strong> el joven conductor de la moto falleci\u00f3 en el lugar. Tras el lamentable suceso, personal de Polic\u00eda Cient\u00edfica trabaja en el lugar para determinar las causas precisas del siniestro vial y lo que gener\u00f3 la muerte de esta persona.\u00a0<\/strong><\/p>\n<p>&nbsp;<\/p>\n<p>El tr\u00e1nsito se encuentra interrumpido en<\/p>\n","protected":false},"excerpt":{"rendered":"<p>Fue tras el choque con una camioneta en Rend\u00f3n y Chiclana. Polic\u00eda Cient\u00edfica trabaja en el lugar.<\/p>\n","protected":false},"author":5,"featured_media":48147,"comment_status":"closed","ping_status":"closed","sticky":false,"template":"","format":"standard","meta":{"_jetpack_memberships_contains_paid_content":false,"footnotes":""},"categories":[14,1],"tags":[],"class_list":["post-48146","post","type-post","status-publish","format-standard","has-post-thumbnail","hentry","category-policiales","category-portada"],"jetpack_featured_media_url":"https:\/\/i0.wp.com\/cdnoticias.com\/wp-content\/uploads\/2022\/03\/WhatsApp-Image-2022-03-05-at-09.45.59.jpeg?fit=1152%2C864&ssl=1","jetpack_sharing_enabled":true,"_links":{"self":[{"href":"https:\/\/cdnoticias.com\/index.php\/wp-json\/wp\/v2\/posts\/48146","targetHints":{"allow":["GET"]}}],"collection":[{"href":"https:\/\/cdnoticias.com\/index.php\/wp-json\/wp\/v2\/posts"}],"about":[{"href":"https:\/\/cdnoticias.com\/index.php\/wp-json\/wp\/v2\/types\/post"}],"author":[{"embeddable":true,"href":"https:\/\/cdnoticias.com\/index.php\/wp-json\/wp\/v2\/users\/5"}],"replies":[{"embeddable":true,"href":"https:\/\/cdnoticias.com\/index.php\/wp-json\/wp\/v2\/comments?post=48146"}],"version-history":[{"count":0,"href":"https:\/\/cdnoticias.com\/index.php\/wp-json\/wp\/v2\/posts\/48146\/revisions"}],"wp:featuredmedia":[{"embeddable":true,"href":"https:\/\/cdnoticias.com\/index.php\/wp-json\/wp\/v2\/media\/48147"}],"wp:attachment":[{"href":"https:\/\/cdnoticias.com\/index.php\/wp-json\/wp\/v2\/media?parent=48146"}],"wp:term":[{"taxonomy":"category","embeddable":true,"href":"https:\/\/cdnoticias.com\/index.php\/wp-json\/wp\/v2\/categories?post=48146"},{"taxonomy":"post_tag","embeddable":true,"href":"https:\/\/cdnoticias.com\/index.php\/wp-json\/wp\/v2\/tags?post=48146"}],"curies":[{"name":"wp","href":"https:\/\/api.w.org\/{rel}","templated":true}]}}