{"id":48138,"date":"2022-03-05T09:17:14","date_gmt":"2022-03-05T12:17:14","guid":{"rendered":"https:\/\/www.centraldenoticias.com.ar\/?p=48138"},"modified":"2022-03-05T10:04:11","modified_gmt":"2022-03-05T13:04:11","slug":"fatal-accidente-en-ruta-226-fallecio-un-motociclista-tras-chocar-con-un-camion","status":"publish","type":"post","link":"https:\/\/cdnoticias.com\/index.php\/2022\/03\/05\/fatal-accidente-en-ruta-226-fallecio-un-motociclista-tras-chocar-con-un-camion\/","title":{"rendered":"Fatal accidente en ruta 226: falleci\u00f3 un motociclista tras el choque con un cami\u00f3n"},"content":{"rendered":"<p>Ocurri\u00f3 durante la ma\u00f1ana de este s\u00e1bado en ruta 226 cerca de la rotonda de Cerro Negro. Personal policial investiga las causas del siniestro.<!--more--><\/p>\n<hr \/>\n<p>Este s\u00e1bado por la ma\u00f1ana se registr\u00f3 un tr\u00e1gico accidente en<strong> ruta 226 a unos 500 metros de la rotonda de Cerro Negro.<\/strong><\/p>\n<p>&nbsp;<\/p>\n<p>En el lugar,<strong> un motociclista falleci\u00f3 tras el impacto contra un cami\u00f3n que circulaba en el mismo sentido<\/strong>, en direcci\u00f3n a Olavarr\u00eda.<\/p>\n<p>&nbsp;<\/p>\n<p><img data-recalc-dims=\"1\" loading=\"lazy\" decoding=\"async\" class=\"aligncenter size-full wp-image-48141\" src=\"https:\/\/i0.wp.com\/cdnoticias.com\/wp-content\/uploads\/2022\/03\/WhatsApp-Image-2022-03-05-at-08.46.15.jpeg?resize=800%2C600&#038;ssl=1\" alt=\"\" width=\"800\" height=\"600\" srcset=\"https:\/\/i0.wp.com\/cdnoticias.com\/wp-content\/uploads\/2022\/03\/WhatsApp-Image-2022-03-05-at-08.46.15.jpeg?w=1599&amp;ssl=1 1599w, https:\/\/i0.wp.com\/cdnoticias.com\/wp-content\/uploads\/2022\/03\/WhatsApp-Image-2022-03-05-at-08.46.15.jpeg?resize=300%2C225&amp;ssl=1 300w, https:\/\/i0.wp.com\/cdnoticias.com\/wp-content\/uploads\/2022\/03\/WhatsApp-Image-2022-03-05-at-08.46.15.jpeg?resize=1024%2C768&amp;ssl=1 1024w, https:\/\/i0.wp.com\/cdnoticias.com\/wp-content\/uploads\/2022\/03\/WhatsApp-Image-2022-03-05-at-08.46.15.jpeg?resize=768%2C576&amp;ssl=1 768w, https:\/\/i0.wp.com\/cdnoticias.com\/wp-content\/uploads\/2022\/03\/WhatsApp-Image-2022-03-05-at-08.46.15.jpeg?resize=1536%2C1153&amp;ssl=1 1536w\" sizes=\"auto, (max-width: 800px) 100vw, 800px\" \/><\/p>\n<p>&nbsp;<\/p>\n<p>Las primeras versiones dan cuenta de que, por causas que se tratan de establecer,<strong> el conductor del cami\u00f3n embisti\u00f3 al veh\u00edculo de menor porte. Producto de esto, el motociclista falleci\u00f3 en el acto.\u00a0<\/strong><\/p>\n<p>&nbsp;<\/p>\n<p>Por estas horas, todo es materia de investigaci\u00f3n y no se han brindado m\u00e1s detalles del siniestro.\u00a0 <strong>Personal de Polic\u00eda Cient\u00edfica y del Comando de Patrullas<\/strong> se encuentran en el lugar, para preservar la escena y realizar las tareas de rigor.<\/p>\n<p>&nbsp;<\/p>\n<p>Se solicita circular con precauci\u00f3n debido a que<strong> el tr\u00e1nsito se encuentra cortado en el sector del accidente.<\/strong><\/p>\n","protected":false},"excerpt":{"rendered":"<p>Ocurri\u00f3 durante la ma\u00f1ana de este s\u00e1bado en ruta 226 cerca de la rotonda de Cerro Negro. Personal policial investiga<\/p>\n","protected":false},"author":5,"featured_media":48139,"comment_status":"closed","ping_status":"closed","sticky":false,"template":"","format":"standard","meta":{"_jetpack_memberships_contains_paid_content":false,"footnotes":""},"categories":[14,1],"tags":[],"class_list":["post-48138","post","type-post","status-publish","format-standard","has-post-thumbnail","hentry","category-policiales","category-portada"],"jetpack_featured_media_url":"https:\/\/i0.wp.com\/cdnoticias.com\/wp-content\/uploads\/2022\/03\/WhatsApp-Image-2022-03-05-at-08.51.24.jpeg?fit=1599%2C1200&ssl=1","jetpack_sharing_enabled":true,"_links":{"self":[{"href":"https:\/\/cdnoticias.com\/index.php\/wp-json\/wp\/v2\/posts\/48138","targetHints":{"allow":["GET"]}}],"collection":[{"href":"https:\/\/cdnoticias.com\/index.php\/wp-json\/wp\/v2\/posts"}],"about":[{"href":"https:\/\/cdnoticias.com\/index.php\/wp-json\/wp\/v2\/types\/post"}],"author":[{"embeddable":true,"href":"https:\/\/cdnoticias.com\/index.php\/wp-json\/wp\/v2\/users\/5"}],"replies":[{"embeddable":true,"href":"https:\/\/cdnoticias.com\/index.php\/wp-json\/wp\/v2\/comments?post=48138"}],"version-history":[{"count":0,"href":"https:\/\/cdnoticias.com\/index.php\/wp-json\/wp\/v2\/posts\/48138\/revisions"}],"wp:featuredmedia":[{"embeddable":true,"href":"https:\/\/cdnoticias.com\/index.php\/wp-json\/wp\/v2\/media\/48139"}],"wp:attachment":[{"href":"https:\/\/cdnoticias.com\/index.php\/wp-json\/wp\/v2\/media?parent=48138"}],"wp:term":[{"taxonomy":"category","embeddable":true,"href":"https:\/\/cdnoticias.com\/index.php\/wp-json\/wp\/v2\/categories?post=48138"},{"taxonomy":"post_tag","embeddable":true,"href":"https:\/\/cdnoticias.com\/index.php\/wp-json\/wp\/v2\/tags?post=48138"}],"curies":[{"name":"wp","href":"https:\/\/api.w.org\/{rel}","templated":true}]}}