{"id":48130,"date":"2022-03-04T20:52:08","date_gmt":"2022-03-04T23:52:08","guid":{"rendered":"https:\/\/www.centraldenoticias.com.ar\/?p=48130"},"modified":"2022-03-04T20:53:56","modified_gmt":"2022-03-04T23:53:56","slug":"mercedes-landivar-no-hay-anuncio-de-ninguna-obra-de-inversion","status":"publish","type":"post","link":"https:\/\/cdnoticias.com\/index.php\/2022\/03\/04\/mercedes-landivar-no-hay-anuncio-de-ninguna-obra-de-inversion\/","title":{"rendered":"Mercedes Landivar: \u201cNo hay anuncio de ninguna obra de inversi\u00f3n\u201d"},"content":{"rendered":"<p>La presidenta del interbloque Frente de Todos se\u00f1al\u00f3 como \u201cm\u00e1s que pobre\u201d y &#8220;lleno de relatos&#8221; el discurso vertido por el intendente en la apertura de sesiones ordinarias del HCD. <!--more--><\/p>\n<hr \/>\n<p>La presidenta del interbloque Frente de Todos, Mercedes Landivar,\u00a0 habl\u00f3 con Central de Noticias luego de la sesi\u00f3n de apertura y <a href=\"https:\/\/cdnoticias.com\/index.php\/2022\/03\/04\/celeste-arouxet-fue-un-discurso-muy-triste-no-anuncio-nada\/\" target=\"_blank\" rel=\"noopener\">al igual que la concejal Celeste Arouxet neg\u00f3 la posibilidad de di\u00e1logo<\/a> con el Intendente. <strong>\u201cMencion\u00f3 varias veces ese concepto y te puedo decir que eso no existe\u201d.<\/strong><\/p>\n<p>&nbsp;<\/p>\n<p>Detall\u00f3 que \u201cnunca fuimos atendidos por el Intendente, no se contestan los pedidos de informes, cuando requerimos algo de trabajo de comisi\u00f3n tampoco contestan\u201d y agreg\u00f3: \u201cm\u00e1s all\u00e1 de tener una relaci\u00f3n cordial hacia adentro del Concejo, cuando hay que concretar proyectos siempre nos encontramos con sorpresas\u201d.<\/p>\n<p>&nbsp;<\/p>\n<p>Por otra parte, indic\u00f3 que <strong>\u201cnos encontramos con un discurso m\u00e1s que pobre. No hay anuncio de ninguna obra de inversi\u00f3n. Lo \u00fanico que pudimos escuchar fue que &#8216;ojal\u00e1 se concrete la primera etapa de un frigor\u00edfico\u201d.<\/strong><\/p>\n<p>&nbsp;<\/p>\n<p>\u201cSe mencionaron obras como el hospital que hace tres a\u00f1os que venimos escuchando el mismo proyecto\u201d indic\u00f3 y <strong>critic\u00f3 la falta de propuestas de viviendas<\/strong>: \u201cseguimos hablando de las 20 casas de las TUVI para una ciudad como Olavarr\u00eda\u201d.<\/p>\n<p>&nbsp;<\/p>\n<blockquote><p>\u201cEstamos ante un municipio rico con poca gesti\u00f3n, sobre todo con muy poca inversi\u00f3n. Y la poca inversi\u00f3n que hace la hace con fondos provinciales o nacionales&#8221;, sintetiz\u00f3.<\/p><\/blockquote>\n<p>&nbsp;<\/p>\n<p><img data-recalc-dims=\"1\" loading=\"lazy\" decoding=\"async\" class=\"aligncenter size-full wp-image-48126\" src=\"https:\/\/i0.wp.com\/cdnoticias.com\/wp-content\/uploads\/2022\/03\/Landivar-01.jpg?resize=800%2C445&#038;ssl=1\" alt=\"\" width=\"800\" height=\"445\" srcset=\"https:\/\/i0.wp.com\/cdnoticias.com\/wp-content\/uploads\/2022\/03\/Landivar-01.jpg?w=800&amp;ssl=1 800w, https:\/\/i0.wp.com\/cdnoticias.com\/wp-content\/uploads\/2022\/03\/Landivar-01.jpg?resize=300%2C167&amp;ssl=1 300w, https:\/\/i0.wp.com\/cdnoticias.com\/wp-content\/uploads\/2022\/03\/Landivar-01.jpg?resize=768%2C427&amp;ssl=1 768w\" sizes=\"auto, (max-width: 800px) 100vw, 800px\" \/><\/p>\n<p>&nbsp;<\/p>\n<p>Respecto a la presencia de un grupo de <strong>vecinos con carteles reclamando por la causa de venta ilegal de terrenos<\/strong> indic\u00f3 que esperaba una menci\u00f3n del Intendente sobre el tema. \u201cAnte una situaci\u00f3n como la que estamos viviendo tan delicada, creo que <strong>los vecinos se merec\u00edan que vuelva a reconocer el compromiso y que vuelva a ponerse a disposici\u00f3n<\/strong>\u201d.<\/p>\n<p>&nbsp;<\/p>\n<p>\u201cLa verdad que este discurso estuvo lleno de relatos. Como no tiene para contar inversiones nuevas, lo \u00fanico que puede hacer es <strong>relatar lo que ya se viene haciendo hace dos o tres a\u00f1os que es poco y nada con relaci\u00f3n a fondos propios de nuestro municipio<\/strong>\u201d, concluy\u00f3 Landivar.<\/p>\n","protected":false},"excerpt":{"rendered":"<p>La presidenta del interbloque Frente de Todos se\u00f1al\u00f3 como \u201cm\u00e1s que pobre\u201d y &#8220;lleno de relatos&#8221; el discurso vertido por<\/p>\n","protected":false},"author":5,"featured_media":48127,"comment_status":"closed","ping_status":"closed","sticky":false,"template":"","format":"standard","meta":{"_jetpack_memberships_contains_paid_content":false,"footnotes":""},"categories":[4,1],"tags":[],"class_list":["post-48130","post","type-post","status-publish","format-standard","has-post-thumbnail","hentry","category-politica","category-portada"],"jetpack_featured_media_url":"https:\/\/i0.wp.com\/cdnoticias.com\/wp-content\/uploads\/2022\/03\/Landivar.jpg?fit=800%2C445&ssl=1","jetpack_sharing_enabled":true,"_links":{"self":[{"href":"https:\/\/cdnoticias.com\/index.php\/wp-json\/wp\/v2\/posts\/48130","targetHints":{"allow":["GET"]}}],"collection":[{"href":"https:\/\/cdnoticias.com\/index.php\/wp-json\/wp\/v2\/posts"}],"about":[{"href":"https:\/\/cdnoticias.com\/index.php\/wp-json\/wp\/v2\/types\/post"}],"author":[{"embeddable":true,"href":"https:\/\/cdnoticias.com\/index.php\/wp-json\/wp\/v2\/users\/5"}],"replies":[{"embeddable":true,"href":"https:\/\/cdnoticias.com\/index.php\/wp-json\/wp\/v2\/comments?post=48130"}],"version-history":[{"count":0,"href":"https:\/\/cdnoticias.com\/index.php\/wp-json\/wp\/v2\/posts\/48130\/revisions"}],"wp:featuredmedia":[{"embeddable":true,"href":"https:\/\/cdnoticias.com\/index.php\/wp-json\/wp\/v2\/media\/48127"}],"wp:attachment":[{"href":"https:\/\/cdnoticias.com\/index.php\/wp-json\/wp\/v2\/media?parent=48130"}],"wp:term":[{"taxonomy":"category","embeddable":true,"href":"https:\/\/cdnoticias.com\/index.php\/wp-json\/wp\/v2\/categories?post=48130"},{"taxonomy":"post_tag","embeddable":true,"href":"https:\/\/cdnoticias.com\/index.php\/wp-json\/wp\/v2\/tags?post=48130"}],"curies":[{"name":"wp","href":"https:\/\/api.w.org\/{rel}","templated":true}]}}