{"id":48069,"date":"2022-03-05T16:53:25","date_gmt":"2022-03-05T19:53:25","guid":{"rendered":"https:\/\/www.centraldenoticias.com.ar\/?p=48069"},"modified":"2022-03-05T16:53:25","modified_gmt":"2022-03-05T19:53:25","slug":"te-cuento-malvinas-siempre-hay-algun-detalle-nuevo-por-contar-y-cosas-para-aprender","status":"publish","type":"post","link":"https:\/\/cdnoticias.com\/index.php\/2022\/03\/05\/te-cuento-malvinas-siempre-hay-algun-detalle-nuevo-por-contar-y-cosas-para-aprender\/","title":{"rendered":"Te cuento Malvinas: &#8220;siempre hay alg\u00fan detalle nuevo por contar y cosas para aprender&#8221;"},"content":{"rendered":"<p>Central de Noticias dialog\u00f3 con Natalia Torrecilla, hija de un ex combatiente de Malvinas sobre el ciclo de relatos y exposici\u00f3n fotogr\u00e1fica que se dar\u00e1 este s\u00e1bado 5 de marzo a las 19:00 en la Casa del Bicentenario.<!--more--><del><\/del><\/p>\n<hr \/>\n<p><em>Por: Danisa Jaime\u00a0<\/em><\/p>\n<p>&nbsp;<\/p>\n<p>Este<strong> s\u00e1bado 5 de marzo<\/strong> se dar\u00e1 una <strong>charla llamada &#8220;Te cuento Malvinas&#8221;<\/strong> en la <strong>Casa del Bicentenario a las 19:00<\/strong>. El ciclo expone <strong>relatos y vivencias de los ex combatientes de guerra<\/strong> de la ciudad de <strong>Olavarr\u00eda.<\/strong> En esta ocasi\u00f3n participar\u00e1n de la charla los <strong>veteranos Ra\u00fal Torrecilla y Pablo Zeballos.\u00a0<\/strong><\/p>\n<p>&nbsp;<\/p>\n<p><em>Central de Noticias<\/em> dialog\u00f3 con <strong>Natalia Torrecilla, hija de Ra\u00fal Torrecilla, ex combatiente.<\/strong> &#8220;Te cuento Malvinas&#8221; es un ciclo de charlas que se vienen haciendo desde el a\u00f1o pasado a trav\u00e9s de<strong> &#8220;Generaci\u00f3n Malvinas<\/strong>&#8221; que engloba a <strong>hijos y nietos de veteranos.\u00a0<\/strong><\/p>\n<p>&nbsp;<\/p>\n<p>Adem\u00e1s, habr\u00e1 una <strong>muestra fotogr\u00e1fica<\/strong> en donde se mostrar\u00e1n las fotos que<strong> tomaron los veteranos en el regreso a Malvinas en un viaje<\/strong> organizado hace unos a\u00f1os a trav\u00e9s del municipio.<\/p>\n<p>&nbsp;<\/p>\n<p><img data-recalc-dims=\"1\" loading=\"lazy\" decoding=\"async\" class=\"aligncenter wp-image-48074 size-large\" src=\"https:\/\/i0.wp.com\/cdnoticias.com\/wp-content\/uploads\/2022\/03\/WhatsApp-Image-2022-03-04-at-16.15.52.jpeg?resize=576%2C1024&#038;ssl=1\" alt=\"\" width=\"576\" height=\"1024\" srcset=\"https:\/\/i0.wp.com\/cdnoticias.com\/wp-content\/uploads\/2022\/03\/WhatsApp-Image-2022-03-04-at-16.15.52.jpeg?resize=576%2C1024&amp;ssl=1 576w, https:\/\/i0.wp.com\/cdnoticias.com\/wp-content\/uploads\/2022\/03\/WhatsApp-Image-2022-03-04-at-16.15.52.jpeg?resize=169%2C300&amp;ssl=1 169w, https:\/\/i0.wp.com\/cdnoticias.com\/wp-content\/uploads\/2022\/03\/WhatsApp-Image-2022-03-04-at-16.15.52.jpeg?w=720&amp;ssl=1 720w\" sizes=\"auto, (max-width: 576px) 100vw, 576px\" \/><\/p>\n<p>&nbsp;<\/p>\n<p>&nbsp;<\/p>\n<p><strong>Natalia Torrecilla<\/strong> se\u00f1al\u00f3 que la idea &#8220;es que<strong> la gente se acerque un poco m\u00e1s a lo que es Malvinas, que conozcan a los protagonistas, que los escuchen<\/strong>. Trabajamos a la par de nuestros padres, los acompa\u00f1amos en cada actividad.<strong> A nosotros nos gusta escucharlos y nos gustar\u00eda que la sociedad toda pueda llegar a conocerlos&#8221;.<\/strong><\/p>\n<p>&nbsp;<\/p>\n<p>Agreg\u00f3 que &#8220;<strong>como hija de veterano es un orgullo.<\/strong> Es un<strong> honor los valores que nos trasmiti\u00f3, los valores por los colores patrios<\/strong>. <strong>Yo desde muy chica escucho sus relatos.<\/strong> Por ah\u00ed para nosotros que <strong>somos lo hijos es algo m\u00e1s natural, pero siempre hay alg\u00fan detalle nuevo por contar y cosas para aprender<\/strong>. Aunque nosotros los escuchemos desde siempre, hay cosas lindas por escuchar en las charlas&#8221; cerr\u00f3.<\/p>\n<p>&nbsp;<\/p>\n","protected":false},"excerpt":{"rendered":"<p>Central de Noticias dialog\u00f3 con Natalia Torrecilla, hija de un ex combatiente de Malvinas sobre el ciclo de relatos y<\/p>\n","protected":false},"author":6,"featured_media":32187,"comment_status":"closed","ping_status":"closed","sticky":false,"template":"","format":"standard","meta":{"_jetpack_memberships_contains_paid_content":false,"footnotes":""},"categories":[9,1],"tags":[],"class_list":["post-48069","post","type-post","status-publish","format-standard","has-post-thumbnail","hentry","category-cultura","category-portada"],"jetpack_featured_media_url":"https:\/\/i0.wp.com\/cdnoticias.com\/wp-content\/uploads\/2021\/09\/Casa-Bicentenario-1024x683.jpg?fit=1024%2C683&ssl=1","jetpack_sharing_enabled":true,"_links":{"self":[{"href":"https:\/\/cdnoticias.com\/index.php\/wp-json\/wp\/v2\/posts\/48069","targetHints":{"allow":["GET"]}}],"collection":[{"href":"https:\/\/cdnoticias.com\/index.php\/wp-json\/wp\/v2\/posts"}],"about":[{"href":"https:\/\/cdnoticias.com\/index.php\/wp-json\/wp\/v2\/types\/post"}],"author":[{"embeddable":true,"href":"https:\/\/cdnoticias.com\/index.php\/wp-json\/wp\/v2\/users\/6"}],"replies":[{"embeddable":true,"href":"https:\/\/cdnoticias.com\/index.php\/wp-json\/wp\/v2\/comments?post=48069"}],"version-history":[{"count":0,"href":"https:\/\/cdnoticias.com\/index.php\/wp-json\/wp\/v2\/posts\/48069\/revisions"}],"wp:featuredmedia":[{"embeddable":true,"href":"https:\/\/cdnoticias.com\/index.php\/wp-json\/wp\/v2\/media\/32187"}],"wp:attachment":[{"href":"https:\/\/cdnoticias.com\/index.php\/wp-json\/wp\/v2\/media?parent=48069"}],"wp:term":[{"taxonomy":"category","embeddable":true,"href":"https:\/\/cdnoticias.com\/index.php\/wp-json\/wp\/v2\/categories?post=48069"},{"taxonomy":"post_tag","embeddable":true,"href":"https:\/\/cdnoticias.com\/index.php\/wp-json\/wp\/v2\/tags?post=48069"}],"curies":[{"name":"wp","href":"https:\/\/api.w.org\/{rel}","templated":true}]}}