{"id":48056,"date":"2022-03-04T13:33:22","date_gmt":"2022-03-04T16:33:22","guid":{"rendered":"https:\/\/www.centraldenoticias.com.ar\/?p=48056"},"modified":"2022-03-04T15:26:12","modified_gmt":"2022-03-04T18:26:12","slug":"edificio-propio-para-el-cfi-es-un-deseo-de-que-se-concrete-tal-cual-lo-han-establecido","status":"publish","type":"post","link":"https:\/\/cdnoticias.com\/index.php\/2022\/03\/04\/edificio-propio-para-el-cfi-es-un-deseo-de-que-se-concrete-tal-cual-lo-han-establecido\/","title":{"rendered":"Edificio propio para el CFI: \u201cEs un deseo de que se concrete tal cual lo han establecido\u201d"},"content":{"rendered":"<p>Lo dijo la directora, Julia Rivas, al presentarse este viernes la novedad de la asignaci\u00f3n de m\u00e1s de 200 millones de pesos para la obra.<!--more--><\/p>\n<hr \/>\n<p><a href=\"https:\/\/cdnoticias.com\/index.php\/2022\/02\/25\/se-aprobo-la-licitacion-para-la-construccion-del-edificio-del-centro-de-formacion-integral-n1\/\">D\u00edas pasados se inform\u00f3 que el Centro de Formaci\u00f3n Integral N\u00ba 1 tendr\u00e1 un edificio propio<\/a>. Desde la gesti\u00f3n provincial se dispuso<strong> la asignaci\u00f3n de 202 millones de pesos para la licitaci\u00f3n de la obra a construirse en un terreno que posee la instituci\u00f3n, en Vicente L\u00f3pez y P\u00e9rez Esquivel en el barrio Los Robles<\/strong>.<\/p>\n<p>&nbsp;<\/p>\n<p>La <strong>directora del CFI, Julia Rivas,<\/strong> habl\u00f3 este viernes sobre el tema en una conferencia. Adelant\u00f3 que <strong>el edificio tendr\u00e1 \u201cespacio para todos los trayectos profesionales, aulas de la formaci\u00f3n b\u00e1sica, biblioteca, SUM, comedor, todas las dependencias que requerimos\u201d.<\/strong><\/p>\n<p>&nbsp;<\/p>\n<p><img data-recalc-dims=\"1\" loading=\"lazy\" decoding=\"async\" class=\"size-full wp-image-48033 aligncenter\" src=\"https:\/\/i0.wp.com\/cdnoticias.com\/wp-content\/uploads\/2022\/03\/anuncio-CFI-03.jpg?resize=800%2C445&#038;ssl=1\" alt=\"\" width=\"800\" height=\"445\" srcset=\"https:\/\/i0.wp.com\/cdnoticias.com\/wp-content\/uploads\/2022\/03\/anuncio-CFI-03.jpg?w=800&amp;ssl=1 800w, https:\/\/i0.wp.com\/cdnoticias.com\/wp-content\/uploads\/2022\/03\/anuncio-CFI-03.jpg?resize=300%2C167&amp;ssl=1 300w, https:\/\/i0.wp.com\/cdnoticias.com\/wp-content\/uploads\/2022\/03\/anuncio-CFI-03.jpg?resize=768%2C427&amp;ssl=1 768w\" sizes=\"auto, (max-width: 800px) 100vw, 800px\" \/><\/p>\n<p>&nbsp;<\/p>\n<p>Estuvo acompa\u00f1ada por <strong>la terapista ocupacional, Fabiola Bosch<\/strong>, y los <strong>consejeros escolares Ariel Rodr\u00edguez, Mariana Mart\u00ednez y Leonardo Wagner (Frente de Todos)<\/strong>\u00a0en la conferencia que se brind\u00f3 la casona donde actualmente funciona la escuela.<\/p>\n<p>&nbsp;<\/p>\n<p>\u201cEs una gran alegr\u00eda estar en esta instituci\u00f3n, agradecer a Julia y sus docentes, familias, j\u00f3venes que transitan diariamente esta escuela. Los convocamos para poder dar de manera conjunta esta gran noticia que lleg\u00f3 a trav\u00e9s de gacetilla, los medios lo dieron a conocer pero <strong>nos parec\u00eda sumamente importante poder establecer este encuentro con quienes construyen y sostienen la escuela\u201d<\/strong> present\u00f3 Ariel Rodr\u00edguez.<\/p>\n<p>&nbsp;<\/p>\n<p><img data-recalc-dims=\"1\" loading=\"lazy\" decoding=\"async\" class=\"size-full wp-image-48035 aligncenter\" src=\"https:\/\/i0.wp.com\/cdnoticias.com\/wp-content\/uploads\/2022\/03\/anuncio-CFI-05.jpg?resize=800%2C445&#038;ssl=1\" alt=\"\" width=\"800\" height=\"445\" srcset=\"https:\/\/i0.wp.com\/cdnoticias.com\/wp-content\/uploads\/2022\/03\/anuncio-CFI-05.jpg?w=800&amp;ssl=1 800w, https:\/\/i0.wp.com\/cdnoticias.com\/wp-content\/uploads\/2022\/03\/anuncio-CFI-05.jpg?resize=300%2C167&amp;ssl=1 300w, https:\/\/i0.wp.com\/cdnoticias.com\/wp-content\/uploads\/2022\/03\/anuncio-CFI-05.jpg?resize=768%2C427&amp;ssl=1 768w\" sizes=\"auto, (max-width: 800px) 100vw, 800px\" \/><\/p>\n<p>&nbsp;<\/p>\n<blockquote><p>Remarc\u00f3 que la escuela est\u00e1 pr\u00f3xima a cumplir 50 a\u00f1os y el aniversario lleg\u00f3 \u201ccon una gran novedad que es saber que su edificio propio se va a construir\u201d. El consejero defini\u00f3 la medida como \u201cun acto de justicia y reparaci\u00f3n con la pol\u00edtica educativa de la Provincia\u201d. Tuvo en cuenta que \u201ces la \u00fanica instituci\u00f3n local que atiende la demanda de discapacidades en la franja de secundario\u201d.<\/p><\/blockquote>\n<p>&nbsp;<\/p>\n<p>\u201cEs muy importante <strong>poner en valor la pol\u00edtica educativa de la Provincia de Buenos Aires<\/strong>, la decisi\u00f3n de nuestro gobernador Axel Kicillof, el trabajo de la Direcci\u00f3n de Infraestructura y de todo el cuerpo de trabajadores que han tomado esta decisi\u00f3n junto a los compa\u00f1eros que conducen el Frente de Todos a nivel seccional como son el diputado C\u00e9sar Valicenti y el compa\u00f1ero Federico Aguilera\u201d enfatiz\u00f3.<\/p>\n<p>&nbsp;<\/p>\n<p><img data-recalc-dims=\"1\" loading=\"lazy\" decoding=\"async\" class=\"size-full wp-image-48035 aligncenter\" src=\"https:\/\/i0.wp.com\/cdnoticias.com\/wp-content\/uploads\/2022\/03\/anuncio-CFI-05.jpg?resize=800%2C445&#038;ssl=1\" alt=\"\" width=\"800\" height=\"445\" srcset=\"https:\/\/i0.wp.com\/cdnoticias.com\/wp-content\/uploads\/2022\/03\/anuncio-CFI-05.jpg?w=800&amp;ssl=1 800w, https:\/\/i0.wp.com\/cdnoticias.com\/wp-content\/uploads\/2022\/03\/anuncio-CFI-05.jpg?resize=300%2C167&amp;ssl=1 300w, https:\/\/i0.wp.com\/cdnoticias.com\/wp-content\/uploads\/2022\/03\/anuncio-CFI-05.jpg?resize=768%2C427&amp;ssl=1 768w\" sizes=\"auto, (max-width: 800px) 100vw, 800px\" \/><\/p>\n<p>&nbsp;<\/p>\n<p>Rodr\u00edguez repas\u00f3 algunos aspectos del anuncio: <strong>\u201cser\u00e1 una obra de m\u00e1s de 200 millones de pesos<\/strong>. Es una obra que contempla los talleres que dar\u00e1n la permanencia y la carga horaria que tiene el Centro de Formaci\u00f3n Integral, que trabaja con talleres y en la construcci\u00f3n pedag\u00f3gica\u201d.<\/p>\n<p>&nbsp;<\/p>\n<p><strong>A\u00f1os de reclamo<\/strong><\/p>\n<p>&nbsp;<\/p>\n<p>Las palabras de la directora Rivas y de la terapista ocupacional Bosch expusieron <strong>los a\u00f1os y a\u00f1os de pedido a la gesti\u00f3n provincial para que se avance en la construcci\u00f3n de un edificio propio<\/strong>.<\/p>\n<p>&nbsp;<\/p>\n<p><img data-recalc-dims=\"1\" loading=\"lazy\" decoding=\"async\" class=\"size-full wp-image-48038 aligncenter\" src=\"https:\/\/i0.wp.com\/cdnoticias.com\/wp-content\/uploads\/2022\/03\/anuncio-CFI-08.jpg?resize=800%2C445&#038;ssl=1\" alt=\"\" width=\"800\" height=\"445\" srcset=\"https:\/\/i0.wp.com\/cdnoticias.com\/wp-content\/uploads\/2022\/03\/anuncio-CFI-08.jpg?w=800&amp;ssl=1 800w, https:\/\/i0.wp.com\/cdnoticias.com\/wp-content\/uploads\/2022\/03\/anuncio-CFI-08.jpg?resize=300%2C167&amp;ssl=1 300w, https:\/\/i0.wp.com\/cdnoticias.com\/wp-content\/uploads\/2022\/03\/anuncio-CFI-08.jpg?resize=768%2C427&amp;ssl=1 768w\" sizes=\"auto, (max-width: 800px) 100vw, 800px\" \/><\/p>\n<p>&nbsp;<\/p>\n<blockquote><p>\u201cEstoy en la gesti\u00f3n desde 2013, pero anteriormente se ven\u00eda solicitando la construcci\u00f3n del edificio para el CFI sistem\u00e1ticamente hasta la fecha\u201d dijo Julia Rivas. \u201cEstoy en la escuela desde 1998. Cuando recib\u00ed la noticia, despu\u00e9s de 23 a\u00f1os en la escuela, realmente me emocion\u00e9. Siempre est\u00e1 el fantasma de que todos los a\u00f1os lo pedimos. No importa la gesti\u00f3n que haya pasado por Olavarr\u00eda, la Provincia o la Naci\u00f3n. Siempre hicimos el mismo reclamo y hasta ahora nunca hab\u00edamos tenido una respuesta\u201d agreg\u00f3 Fabiola Bosch.<\/p><\/blockquote>\n<p>&nbsp;<\/p>\n<p>La directora indic\u00f3 que el viernes recibieron la informaci\u00f3n a trav\u00e9s del Consejo Escolar de la asignaci\u00f3n de los fondos para construir la escuela. <strong>\u201cEs un deseo de que se concrete tal cual lo han establecido, con un tiempo estipulado, que nos podamos trasladar en las condiciones que necesitamos y para todos nuestros estudiantes\u201d<\/strong> expres\u00f3 la directora Rivas.<\/p>\n<p>&nbsp;<\/p>\n<p><img data-recalc-dims=\"1\" loading=\"lazy\" decoding=\"async\" class=\"size-full wp-image-48036 aligncenter\" src=\"https:\/\/i0.wp.com\/cdnoticias.com\/wp-content\/uploads\/2022\/03\/anuncio-CFI-06.jpg?resize=800%2C445&#038;ssl=1\" alt=\"\" width=\"800\" height=\"445\" srcset=\"https:\/\/i0.wp.com\/cdnoticias.com\/wp-content\/uploads\/2022\/03\/anuncio-CFI-06.jpg?w=800&amp;ssl=1 800w, https:\/\/i0.wp.com\/cdnoticias.com\/wp-content\/uploads\/2022\/03\/anuncio-CFI-06.jpg?resize=300%2C167&amp;ssl=1 300w, https:\/\/i0.wp.com\/cdnoticias.com\/wp-content\/uploads\/2022\/03\/anuncio-CFI-06.jpg?resize=768%2C427&amp;ssl=1 768w\" sizes=\"auto, (max-width: 800px) 100vw, 800px\" \/><\/p>\n<p>&nbsp;<\/p>\n<p>\u201cPersonalmente me deja contenta que al menos tenemos un papel y es otra herramienta. <strong>Espero que en 2023 cuando la obra se termine, podamos festejar que funciona y los chicos puedan disfrutar de ese espacio\u201d<\/strong> a\u00f1adi\u00f3 la terapista ocupacional.<\/p>\n<p>&nbsp;<\/p>\n<p><strong>Formaci\u00f3n integral<\/strong><\/p>\n<p>&nbsp;<\/p>\n<p><strong>El CFI es un servicio educativo \u00fanico en su tipo en la ciudad de Olavarr\u00eda<\/strong>. \u201cIngresan desde todas las escuelas especiales chicos que por su discapacidad no pueden acceder a una propuesta de nivel secundario. <strong>Trabajamos en la formaci\u00f3n integral, con una formaci\u00f3n b\u00e1sica y una t\u00e9cnico-profesional orientado a una futura integraci\u00f3n laboral<\/strong>\u201d explic\u00f3 Rivas.<\/p>\n<p>&nbsp;<\/p>\n<p><img data-recalc-dims=\"1\" loading=\"lazy\" decoding=\"async\" class=\"size-full wp-image-48034 aligncenter\" src=\"https:\/\/i0.wp.com\/cdnoticias.com\/wp-content\/uploads\/2022\/03\/anuncio-CFI-04.jpg?resize=800%2C445&#038;ssl=1\" alt=\"\" width=\"800\" height=\"445\" srcset=\"https:\/\/i0.wp.com\/cdnoticias.com\/wp-content\/uploads\/2022\/03\/anuncio-CFI-04.jpg?w=800&amp;ssl=1 800w, https:\/\/i0.wp.com\/cdnoticias.com\/wp-content\/uploads\/2022\/03\/anuncio-CFI-04.jpg?resize=300%2C167&amp;ssl=1 300w, https:\/\/i0.wp.com\/cdnoticias.com\/wp-content\/uploads\/2022\/03\/anuncio-CFI-04.jpg?resize=768%2C427&amp;ssl=1 768w\" sizes=\"auto, (max-width: 800px) 100vw, 800px\" \/><\/p>\n<p>&nbsp;<\/p>\n<p>Bosch tuvo en cuenta que en el predio donde se construir\u00e1 la escuela \u201cfunciona el trayecto t\u00e9cnico profesional huerta.<strong> Era un terreno bald\u00edo que nos hab\u00edan otorgado en su momento.<\/strong> Fue un trabajo de los docentes y un plan de sacar los escombros, poner tierra para trabajar. Los chicos en este momento tienen all\u00ed un sal\u00f3n peque\u00f1o, con cocina y con dos ba\u00f1os. Es un espacio muy reducido\u201d.<\/p>\n<p>&nbsp;<\/p>\n<p><strong>Actualmente el CFI funciona en Coronel Su\u00e1rez al 3000<\/strong>. \u201cAc\u00e1 son muy reducidos los espacios por las mesas y las herramientas, el espacio que ellos necesitan para moverse\u201d dijo la terapista ocupacional.<\/p>\n<p>&nbsp;<\/p>\n<p><img data-recalc-dims=\"1\" loading=\"lazy\" decoding=\"async\" class=\"size-full wp-image-48039 aligncenter\" src=\"https:\/\/i0.wp.com\/cdnoticias.com\/wp-content\/uploads\/2022\/03\/anuncio-CFI-09.jpg?resize=800%2C445&#038;ssl=1\" alt=\"\" width=\"800\" height=\"445\" srcset=\"https:\/\/i0.wp.com\/cdnoticias.com\/wp-content\/uploads\/2022\/03\/anuncio-CFI-09.jpg?w=800&amp;ssl=1 800w, https:\/\/i0.wp.com\/cdnoticias.com\/wp-content\/uploads\/2022\/03\/anuncio-CFI-09.jpg?resize=300%2C167&amp;ssl=1 300w, https:\/\/i0.wp.com\/cdnoticias.com\/wp-content\/uploads\/2022\/03\/anuncio-CFI-09.jpg?resize=768%2C427&amp;ssl=1 768w\" sizes=\"auto, (max-width: 800px) 100vw, 800px\" \/><\/p>\n<p>&nbsp;<\/p>\n<p><strong>Reconocimiento<\/strong><\/p>\n<p>&nbsp;<\/p>\n<p>La consejera escolar Mariana Mart\u00ednez reconoci\u00f3 que, en cuanto a las gestiones para llegar a la construcci\u00f3n de un edificio propio, <strong>\u201cfue la ex consejera escolar Jorgelina Piccinini quien el a\u00f1o pasado empez\u00f3 a dar los primeros pasos y nosotros tomamos la posta y continuamos con ese trabajo<\/strong>. Sumado al apoyo de Cesar Valicenti y Federico Aguilera\u201d.<\/p>\n<p>&nbsp;<\/p>\n<p>Adem\u00e1s, valor\u00f3 <strong>los roles que tuvieron los jefes de Educaci\u00f3n local Julio Ben\u00edtez y regional M\u00f3nica Wagner, as\u00ed como los sindicatos docentes<\/strong>. \u201cHizo que la construcci\u00f3n colectiva de este proyecto tambi\u00e9n fuese posible\u201d destac\u00f3.<\/p>\n<p>&nbsp;<\/p>\n<p><img data-recalc-dims=\"1\" loading=\"lazy\" decoding=\"async\" class=\"size-full wp-image-48040 aligncenter\" src=\"https:\/\/i0.wp.com\/cdnoticias.com\/wp-content\/uploads\/2022\/03\/anuncio-CFI-10.jpg?resize=800%2C445&#038;ssl=1\" alt=\"\" width=\"800\" height=\"445\" srcset=\"https:\/\/i0.wp.com\/cdnoticias.com\/wp-content\/uploads\/2022\/03\/anuncio-CFI-10.jpg?w=800&amp;ssl=1 800w, https:\/\/i0.wp.com\/cdnoticias.com\/wp-content\/uploads\/2022\/03\/anuncio-CFI-10.jpg?resize=300%2C167&amp;ssl=1 300w, https:\/\/i0.wp.com\/cdnoticias.com\/wp-content\/uploads\/2022\/03\/anuncio-CFI-10.jpg?resize=768%2C427&amp;ssl=1 768w\" sizes=\"auto, (max-width: 800px) 100vw, 800px\" \/><\/p>\n<p><img data-recalc-dims=\"1\" loading=\"lazy\" decoding=\"async\" class=\"size-full wp-image-48037 aligncenter\" src=\"https:\/\/i0.wp.com\/cdnoticias.com\/wp-content\/uploads\/2022\/03\/anuncio-CFI-07.jpg?resize=800%2C445&#038;ssl=1\" alt=\"\" width=\"800\" height=\"445\" srcset=\"https:\/\/i0.wp.com\/cdnoticias.com\/wp-content\/uploads\/2022\/03\/anuncio-CFI-07.jpg?w=800&amp;ssl=1 800w, https:\/\/i0.wp.com\/cdnoticias.com\/wp-content\/uploads\/2022\/03\/anuncio-CFI-07.jpg?resize=300%2C167&amp;ssl=1 300w, https:\/\/i0.wp.com\/cdnoticias.com\/wp-content\/uploads\/2022\/03\/anuncio-CFI-07.jpg?resize=768%2C427&amp;ssl=1 768w\" sizes=\"auto, (max-width: 800px) 100vw, 800px\" \/><\/p>\n","protected":false},"excerpt":{"rendered":"<p>Lo dijo la directora, Julia Rivas, al presentarse este viernes la novedad de la asignaci\u00f3n de m\u00e1s de 200 millones<\/p>\n","protected":false},"author":4,"featured_media":48032,"comment_status":"closed","ping_status":"closed","sticky":false,"template":"","format":"standard","meta":{"_jetpack_memberships_contains_paid_content":false,"footnotes":""},"categories":[5,1],"tags":[],"class_list":["post-48056","post","type-post","status-publish","format-standard","has-post-thumbnail","hentry","category-informacion-general","category-portada"],"jetpack_featured_media_url":"https:\/\/i0.wp.com\/cdnoticias.com\/wp-content\/uploads\/2022\/03\/anuncio-CFI-00.jpg?fit=800%2C445&ssl=1","jetpack_sharing_enabled":true,"_links":{"self":[{"href":"https:\/\/cdnoticias.com\/index.php\/wp-json\/wp\/v2\/posts\/48056","targetHints":{"allow":["GET"]}}],"collection":[{"href":"https:\/\/cdnoticias.com\/index.php\/wp-json\/wp\/v2\/posts"}],"about":[{"href":"https:\/\/cdnoticias.com\/index.php\/wp-json\/wp\/v2\/types\/post"}],"author":[{"embeddable":true,"href":"https:\/\/cdnoticias.com\/index.php\/wp-json\/wp\/v2\/users\/4"}],"replies":[{"embeddable":true,"href":"https:\/\/cdnoticias.com\/index.php\/wp-json\/wp\/v2\/comments?post=48056"}],"version-history":[{"count":0,"href":"https:\/\/cdnoticias.com\/index.php\/wp-json\/wp\/v2\/posts\/48056\/revisions"}],"wp:featuredmedia":[{"embeddable":true,"href":"https:\/\/cdnoticias.com\/index.php\/wp-json\/wp\/v2\/media\/48032"}],"wp:attachment":[{"href":"https:\/\/cdnoticias.com\/index.php\/wp-json\/wp\/v2\/media?parent=48056"}],"wp:term":[{"taxonomy":"category","embeddable":true,"href":"https:\/\/cdnoticias.com\/index.php\/wp-json\/wp\/v2\/categories?post=48056"},{"taxonomy":"post_tag","embeddable":true,"href":"https:\/\/cdnoticias.com\/index.php\/wp-json\/wp\/v2\/tags?post=48056"}],"curies":[{"name":"wp","href":"https:\/\/api.w.org\/{rel}","templated":true}]}}