{"id":48026,"date":"2022-03-04T10:36:06","date_gmt":"2022-03-04T13:36:06","guid":{"rendered":"https:\/\/www.centraldenoticias.com.ar\/?p=48026"},"modified":"2022-03-04T10:36:06","modified_gmt":"2022-03-04T13:36:06","slug":"comienza-una-nueva-edicion-del-festival-de-doma-y-folclore","status":"publish","type":"post","link":"https:\/\/cdnoticias.com\/index.php\/2022\/03\/04\/comienza-una-nueva-edicion-del-festival-de-doma-y-folclore\/","title":{"rendered":"Comienza una nueva edici\u00f3n del Festival de Doma y Folclore"},"content":{"rendered":"<p>Ser\u00e1 desde este viernes en el predio de la Sociedad Rural. Bandas locales, nacionales y el gran cierre con Luciano Pereyra. <!--more--><\/p>\n<hr \/>\n<p>Desde el mediod\u00eda de <strong>este viernes comenzar\u00e1 la 18\u00b0 edici\u00f3n del Festival de Doma y Folclore en el predio de la Sociedad Rural de Olavarr\u00eda, con pe\u00f1as, m\u00fasica, baile y el cierre estelar de Luciano Pereyra el pr\u00f3ximo domingo.<\/strong><\/p>\n<p>&nbsp;<\/p>\n<p>La fiesta comenzar\u00e1 <strong>este viernes con el certamen pe\u00f1as desde el mediod\u00eda<\/strong> y continuar\u00e1 con la actividad en el escenario principal &#8220;Horacio Guarany&#8221;. All\u00ed se presentar\u00e1n Coco Mac\u00edas, Grupo Nehu\u00e9n, Bel\u00e9n Laurenz, Daiana Colamarino, Rom\u00e1n Ramonda, Carlos Cabral, Canto 4, y <strong>el cierre de Diamante Rojo.<\/strong><\/p>\n<p>&nbsp;<\/p>\n<p>El <strong>s\u00e1bado 5, segundo d\u00eda de fiesta<\/strong>, est\u00e1n programadas las presentaciones del Ballet Folcl\u00f3rico Municipal, Roc\u00edo Godoy, Mart\u00edn Barraza, Karina B\u00e9ttiga, Alex Freidig, Adri\u00e1n Maggi, <strong>Sonia Vega y Ceibo.<\/strong><\/p>\n<p>&nbsp;<\/p>\n<p>El <strong>domingo, d\u00eda del cierre del Festival, contar\u00e1 con la jornada de cierre de la jineteada con bastos y encimeras, el sorteo final de la Gran Rifa del Festival<\/strong> y la actuaci\u00f3n en el \u201cHoracio Guarany\u201d del Ballet Folcl\u00f3rico Municipal, Camila Pereyra, Bah\u00eda Ba, Los Moya, Los Cuatro de Salta, <strong>Carlos Ram\u00f3n Fern\u00e1ndez y Luciano Pereyra.<\/strong><\/p>\n<p>&nbsp;<\/p>\n<blockquote><p>Desde la organizaci\u00f3n se record\u00f3 que para aquellos interesados la venta de la rifa se realiza en Galer\u00eda Vicente L\u00f3pez, local 23 y por consultas pueden llamar al (02284) 427 660.<\/p><\/blockquote>\n<p>&nbsp;<\/p>\n<p>Una vez m\u00e1s,<em> \u201cOlavarr\u00eda se prepara para recibir gente de todo el pa\u00eds, que desde hace 18 a\u00f1os le pone el mejor marco a esta gran fiesta popular que destaca a la ciudad en la Provincia de Buenos Aires<\/em>\u201d se\u00f1alaron en un comunicado.<\/p>\n","protected":false},"excerpt":{"rendered":"<p>Ser\u00e1 desde este viernes en el predio de la Sociedad Rural. Bandas locales, nacionales y el gran cierre con Luciano<\/p>\n","protected":false},"author":2,"featured_media":48027,"comment_status":"closed","ping_status":"closed","sticky":false,"template":"","format":"standard","meta":{"_jetpack_memberships_contains_paid_content":false,"footnotes":""},"categories":[9,1],"tags":[],"class_list":["post-48026","post","type-post","status-publish","format-standard","has-post-thumbnail","hentry","category-cultura","category-portada"],"jetpack_featured_media_url":"https:\/\/i0.wp.com\/cdnoticias.com\/wp-content\/uploads\/2022\/03\/MG_8199-scaled.jpg?fit=2560%2C1707&ssl=1","jetpack_sharing_enabled":true,"_links":{"self":[{"href":"https:\/\/cdnoticias.com\/index.php\/wp-json\/wp\/v2\/posts\/48026","targetHints":{"allow":["GET"]}}],"collection":[{"href":"https:\/\/cdnoticias.com\/index.php\/wp-json\/wp\/v2\/posts"}],"about":[{"href":"https:\/\/cdnoticias.com\/index.php\/wp-json\/wp\/v2\/types\/post"}],"author":[{"embeddable":true,"href":"https:\/\/cdnoticias.com\/index.php\/wp-json\/wp\/v2\/users\/2"}],"replies":[{"embeddable":true,"href":"https:\/\/cdnoticias.com\/index.php\/wp-json\/wp\/v2\/comments?post=48026"}],"version-history":[{"count":0,"href":"https:\/\/cdnoticias.com\/index.php\/wp-json\/wp\/v2\/posts\/48026\/revisions"}],"wp:featuredmedia":[{"embeddable":true,"href":"https:\/\/cdnoticias.com\/index.php\/wp-json\/wp\/v2\/media\/48027"}],"wp:attachment":[{"href":"https:\/\/cdnoticias.com\/index.php\/wp-json\/wp\/v2\/media?parent=48026"}],"wp:term":[{"taxonomy":"category","embeddable":true,"href":"https:\/\/cdnoticias.com\/index.php\/wp-json\/wp\/v2\/categories?post=48026"},{"taxonomy":"post_tag","embeddable":true,"href":"https:\/\/cdnoticias.com\/index.php\/wp-json\/wp\/v2\/tags?post=48026"}],"curies":[{"name":"wp","href":"https:\/\/api.w.org\/{rel}","templated":true}]}}