{"id":47835,"date":"2022-03-02T16:26:23","date_gmt":"2022-03-02T19:26:23","guid":{"rendered":"https:\/\/www.centraldenoticias.com.ar\/?p=47835"},"modified":"2022-03-02T16:33:11","modified_gmt":"2022-03-02T19:33:11","slug":"bolivar-bucca-cruzo-al-intendente-pisano-por-la-utilizacion-de-pirotecnia","status":"publish","type":"post","link":"https:\/\/cdnoticias.com\/index.php\/2022\/03\/02\/bolivar-bucca-cruzo-al-intendente-pisano-por-la-utilizacion-de-pirotecnia\/","title":{"rendered":"Bol\u00edvar: Bucca cruz\u00f3 al intendente Pisano por la utilizaci\u00f3n de pirotecnia"},"content":{"rendered":"<p>La inesperada pol\u00e9mica, ya que ambos integran el mismo espacio pol\u00edtico, surgi\u00f3 a partir de un show de fuegos artificiales en el cierre de \u201cMe Encanta Bol\u00edvar\u201d.<!--more--><\/p>\n<hr \/>\n<p>En la noche del \u00faltimo martes culmin\u00f3 una nueva edici\u00f3n de \u201cMe Encanta Bol\u00edvar\u201d, una actividad organizada desde el municipio de la vecina ciudad que <strong>se prolong\u00f3 durante 3 d\u00edas y que, seg\u00fan estimaciones oficiales, concurrieron m\u00e1s de 35 mil personas.<\/strong><\/p>\n<p>&nbsp;<\/p>\n<p>Hasta all\u00ed podr\u00eda decirse que todo fue literalmente una fiesta, sin embargo la pol\u00e9mica se dio con el cierre del evento, m\u00e1s precisamente con la realizaci\u00f3n de un show de fuegos artificiales tras la presentaci\u00f3n de Jorge Rojas.<strong> \u201cNUNCA supe que iba a ocurrir lo sucedido en el cierre de nuestro hermoso festival Me Encanta Bol\u00edvar. NUNCA lo hubiera hecho. NO estoy de acuerdo y lo repudio\u201d<\/strong>, fustig\u00f3 nada m\u00e1s y nada menos que el diputado nacional Eduardo \u201cBali\u201d Bucca, nativo de Bol\u00edvar, ex jefe comunal pero adem\u00e1s muy cercano al actual intendente del vecino distrito, Marcos Pisano.<\/p>\n<p>&nbsp;<\/p>\n<blockquote class=\"twitter-tweet\" data-width=\"550\" data-dnt=\"true\">\n<p lang=\"es\" dir=\"ltr\">NUNCA supe que iba a ocurrir lo sucedido en el cierre de nuestro hermoso festival Me Encanta Bol\u00edvar. NUNCA lo hubiera hecho. NO estoy de acuerdo y lo repudio.<\/p>\n<p>Voy a seguir trabajando junto a miles y miles para lograr la ley nacional de <a href=\"https:\/\/twitter.com\/hashtag\/PirotecniaCero?src=hash&amp;ref_src=twsrc%5Etfw\">#PirotecniaCero<\/a> .\ud83d\udc99<\/p>\n<p>&mdash; Eduardo Bali Bucca (@BuccaBali) <a href=\"https:\/\/twitter.com\/BuccaBali\/status\/1499003769031434244?ref_src=twsrc%5Etfw\">March 2, 2022<\/a><\/p><\/blockquote>\n<p><script async src=\"https:\/\/platform.twitter.com\/widgets.js\" charset=\"utf-8\"><\/script><\/p>\n<p>&nbsp;<\/p>\n<p><strong>\u201cVoy a seguir trabajando junto a miles y miles para lograr la ley nacional de #PirotecniaCero\u201d<\/strong>, concluy\u00f3 Bucca en su publicaci\u00f3n a trav\u00e9s de las redes sociales, en las que tambi\u00e9n replic\u00f3 diversas voces que se manifestaron en contra de la utilizaci\u00f3n de fuegos artificiales.<\/p>\n<p>&nbsp;<\/p>\n<p>El dato a tener en cuenta es que, m\u00e1s all\u00e1 del contrapunto pol\u00edtico, desde el propio Ejecutivo bolivarense <strong>se habr\u00eda violado una ordenanza municipal, por lo que restar\u00e1 conocer c\u00f3mo seguir\u00e1 la pol\u00e9mica.<\/strong><\/p>\n<p>&nbsp;<\/p>\n<p><em>Fuente y foto Diario La Ma\u00f1ana de Bol\u00edvar<\/em><\/p>\n","protected":false},"excerpt":{"rendered":"<p>La inesperada pol\u00e9mica, ya que ambos integran el mismo espacio pol\u00edtico, surgi\u00f3 a partir de un show de fuegos artificiales<\/p>\n","protected":false},"author":3,"featured_media":47837,"comment_status":"closed","ping_status":"closed","sticky":false,"template":"","format":"standard","meta":{"_jetpack_memberships_contains_paid_content":false,"footnotes":""},"categories":[6,1],"tags":[],"class_list":["post-47835","post","type-post","status-publish","format-standard","has-post-thumbnail","hentry","category-nacionales","category-portada"],"jetpack_featured_media_url":"https:\/\/i0.wp.com\/cdnoticias.com\/wp-content\/uploads\/2022\/03\/WhatsApp-Image-2022-03-02-at-11.05.23-696x391-1.jpeg?fit=696%2C391&ssl=1","jetpack_sharing_enabled":true,"_links":{"self":[{"href":"https:\/\/cdnoticias.com\/index.php\/wp-json\/wp\/v2\/posts\/47835","targetHints":{"allow":["GET"]}}],"collection":[{"href":"https:\/\/cdnoticias.com\/index.php\/wp-json\/wp\/v2\/posts"}],"about":[{"href":"https:\/\/cdnoticias.com\/index.php\/wp-json\/wp\/v2\/types\/post"}],"author":[{"embeddable":true,"href":"https:\/\/cdnoticias.com\/index.php\/wp-json\/wp\/v2\/users\/3"}],"replies":[{"embeddable":true,"href":"https:\/\/cdnoticias.com\/index.php\/wp-json\/wp\/v2\/comments?post=47835"}],"version-history":[{"count":0,"href":"https:\/\/cdnoticias.com\/index.php\/wp-json\/wp\/v2\/posts\/47835\/revisions"}],"wp:featuredmedia":[{"embeddable":true,"href":"https:\/\/cdnoticias.com\/index.php\/wp-json\/wp\/v2\/media\/47837"}],"wp:attachment":[{"href":"https:\/\/cdnoticias.com\/index.php\/wp-json\/wp\/v2\/media?parent=47835"}],"wp:term":[{"taxonomy":"category","embeddable":true,"href":"https:\/\/cdnoticias.com\/index.php\/wp-json\/wp\/v2\/categories?post=47835"},{"taxonomy":"post_tag","embeddable":true,"href":"https:\/\/cdnoticias.com\/index.php\/wp-json\/wp\/v2\/tags?post=47835"}],"curies":[{"name":"wp","href":"https:\/\/api.w.org\/{rel}","templated":true}]}}