{"id":47831,"date":"2022-03-02T13:43:12","date_gmt":"2022-03-02T16:43:12","guid":{"rendered":"https:\/\/www.centraldenoticias.com.ar\/?p=47831"},"modified":"2022-03-02T17:36:01","modified_gmt":"2022-03-02T20:36:01","slug":"tras-cruces-confirmaron-la-primera-entrega-para-construir-el-edificio-de-artes-visuales","status":"publish","type":"post","link":"https:\/\/cdnoticias.com\/index.php\/2022\/03\/02\/tras-cruces-confirmaron-la-primera-entrega-para-construir-el-edificio-de-artes-visuales\/","title":{"rendered":"Tras cruces, confirmaron la primera entrega para construir el edificio de Artes Visuales"},"content":{"rendered":"<p>Tras se\u00f1alar \u201cdemoras\u201d en los pagos y cruzar responsabilidades, Federico Aguilera confirm\u00f3 un anticip\u00f3 de casi 4 millones y medio de pesos. <!--more--><\/p>\n<hr \/>\n<p>Tras idas y vueltas por<strong> las demoras en los fondos para remodelar y construir el nuevo edificio de la Escuela de Artes Visuales, \u201cMiguel \u00c1ngel Galgano\u201d, el funcionario provincial Federico Aguilera confirm\u00f3 que la Provincia enviar\u00e1 un \u201canticipo\u201d de casi 4 millones y medio de pesos.<\/strong><\/p>\n<p>&nbsp;<\/p>\n<p>En redes sociales, Aguilera dijo que es \u201cuna noticia muy esperada\u201d y confirm\u00f3 que <strong><em>\u201cya fue aprobado el anticipo para el nuevo edificio de la Escuela de Artes Visuales \u201cMiguel \u00c1ngel Galgano\u201d por un monto de $4.479.720\u201d.<\/em><\/strong><\/p>\n<p>&nbsp;<\/p>\n<blockquote><p>Adem\u00e1s, indic\u00f3 que <em>\u201cse trata de la primera entrega realizada por el Gobierno Provincial al municipio sobre una inversi\u00f3n total de $23.683.232\u201d.<\/em><\/p><\/blockquote>\n<p>&nbsp;<\/p>\n<p><strong><em>\u201c\u00a1Despu\u00e9s de tanto tiempo y diferentes gestiones comienza a hacerse realidad!\u201d<\/em><\/strong> exclam\u00f3 el subsecretario de Miner\u00eda, en respuesta a los cruces de semanas atr\u00e1s acerca de las demoras en el inicio de la obra.<\/p>\n<p>&nbsp;<\/p>\n<p>El director de la instituci\u00f3n, <a href=\"https:\/\/cdnoticias.com\/index.php\/2022\/02\/10\/nuevo-edificio-para-artes-visuales-no-hay-absolutamente-nada\/\" target=\"_blank\" rel=\"noopener\">Fabi\u00e1n Iglesias, se\u00f1al\u00f3 su decepci\u00f3n por la demora en el inicio de la obra<\/a>. El presidente del Consejo Escolar, <a href=\"https:\/\/cdnoticias.com\/index.php\/2022\/02\/19\/bruno-di-carlo-benitez-y-aguilera-deberian-dar-explicaciones\/\" target=\"_blank\" rel=\"noopener\">Bruno Di Carlo, sali\u00f3 al cruce se\u00f1alando que \u201cAguilera y Ben\u00edtez deber\u00edan dar explicaciones\u201d<\/a> dado que desde su visi\u00f3n, la obra no comenzaba porque la Provincia no abonaba el monto para dar inicio a los trabajos.<\/p>\n<p>&nbsp;<\/p>\n<p>Finalmente, <a href=\"https:\/\/cdnoticias.com\/index.php\/2022\/02\/21\/edificio-de-artes-visuales-nuestro-trabajo-no-se-trata-de-fabricar-frases-rapidas\/\" target=\"_blank\" rel=\"noopener\">Ariel Rodr\u00edguez, consejero escolar, le respondi\u00f3 a Di Carlo y apunt\u00f3 contra el Municipio nuevamente<\/a> y les dijo que <em>\u201cnuestra funci\u00f3n p\u00fablica, nuestro trabajo no se trata de fabricar frases r\u00e1pidas que intenten empantanar el escenario y desliguen de responsabilidades, sino en actuar de manera efectiva ante las necesidades de nuestras escuelas\u201d.<\/em><\/p>\n","protected":false},"excerpt":{"rendered":"<p>Tras se\u00f1alar \u201cdemoras\u201d en los pagos y cruzar responsabilidades, Federico Aguilera confirm\u00f3 un anticip\u00f3 de casi 4 millones y medio<\/p>\n","protected":false},"author":2,"featured_media":47029,"comment_status":"closed","ping_status":"closed","sticky":false,"template":"","format":"standard","meta":{"_jetpack_memberships_contains_paid_content":false,"footnotes":""},"categories":[5,1],"tags":[],"class_list":["post-47831","post","type-post","status-publish","format-standard","has-post-thumbnail","hentry","category-informacion-general","category-portada"],"jetpack_featured_media_url":"https:\/\/i0.wp.com\/cdnoticias.com\/wp-content\/uploads\/2022\/02\/172281465_10226166206731497_255934632934560880_n-800x445-1.jpg?fit=800%2C445&ssl=1","jetpack_sharing_enabled":true,"_links":{"self":[{"href":"https:\/\/cdnoticias.com\/index.php\/wp-json\/wp\/v2\/posts\/47831","targetHints":{"allow":["GET"]}}],"collection":[{"href":"https:\/\/cdnoticias.com\/index.php\/wp-json\/wp\/v2\/posts"}],"about":[{"href":"https:\/\/cdnoticias.com\/index.php\/wp-json\/wp\/v2\/types\/post"}],"author":[{"embeddable":true,"href":"https:\/\/cdnoticias.com\/index.php\/wp-json\/wp\/v2\/users\/2"}],"replies":[{"embeddable":true,"href":"https:\/\/cdnoticias.com\/index.php\/wp-json\/wp\/v2\/comments?post=47831"}],"version-history":[{"count":0,"href":"https:\/\/cdnoticias.com\/index.php\/wp-json\/wp\/v2\/posts\/47831\/revisions"}],"wp:featuredmedia":[{"embeddable":true,"href":"https:\/\/cdnoticias.com\/index.php\/wp-json\/wp\/v2\/media\/47029"}],"wp:attachment":[{"href":"https:\/\/cdnoticias.com\/index.php\/wp-json\/wp\/v2\/media?parent=47831"}],"wp:term":[{"taxonomy":"category","embeddable":true,"href":"https:\/\/cdnoticias.com\/index.php\/wp-json\/wp\/v2\/categories?post=47831"},{"taxonomy":"post_tag","embeddable":true,"href":"https:\/\/cdnoticias.com\/index.php\/wp-json\/wp\/v2\/tags?post=47831"}],"curies":[{"name":"wp","href":"https:\/\/api.w.org\/{rel}","templated":true}]}}