{"id":47821,"date":"2022-03-02T19:00:09","date_gmt":"2022-03-02T22:00:09","guid":{"rendered":"https:\/\/www.centraldenoticias.com.ar\/?p=47821"},"modified":"2022-03-03T07:36:28","modified_gmt":"2022-03-03T10:36:28","slug":"florencia-juarez-renuncio-a-la-direccion-de-politicas-de-genero","status":"publish","type":"post","link":"https:\/\/cdnoticias.com\/index.php\/2022\/03\/02\/florencia-juarez-renuncio-a-la-direccion-de-politicas-de-genero\/","title":{"rendered":"Florencia Ju\u00e1rez renunci\u00f3 a la Direcci\u00f3n de Pol\u00edticas de G\u00e9nero"},"content":{"rendered":"<p>Dej\u00f3 el cargo desde este martes y se adelant\u00f3 que el jueves se anunciar\u00e1 qui\u00e9n ser\u00e1 la nueva directora.<!--more--><\/p>\n<hr \/>\n<p>Florencia Ju\u00e1rez dio a conocer su salida de la Direcci\u00f3n de Pol\u00edticas de G\u00e9nero. Lo hizo a trav\u00e9s de sus redes sociales: <strong>desde este martes 1\u00ba de marzo renunci\u00f3 al cargo que ocup\u00f3 desde junio de 2016.<\/strong><\/p>\n<p>&nbsp;<\/p>\n<p>Ju\u00e1rez es empleada municipal con lo que<strong> continuar\u00e1 en el staff municipal, aunque en un \u00e1rea distinta.<\/strong> Trascendi\u00f3 que estar\u00e1 a cargo del armado de <strong>proyectos vinculados con consumos problem\u00e1ticos.<\/strong><\/p>\n<p>&nbsp;<\/p>\n<p>En cuanto a Pol\u00edticas de G\u00e9nero, se inform\u00f3 que<strong> este jueves se anunciar\u00e1 qui\u00e9n ser\u00e1 la nueva directora.<\/strong> Si bien no se inform\u00f3 oficialmente qui\u00e9n asumir\u00e1, se pudo saber que estar\u00e1 al frente una persona que ya integra el \u00e1rea.<\/p>\n<p>&nbsp;<\/p>\n<p>En sus<strong> m\u00e1s de cinco a\u00f1os de mandato<\/strong>, Ju\u00e1rez impuls\u00f3 numerosas pol\u00edticas y gestiones desde la Direcci\u00f3n entre las que se contaron la gesti\u00f3n del abordaje integral de la violencia de g\u00e9nero, la creaci\u00f3n del \u00e1rea de maculinidades con actividades sostenidas al p\u00fablico, la construcci\u00f3n de dos viviendas para familias en situaci\u00f3n de violencia, desde 2019 la aplicaci\u00f3n de la Ley Micaela, la puesta en marcha del \u00e1rea de diversidad y la implementaci\u00f3n del cupo laboral trans a partir de 2021. Adem\u00e1s se desarrollaron capacitaciones, talleres participativos, jornadas abiertas a la comunidad, campa\u00f1as de comunicaci\u00f3n, intervenciones urbanas, trabajo con instituciones sobre perspectiva de g\u00e9nero y violencia de g\u00e9nero, diversidad sexual, buenos tratos, v\u00ednculos saludables, cuidados del cuerpo; recursos y herramientas metodol\u00f3gicas para implementaci\u00f3n de la ESI y lenguaje inclusivo.<\/p>\n","protected":false},"excerpt":{"rendered":"<p>Dej\u00f3 el cargo desde este martes y se adelant\u00f3 que el jueves se anunciar\u00e1 qui\u00e9n ser\u00e1 la nueva directora.<\/p>\n","protected":false},"author":4,"featured_media":42636,"comment_status":"closed","ping_status":"closed","sticky":false,"template":"","format":"standard","meta":{"_jetpack_memberships_contains_paid_content":false,"footnotes":""},"categories":[4,1],"tags":[],"class_list":["post-47821","post","type-post","status-publish","format-standard","has-post-thumbnail","hentry","category-politica","category-portada"],"jetpack_featured_media_url":"https:\/\/i0.wp.com\/cdnoticias.com\/wp-content\/uploads\/2021\/12\/DH-G%C3%A9nero-Florencia-Juarez-1024x683.jpg?fit=1024%2C683&ssl=1","jetpack_sharing_enabled":true,"_links":{"self":[{"href":"https:\/\/cdnoticias.com\/index.php\/wp-json\/wp\/v2\/posts\/47821","targetHints":{"allow":["GET"]}}],"collection":[{"href":"https:\/\/cdnoticias.com\/index.php\/wp-json\/wp\/v2\/posts"}],"about":[{"href":"https:\/\/cdnoticias.com\/index.php\/wp-json\/wp\/v2\/types\/post"}],"author":[{"embeddable":true,"href":"https:\/\/cdnoticias.com\/index.php\/wp-json\/wp\/v2\/users\/4"}],"replies":[{"embeddable":true,"href":"https:\/\/cdnoticias.com\/index.php\/wp-json\/wp\/v2\/comments?post=47821"}],"version-history":[{"count":0,"href":"https:\/\/cdnoticias.com\/index.php\/wp-json\/wp\/v2\/posts\/47821\/revisions"}],"wp:featuredmedia":[{"embeddable":true,"href":"https:\/\/cdnoticias.com\/index.php\/wp-json\/wp\/v2\/media\/42636"}],"wp:attachment":[{"href":"https:\/\/cdnoticias.com\/index.php\/wp-json\/wp\/v2\/media?parent=47821"}],"wp:term":[{"taxonomy":"category","embeddable":true,"href":"https:\/\/cdnoticias.com\/index.php\/wp-json\/wp\/v2\/categories?post=47821"},{"taxonomy":"post_tag","embeddable":true,"href":"https:\/\/cdnoticias.com\/index.php\/wp-json\/wp\/v2\/tags?post=47821"}],"curies":[{"name":"wp","href":"https:\/\/api.w.org\/{rel}","templated":true}]}}