{"id":47820,"date":"2022-03-02T11:22:43","date_gmt":"2022-03-02T14:22:43","guid":{"rendered":"https:\/\/www.centraldenoticias.com.ar\/?p=47820"},"modified":"2022-03-02T11:22:43","modified_gmt":"2022-03-02T14:22:43","slug":"se-realizara-el-estado-cerca-tuyo-en-el-barrio-bancario-i","status":"publish","type":"post","link":"https:\/\/cdnoticias.com\/index.php\/2022\/03\/02\/se-realizara-el-estado-cerca-tuyo-en-el-barrio-bancario-i\/","title":{"rendered":"Se realizar\u00e1 \u201cEl Estado Cerca Tuyo\u201d en el Barrio Bancario I"},"content":{"rendered":"<p>Ser\u00e1 este s\u00e1bado por la ma\u00f1ana. Estar\u00e1 la posibilidad de recibir atenci\u00f3n odontol\u00f3gica, nutrici\u00f3n, enfermer\u00eda y vacunaci\u00f3n contra el COVID.<!--more--><\/p>\n<hr \/>\n<p>El <strong>pr\u00f3ximo s\u00e1bado 5 de marzo de 10:00 a 13:00 horas<\/strong> se realizar\u00e1 en la Plaza \u201cJulio Argentino Pagano\u201d -ubicada en Urquiza y Calle 20, barrio Bancario I- <strong>el ya tradicional despliegue de organismos provinciales y nacionales \u201cEl Estado Cerca Tuyo\u201d.<\/strong><\/p>\n<p>&nbsp;<\/p>\n<blockquote><p>El objetivo de esta actividad es acercar y facilitar el acceso a controles de salud, como as\u00ed tambi\u00e9n asesorar sobre los distintos tr\u00e1mites y programas que se encuentran habilitados paras vecinos y vecinas.<\/p><\/blockquote>\n<p>&nbsp;<\/p>\n<p>Estar\u00e1 presente personal de ANSES, IOMA, INADI, PAMI, Desarrollo social, Regi\u00f3n Sanitaria IX, Min. de las Mujeres, Min. de Trabajo, Plan Fines, INTA, Registro Provincial y Nacional de las Personas, Hospital Provincial de Oncolog\u00eda, Subsecretaria de DD HH, Sedronar-Red puentes, Jefatura Distrital de Educaci\u00f3n, Comisi\u00f3n Nacional de Regulaci\u00f3n de Transporte y Defensor\u00eda del Pueblo.<\/p>\n<p>&nbsp;<\/p>\n<p><img data-recalc-dims=\"1\" loading=\"lazy\" decoding=\"async\" class=\"alignnone size-large wp-image-47823\" src=\"https:\/\/i0.wp.com\/cdnoticias.com\/wp-content\/uploads\/2022\/03\/WhatsApp-Image-2022-03-02-at-10.36.32.jpeg?resize=800%2C800&#038;ssl=1\" alt=\"\" width=\"800\" height=\"800\" srcset=\"https:\/\/i0.wp.com\/cdnoticias.com\/wp-content\/uploads\/2022\/03\/WhatsApp-Image-2022-03-02-at-10.36.32.jpeg?resize=1024%2C1024&amp;ssl=1 1024w, https:\/\/i0.wp.com\/cdnoticias.com\/wp-content\/uploads\/2022\/03\/WhatsApp-Image-2022-03-02-at-10.36.32.jpeg?resize=300%2C300&amp;ssl=1 300w, https:\/\/i0.wp.com\/cdnoticias.com\/wp-content\/uploads\/2022\/03\/WhatsApp-Image-2022-03-02-at-10.36.32.jpeg?resize=150%2C150&amp;ssl=1 150w, https:\/\/i0.wp.com\/cdnoticias.com\/wp-content\/uploads\/2022\/03\/WhatsApp-Image-2022-03-02-at-10.36.32.jpeg?resize=768%2C768&amp;ssl=1 768w, https:\/\/i0.wp.com\/cdnoticias.com\/wp-content\/uploads\/2022\/03\/WhatsApp-Image-2022-03-02-at-10.36.32.jpeg?resize=1536%2C1536&amp;ssl=1 1536w, https:\/\/i0.wp.com\/cdnoticias.com\/wp-content\/uploads\/2022\/03\/WhatsApp-Image-2022-03-02-at-10.36.32.jpeg?w=1600&amp;ssl=1 1600w\" sizes=\"auto, (max-width: 800px) 100vw, 800px\" \/><\/p>\n<p>&nbsp;<\/p>\n<p>Como novedades, en esta edici\u00f3n, <strong>estar\u00e1 la posibilidad de recibir atenci\u00f3n odontol\u00f3gica, nutrici\u00f3n, enfermer\u00eda y desde el INTA se entregar\u00e1n semillas para realizar huerta.<\/strong> Adem\u00e1s, como ya se realiz\u00f3 en \u00faltimas ediciones, aquellos interesados podr\u00e1n vacunarse contra el COVID.<\/p>\n<p>&nbsp;<\/p>\n<p>Estas iniciativas <strong>se vienen realizando con \u00e9xito en diferentes puntos de la ciudad y las localidades con el fin de brindar soluciones y dar respuesta a los vecinos y vecinas cerca de sus hogares.<\/strong><\/p>\n","protected":false},"excerpt":{"rendered":"<p>Ser\u00e1 este s\u00e1bado por la ma\u00f1ana. Estar\u00e1 la posibilidad de recibir atenci\u00f3n odontol\u00f3gica, nutrici\u00f3n, enfermer\u00eda y vacunaci\u00f3n contra el COVID.<\/p>\n","protected":false},"author":2,"featured_media":16099,"comment_status":"closed","ping_status":"closed","sticky":false,"template":"","format":"standard","meta":{"_jetpack_memberships_contains_paid_content":false,"footnotes":""},"categories":[5,1],"tags":[],"class_list":["post-47820","post","type-post","status-publish","format-standard","has-post-thumbnail","hentry","category-informacion-general","category-portada"],"jetpack_featured_media_url":"https:\/\/i0.wp.com\/cdnoticias.com\/wp-content\/uploads\/2021\/03\/estado-cerca-tuyo-sierras-bayas-4.jpeg?fit=1144%2C718&ssl=1","jetpack_sharing_enabled":true,"_links":{"self":[{"href":"https:\/\/cdnoticias.com\/index.php\/wp-json\/wp\/v2\/posts\/47820","targetHints":{"allow":["GET"]}}],"collection":[{"href":"https:\/\/cdnoticias.com\/index.php\/wp-json\/wp\/v2\/posts"}],"about":[{"href":"https:\/\/cdnoticias.com\/index.php\/wp-json\/wp\/v2\/types\/post"}],"author":[{"embeddable":true,"href":"https:\/\/cdnoticias.com\/index.php\/wp-json\/wp\/v2\/users\/2"}],"replies":[{"embeddable":true,"href":"https:\/\/cdnoticias.com\/index.php\/wp-json\/wp\/v2\/comments?post=47820"}],"version-history":[{"count":0,"href":"https:\/\/cdnoticias.com\/index.php\/wp-json\/wp\/v2\/posts\/47820\/revisions"}],"wp:featuredmedia":[{"embeddable":true,"href":"https:\/\/cdnoticias.com\/index.php\/wp-json\/wp\/v2\/media\/16099"}],"wp:attachment":[{"href":"https:\/\/cdnoticias.com\/index.php\/wp-json\/wp\/v2\/media?parent=47820"}],"wp:term":[{"taxonomy":"category","embeddable":true,"href":"https:\/\/cdnoticias.com\/index.php\/wp-json\/wp\/v2\/categories?post=47820"},{"taxonomy":"post_tag","embeddable":true,"href":"https:\/\/cdnoticias.com\/index.php\/wp-json\/wp\/v2\/tags?post=47820"}],"curies":[{"name":"wp","href":"https:\/\/api.w.org\/{rel}","templated":true}]}}