{"id":47749,"date":"2022-03-02T09:09:46","date_gmt":"2022-03-02T12:09:46","guid":{"rendered":"https:\/\/www.centraldenoticias.com.ar\/?p=47749"},"modified":"2022-03-02T11:05:16","modified_gmt":"2022-03-02T14:05:16","slug":"ante-un-gran-marco-de-publico-y-una-verdadera-fiesta-cerraron-los-corsos-oficiales-2022","status":"publish","type":"post","link":"https:\/\/cdnoticias.com\/index.php\/2022\/03\/02\/ante-un-gran-marco-de-publico-y-una-verdadera-fiesta-cerraron-los-corsos-oficiales-2022\/","title":{"rendered":"Ante un gran marco de p\u00fablico y una verdadera fiesta, cerraron los Corsos Oficiales 2022"},"content":{"rendered":"<p>El Intendente Galli encabez\u00f3 la actividad e inici\u00f3 la quema del Momo. Con una peque\u00f1a lluvia que \u201camag\u00f3\u201d los carnavales se cerraron en Olavarr\u00eda. <!--more--><\/p>\n<hr \/>\n<p><strong><em>\u201cEs solo una nube\u201d<\/em><\/strong> dijeron entre risas integrantes de agrupaciones mientras el Cors\u00f3dromo \u201cGabriel Antonio\u201d era una verdadera fiesta en el<strong> cierre de los Corsos Oficiales 2022.<\/strong> Con la quema del Momo, el show musical de \u201cQueso y dulce\u201d y una nueva pasada de batucadas, murgas y comparsas, se dio por finalizada esta edici\u00f3n del carnaval.<\/p>\n<p>&nbsp;<\/p>\n<p>En esta segunda y \u00faltima noche, desfilaron por el Cors\u00f3dromo <strong>Verano Dorado (Elvira, de 102 a\u00f1os, se dio el gusto de bailar con el Intendente) Bah\u00eda Ba, Insaciables, Comodines de Febrero, Sambos Caporales, Amizade Samba, Vip Samb\u00e1, Derramando Alegr\u00eda, Laten las Lonjas, El color de tu coraz\u00f3n, Gres Salguero y Daii Yar\u00e1.<\/strong><\/p>\n<p>&nbsp;<\/p>\n<p><img data-recalc-dims=\"1\" loading=\"lazy\" decoding=\"async\" class=\"alignnone size-large wp-image-47752\" src=\"https:\/\/i0.wp.com\/cdnoticias.com\/wp-content\/uploads\/2022\/03\/WhatsApp-Image-2022-03-01-at-23.35.01.jpeg?resize=800%2C370&#038;ssl=1\" alt=\"\" width=\"800\" height=\"370\" srcset=\"https:\/\/i0.wp.com\/cdnoticias.com\/wp-content\/uploads\/2022\/03\/WhatsApp-Image-2022-03-01-at-23.35.01.jpeg?resize=1024%2C474&amp;ssl=1 1024w, https:\/\/i0.wp.com\/cdnoticias.com\/wp-content\/uploads\/2022\/03\/WhatsApp-Image-2022-03-01-at-23.35.01.jpeg?resize=300%2C139&amp;ssl=1 300w, https:\/\/i0.wp.com\/cdnoticias.com\/wp-content\/uploads\/2022\/03\/WhatsApp-Image-2022-03-01-at-23.35.01.jpeg?resize=768%2C355&amp;ssl=1 768w, https:\/\/i0.wp.com\/cdnoticias.com\/wp-content\/uploads\/2022\/03\/WhatsApp-Image-2022-03-01-at-23.35.01.jpeg?resize=1536%2C710&amp;ssl=1 1536w, https:\/\/i0.wp.com\/cdnoticias.com\/wp-content\/uploads\/2022\/03\/WhatsApp-Image-2022-03-01-at-23.35.01.jpeg?w=1600&amp;ssl=1 1600w\" sizes=\"auto, (max-width: 800px) 100vw, 800px\" \/><\/p>\n<p>&nbsp;<\/p>\n<blockquote><p>Se mostr\u00f3 un notable \u00e9xito entre las instituciones que organizaron las sillas para ubicarse al costado del Cors\u00f3dromo, los puestos de venta de espuma como as\u00ed tambi\u00e9n de comida: muchos a mitad de noche ya no ten\u00edan stock y valoraron el acompa\u00f1amiento de los miles de olavarrienses que asistieron a las dos noches de Carnaval.<\/p><\/blockquote>\n<p>&nbsp;<\/p>\n<p>Ante el p\u00fablico, el jefe comunal manifest\u00f3 su alegr\u00eda<em> \u201cpor tantos vecinos que hoy nos acompa\u00f1aron. Viendo pasar tantas agrupaciones que trabajan todo el a\u00f1o para venir a mostrar su arte y eso nos llena de orgullo. Volver a tener esta fiesta popular despu\u00e9s de la pandemia, volver a juntarnos es algo maravilloso y nos pone muy muy contentos\u201d<\/em>, sostuvo.<\/p>\n<p>&nbsp;<\/p>\n<p><img data-recalc-dims=\"1\" loading=\"lazy\" decoding=\"async\" class=\"alignnone size-large wp-image-47751\" src=\"https:\/\/i0.wp.com\/cdnoticias.com\/wp-content\/uploads\/2022\/03\/WhatsApp-Image-2022-03-01-at-23.23.10-1.jpeg?resize=800%2C534&#038;ssl=1\" alt=\"\" width=\"800\" height=\"534\" srcset=\"https:\/\/i0.wp.com\/cdnoticias.com\/wp-content\/uploads\/2022\/03\/WhatsApp-Image-2022-03-01-at-23.23.10-1.jpeg?resize=1024%2C683&amp;ssl=1 1024w, https:\/\/i0.wp.com\/cdnoticias.com\/wp-content\/uploads\/2022\/03\/WhatsApp-Image-2022-03-01-at-23.23.10-1.jpeg?resize=300%2C200&amp;ssl=1 300w, https:\/\/i0.wp.com\/cdnoticias.com\/wp-content\/uploads\/2022\/03\/WhatsApp-Image-2022-03-01-at-23.23.10-1.jpeg?resize=768%2C512&amp;ssl=1 768w, https:\/\/i0.wp.com\/cdnoticias.com\/wp-content\/uploads\/2022\/03\/WhatsApp-Image-2022-03-01-at-23.23.10-1.jpeg?resize=1536%2C1024&amp;ssl=1 1536w, https:\/\/i0.wp.com\/cdnoticias.com\/wp-content\/uploads\/2022\/03\/WhatsApp-Image-2022-03-01-at-23.23.10-1.jpeg?resize=272%2C182&amp;ssl=1 272w, https:\/\/i0.wp.com\/cdnoticias.com\/wp-content\/uploads\/2022\/03\/WhatsApp-Image-2022-03-01-at-23.23.10-1.jpeg?w=1599&amp;ssl=1 1599w\" sizes=\"auto, (max-width: 800px) 100vw, 800px\" \/><\/p>\n<p>&nbsp;<\/p>\n<p>Asimismo agradeci\u00f3 <em>\u201ca todos los vecinos, es imponente ver la cantidad de gente que se acerc\u00f3 al cors\u00f3dromo ayer y hoy. Y a todo el equipo de la Municipalidad que trabaj\u00f3 tanto para que nos encontremos ac\u00e1 hoy. No tienen ni idea la cantidad de gente que le ha puesto el hombro para volver a tener esta fiesta como est\u00e1bamos acostumbrados antes de la Pandemia\u201d.<\/em><\/p>\n<p>&nbsp;<\/p>\n<p><img data-recalc-dims=\"1\" loading=\"lazy\" decoding=\"async\" class=\"alignnone size-large wp-image-47750\" src=\"https:\/\/i0.wp.com\/cdnoticias.com\/wp-content\/uploads\/2022\/03\/WhatsApp-Image-2022-03-01-at-23.23.04.jpeg?resize=800%2C534&#038;ssl=1\" alt=\"\" width=\"800\" height=\"534\" srcset=\"https:\/\/i0.wp.com\/cdnoticias.com\/wp-content\/uploads\/2022\/03\/WhatsApp-Image-2022-03-01-at-23.23.04.jpeg?resize=1024%2C683&amp;ssl=1 1024w, https:\/\/i0.wp.com\/cdnoticias.com\/wp-content\/uploads\/2022\/03\/WhatsApp-Image-2022-03-01-at-23.23.04.jpeg?resize=300%2C200&amp;ssl=1 300w, https:\/\/i0.wp.com\/cdnoticias.com\/wp-content\/uploads\/2022\/03\/WhatsApp-Image-2022-03-01-at-23.23.04.jpeg?resize=768%2C512&amp;ssl=1 768w, https:\/\/i0.wp.com\/cdnoticias.com\/wp-content\/uploads\/2022\/03\/WhatsApp-Image-2022-03-01-at-23.23.04.jpeg?resize=1536%2C1024&amp;ssl=1 1536w, https:\/\/i0.wp.com\/cdnoticias.com\/wp-content\/uploads\/2022\/03\/WhatsApp-Image-2022-03-01-at-23.23.04.jpeg?resize=272%2C182&amp;ssl=1 272w, https:\/\/i0.wp.com\/cdnoticias.com\/wp-content\/uploads\/2022\/03\/WhatsApp-Image-2022-03-01-at-23.23.04.jpeg?w=1599&amp;ssl=1 1599w\" sizes=\"auto, (max-width: 800px) 100vw, 800px\" \/><\/p>\n","protected":false},"excerpt":{"rendered":"<p>El Intendente Galli encabez\u00f3 la actividad e inici\u00f3 la quema del Momo. Con una peque\u00f1a lluvia que \u201camag\u00f3\u201d los carnavales<\/p>\n","protected":false},"author":2,"featured_media":47753,"comment_status":"closed","ping_status":"closed","sticky":false,"template":"","format":"standard","meta":{"_jetpack_memberships_contains_paid_content":false,"footnotes":""},"categories":[9,1],"tags":[],"class_list":["post-47749","post","type-post","status-publish","format-standard","has-post-thumbnail","hentry","category-cultura","category-portada"],"jetpack_featured_media_url":"https:\/\/i0.wp.com\/cdnoticias.com\/wp-content\/uploads\/2022\/03\/WhatsApp-Image-2022-03-01-at-23.23.10.jpeg?fit=1599%2C1066&ssl=1","jetpack_sharing_enabled":true,"_links":{"self":[{"href":"https:\/\/cdnoticias.com\/index.php\/wp-json\/wp\/v2\/posts\/47749","targetHints":{"allow":["GET"]}}],"collection":[{"href":"https:\/\/cdnoticias.com\/index.php\/wp-json\/wp\/v2\/posts"}],"about":[{"href":"https:\/\/cdnoticias.com\/index.php\/wp-json\/wp\/v2\/types\/post"}],"author":[{"embeddable":true,"href":"https:\/\/cdnoticias.com\/index.php\/wp-json\/wp\/v2\/users\/2"}],"replies":[{"embeddable":true,"href":"https:\/\/cdnoticias.com\/index.php\/wp-json\/wp\/v2\/comments?post=47749"}],"version-history":[{"count":0,"href":"https:\/\/cdnoticias.com\/index.php\/wp-json\/wp\/v2\/posts\/47749\/revisions"}],"wp:featuredmedia":[{"embeddable":true,"href":"https:\/\/cdnoticias.com\/index.php\/wp-json\/wp\/v2\/media\/47753"}],"wp:attachment":[{"href":"https:\/\/cdnoticias.com\/index.php\/wp-json\/wp\/v2\/media?parent=47749"}],"wp:term":[{"taxonomy":"category","embeddable":true,"href":"https:\/\/cdnoticias.com\/index.php\/wp-json\/wp\/v2\/categories?post=47749"},{"taxonomy":"post_tag","embeddable":true,"href":"https:\/\/cdnoticias.com\/index.php\/wp-json\/wp\/v2\/tags?post=47749"}],"curies":[{"name":"wp","href":"https:\/\/api.w.org\/{rel}","templated":true}]}}