{"id":47734,"date":"2022-03-01T16:44:48","date_gmt":"2022-03-01T19:44:48","guid":{"rendered":"https:\/\/www.centraldenoticias.com.ar\/?p=47734"},"modified":"2022-03-01T16:44:48","modified_gmt":"2022-03-01T19:44:48","slug":"un-anuncio-una-sonrisa-y-un-portazo-el-bloque-pro-se-fue-de-sus-bancas","status":"publish","type":"post","link":"https:\/\/cdnoticias.com\/index.php\/2022\/03\/01\/un-anuncio-una-sonrisa-y-un-portazo-el-bloque-pro-se-fue-de-sus-bancas\/","title":{"rendered":"Un anuncio, una sonrisa y un portazo: el bloque Pro se fue de sus bancas"},"content":{"rendered":"<p>Los legisladores de la UCR y de la Coalici\u00f3n C\u00edvica decidieron quedarse en sus bancas. Fue tras el anuncio del avance en la investigaci\u00f3n por la toma de deuda de Macri con el FMI. <!--more--><\/p>\n<hr \/>\n<p>Durante el<a href=\"https:\/\/cdnoticias.com\/index.php\/2022\/03\/01\/alberto-fernandez-sobre-el-acuerdo-con-el-fmi-es-el-mejor-entendimiento-que-se-podia-lograr\/\" target=\"_blank\" rel=\"noopener\"> discurso de Alberto Fern\u00e1ndez que dio por inaugurado el periodo de sesiones ordinarias del Congreso<\/a>, <strong>los diputados del PRO se levantaron de sus bancas y se fueron del recinto<\/strong> en el momento en que el mandatario anunci\u00f3 que se seguir\u00e1 investigando la deuda tomada durante la gesti\u00f3n de Mauricio Macri con el Fondo Monetario Internacional (FMI).<\/p>\n<p>&nbsp;<\/p>\n<blockquote><p>En medio de minutos de tensi\u00f3n y gritos, <strong>los representantes del PRO de la alianza Juntos por el Cambio fue la que dej\u00f3 el recinto.<\/strong> Sin embargo, algunos legisladores de la UCR y de la Coalici\u00f3n C\u00edvica se quedaron en sus bancas.<\/p><\/blockquote>\n<p>&nbsp;<\/p>\n<p>Mientras eso ocurr\u00eda, el kirchnerismo ovacion\u00f3 al Presidente, al tiempo que la vicepresidenta Cristina Fern\u00e1ndez de Kirchner acompa\u00f1aba las palabras del mandatario con una sonrisa c\u00f3mplice.<\/p>\n<p>&nbsp;<\/p>\n<p><em>\u201cEl a\u00f1o pasado, a trav\u00e9s del Decreto 8\/2021 instru\u00ed a la Procuraci\u00f3n del Tesoro para que iniciara una querella criminal tendiente a establecer la verdad y las responsabilidades sobre este endeudamiento\u201d<\/em>, dijo Fern\u00e1ndez, <strong>lo que gener\u00f3 el enojo de un sector de la oposici\u00f3n.<\/strong><\/p>\n<p>&nbsp;<\/p>\n<p>Y sigui\u00f3: <em>\u201cEste Acuerdo tampoco releva al Poder Judicial de avanzar en esa investigaci\u00f3n. Los argentinos y las argentinas tienen el derecho de saber c\u00f3mo ocurrieron los hechos y quienes fueron los responsables de tanto desatino\u201d.<\/em><\/p>\n<p>&nbsp;<\/p>\n<p>La reacci\u00f3n de los legisladores del PRO se dio apenas Fern\u00e1ndez apunt\u00f3 contra el expresidente Mauricio Macri, aunque se trat\u00f3 de algo que estaba previsto: dejar el recinto si el discurso apuntaba contra el referente del espacio opositor.<\/p>\n<p>&nbsp;<\/p>\n<p><em>(Con informaci\u00f3n de DIB)<\/em><\/p>\n","protected":false},"excerpt":{"rendered":"<p>Los legisladores de la UCR y de la Coalici\u00f3n C\u00edvica decidieron quedarse en sus bancas. Fue tras el anuncio del<\/p>\n","protected":false},"author":2,"featured_media":47735,"comment_status":"closed","ping_status":"closed","sticky":false,"template":"","format":"standard","meta":{"_jetpack_memberships_contains_paid_content":false,"footnotes":""},"categories":[6,1],"tags":[],"class_list":["post-47734","post","type-post","status-publish","format-standard","has-post-thumbnail","hentry","category-nacionales","category-portada"],"jetpack_featured_media_url":"https:\/\/i0.wp.com\/cdnoticias.com\/wp-content\/uploads\/2022\/03\/bloque-pro-vacio.jpg?fit=1261%2C755&ssl=1","jetpack_sharing_enabled":true,"_links":{"self":[{"href":"https:\/\/cdnoticias.com\/index.php\/wp-json\/wp\/v2\/posts\/47734","targetHints":{"allow":["GET"]}}],"collection":[{"href":"https:\/\/cdnoticias.com\/index.php\/wp-json\/wp\/v2\/posts"}],"about":[{"href":"https:\/\/cdnoticias.com\/index.php\/wp-json\/wp\/v2\/types\/post"}],"author":[{"embeddable":true,"href":"https:\/\/cdnoticias.com\/index.php\/wp-json\/wp\/v2\/users\/2"}],"replies":[{"embeddable":true,"href":"https:\/\/cdnoticias.com\/index.php\/wp-json\/wp\/v2\/comments?post=47734"}],"version-history":[{"count":0,"href":"https:\/\/cdnoticias.com\/index.php\/wp-json\/wp\/v2\/posts\/47734\/revisions"}],"wp:featuredmedia":[{"embeddable":true,"href":"https:\/\/cdnoticias.com\/index.php\/wp-json\/wp\/v2\/media\/47735"}],"wp:attachment":[{"href":"https:\/\/cdnoticias.com\/index.php\/wp-json\/wp\/v2\/media?parent=47734"}],"wp:term":[{"taxonomy":"category","embeddable":true,"href":"https:\/\/cdnoticias.com\/index.php\/wp-json\/wp\/v2\/categories?post=47734"},{"taxonomy":"post_tag","embeddable":true,"href":"https:\/\/cdnoticias.com\/index.php\/wp-json\/wp\/v2\/tags?post=47734"}],"curies":[{"name":"wp","href":"https:\/\/api.w.org\/{rel}","templated":true}]}}