{"id":47731,"date":"2022-03-01T16:36:20","date_gmt":"2022-03-01T19:36:20","guid":{"rendered":"https:\/\/www.centraldenoticias.com.ar\/?p=47731"},"modified":"2022-03-01T16:36:20","modified_gmt":"2022-03-01T19:36:20","slug":"alberto-fernandez-sobre-el-acuerdo-con-el-fmi-es-el-mejor-entendimiento-que-se-podia-lograr","status":"publish","type":"post","link":"https:\/\/cdnoticias.com\/index.php\/2022\/03\/01\/alberto-fernandez-sobre-el-acuerdo-con-el-fmi-es-el-mejor-entendimiento-que-se-podia-lograr\/","title":{"rendered":"Alberto Fern\u00e1ndez sobre el acuerdo con el FMI: \u201ces el mejor entendimiento que se pod\u00eda lograr\u201d"},"content":{"rendered":"<p>El presidente habl\u00f3 ante la C\u00e1mara Legislativa e inaugur\u00f3 el periodo de sesiones ordinarias del Congreso. Adem\u00e1s, dio detalles sobre la reforma jubilatoria, los planes sociales e hizo anuncios econ\u00f3micos. <!--more--><\/p>\n<hr \/>\n<p>En la<strong> inauguraci\u00f3n del 140\u00b0 per\u00edodo de sesiones ordinarias del Congreso de la Naci\u00f3n, el presidente Alberto Fern\u00e1ndez pidi\u00f3 este martes el \u201ccompromiso nacional\u201d de todo el Congreso para aprobar el proyecto de ley del acuerdo con el Fondo Monetario Internacional (FMI)<\/strong>, y reconoci\u00f3 que a\u00fan se est\u00e1n discutiendo detalles del mismo. Adem\u00e1s se refiri\u00f3 a las tarifas, a la reforma jubilatoria y a los planes sociales, entre otros puntos en materia econ\u00f3mica.<\/p>\n<p>&nbsp;<\/p>\n<p><span style=\"text-decoration: underline;\"><strong>Acuerdo con el FMI<\/strong><\/span><\/p>\n<p>&nbsp;<\/p>\n<p>Fern\u00e1ndez reconoci\u00f3 en una parte de su discurso que <strong>a\u00fan trabajan en los \u00faltimos detalles del acuerdo<\/strong> con el organismo de cr\u00e9dito internacional por la <strong>deuda de unos 45.000 millones de d\u00f3lares que solicit\u00f3 el Gobierno de Mauricio Macri.<\/strong><\/p>\n<p>&nbsp;<\/p>\n<p><em>\u201cAhora el Gobierno de la Argentina ha llegado a un acuerdo con el staff del Fondo Monetario Internacional para llevar adelante un programa que nos permita refinanciar la deuda con ese organismo que nos dej\u00f3 el gobierno anterior y al cual nos opusimos en su oportunidad\u201d<\/em>, se\u00f1al\u00f3. Y agreg\u00f3: <strong><em>\u201cEste es el mejor entendimiento que se pod\u00eda lograr\u201d.<\/em><\/strong><\/p>\n<p>&nbsp;<\/p>\n<blockquote><p><em>\u201cA\u00fan hoy seguimos negociando aspectos vinculados a la formalizaci\u00f3n de ese acuerdo que conf\u00edo concluir a la brevedad\u201d<\/em>, reconoci\u00f3. Y concluy\u00f3:<em> \u201cEn el contexto mundial que vivimos y teniendo en cuenta la magnitud de los compromisos que asumi\u00f3 Argentina y que buscamos modificar, defender los derechos de nuestro pueblo demanda mucho m\u00e1s que cinco minutos\u201d.<\/em><\/p><\/blockquote>\n<p>&nbsp;<\/p>\n<p><span style=\"text-decoration: underline;\"><strong>Las tarifas<\/strong><\/span><\/p>\n<p>&nbsp;<\/p>\n<p>Si bien el Presidente se encarg\u00f3 de destacar que <strong><em>\u201cen Argentina se acabaron los tarifazos\u201d<\/em><\/strong>, destac\u00f3 qu<strong>e de ahora en m\u00e1s se avanzar\u00e1 con la segmentaci\u00f3n de las tarifas para lograr una mayor justicia.<\/strong><em> \u201cVamos a segmentar los subsidios para lograr niveles de tarifas razonables, con justicia y equidad distributiva para los servicios p\u00fablicos de gas y electricidad. Por eso, en principio, apuntamos a que el 10% de mayor capacidad econ\u00f3mica deje de ser beneficiario de subsidios\u201d<\/em>, sostuvo.<\/p>\n<p>&nbsp;<\/p>\n<p>Para el resto de los usuarios, dijo que <strong>se inspirar\u00e1n en la Ley 27.443 votada en el Congreso de Naci\u00f3n en el a\u00f1o 2018 y vetada por el entonces presidente Mauricio Macri. Esa normativa establec\u00eda que las tarifas solo podr\u00edan incrementarse teniendo como tope el Coeficiente de Variaci\u00f3n Salarial.<\/strong> <em>\u201cLo que nosotros haremos ser\u00e1 utilizar ese mismo indicador, pero estableciendo que la evoluci\u00f3n de las tarifas estar\u00e1 claramente por debajo de la evoluci\u00f3n de los salarios. As\u00ed, alineamos el tema de las tarifas con una pol\u00edtica clara para recomponer los ingresos en t\u00e9rminos reales\u201d<\/em>, aclar\u00f3 Fern\u00e1ndez.<\/p>\n<p>&nbsp;<\/p>\n<p><strong><em>\u201cSi alguna persona considerara injusto dejar de percibir un subsidio que a su criterio le corresponde, siempre podr\u00e1 hacer su reclamo para que su derecho le sea reconocido en tiempo oportuno\u201d<\/em><\/strong>, sum\u00f3.<\/p>\n<p>&nbsp;<\/p>\n<p><span style=\"text-decoration: underline;\"><strong>Reforma laboral y jubilatoria<\/strong><\/span><\/p>\n<p>&nbsp;<\/p>\n<p>Como se ven\u00eda reiterando desde el Gobierno en los \u00faltimos d\u00edas, Fern\u00e1ndez se refiri\u00f3 al acuerdo con el FMI y asegur\u00f3 que no llevar\u00e1 adelante una reforma laboral.<\/p>\n<p>&nbsp;<\/p>\n<blockquote><p><em><strong>\u201cQuiero ser claro: no habr\u00e1 una reforma laboral\u201d<\/strong><\/em>, dijo. Y continu\u00f3:<em> \u201cLos derechos de los que trabajan no pueden ser alterados en su perjuicio. La justicia social jam\u00e1s puede ser objeto de una negociaci\u00f3n\u201d.<\/em><\/p><\/blockquote>\n<p>&nbsp;<\/p>\n<p><strong><em>\u201cNo queremos m\u00e1s ajustes. Nunca defendimos los ajustes. Trabajo para una Argentina grande, con crecimiento y empleo, sin exclusiones y con ampliaci\u00f3n de derechos\u201d<\/em><\/strong>, indic\u00f3.<\/p>\n<p>&nbsp;<\/p>\n<p>En tanto, el mandatario tambi\u00e9n le dedic\u00f3 un cap\u00edtulo a la reforma previsional. <em>\u201cQuiero ser claro: la edad jubilatoria no ser\u00e1 alterada. Jubilarse es un derecho y se debe respetar a rajatabla\u201d<\/em>, dijo. Y aclar\u00f3:<strong><em> \u201cSi por el motivo que fuere una persona deseara continuar trabajando despu\u00e9s de cumplir la edad que establece la ley, nadie, en principio, deber\u00eda obligarla a retirarse\u201d.<\/em><\/strong><\/p>\n<p>&nbsp;<\/p>\n<p><span style=\"text-decoration: underline;\"><strong>Planes sociales y trabajo formal<\/strong><\/span><\/p>\n<p>&nbsp;<\/p>\n<p>Por otra parte, Fern\u00e1ndez hizo referencia al mercado laboral, golpeado en los dos a\u00f1os de pandemia. <em>\u201cArgentina necesita iniciar un proceso de desarrollo inclusivo que atienda la incorporaci\u00f3n de quienes hoy reciben planes sociales y a partir de ellos, asociados en cooperativas o prestando trabajos en el Estado, buscan mejorar sus condiciones de vida\u201d<\/em>, dijo frente a los legisladores.<\/p>\n<p>&nbsp;<\/p>\n<p><em>\u201cMientras alguien la necesite, la asistencia del Estado seguir\u00e1 presente. Pero<strong> es hora de que los argentinos y argentinas que puedan hacerlo, vuelvan paulatinamente al empleo formal y puedan ir prescindiendo de los planes sociales.<\/strong> Debemos saber que ese trabajo existe en la informalidad y que hasta aqu\u00ed, no ha sido regularizados adecuadamente\u201d<\/em>, sentenci\u00f3.<\/p>\n<p>&nbsp;<\/p>\n<p><em>Con informaci\u00f3n de DIB<\/em><\/p>\n","protected":false},"excerpt":{"rendered":"<p>El presidente habl\u00f3 ante la C\u00e1mara Legislativa e inaugur\u00f3 el periodo de sesiones ordinarias del Congreso. Adem\u00e1s, dio detalles sobre<\/p>\n","protected":false},"author":2,"featured_media":47732,"comment_status":"closed","ping_status":"closed","sticky":false,"template":"","format":"standard","meta":{"_jetpack_memberships_contains_paid_content":false,"footnotes":""},"categories":[6,1],"tags":[],"class_list":["post-47731","post","type-post","status-publish","format-standard","has-post-thumbnail","hentry","category-nacionales","category-portada"],"jetpack_featured_media_url":"https:\/\/i0.wp.com\/cdnoticias.com\/wp-content\/uploads\/2022\/03\/alberto-fernandez.jpg?fit=2560%2C1868&ssl=1","jetpack_sharing_enabled":true,"_links":{"self":[{"href":"https:\/\/cdnoticias.com\/index.php\/wp-json\/wp\/v2\/posts\/47731","targetHints":{"allow":["GET"]}}],"collection":[{"href":"https:\/\/cdnoticias.com\/index.php\/wp-json\/wp\/v2\/posts"}],"about":[{"href":"https:\/\/cdnoticias.com\/index.php\/wp-json\/wp\/v2\/types\/post"}],"author":[{"embeddable":true,"href":"https:\/\/cdnoticias.com\/index.php\/wp-json\/wp\/v2\/users\/2"}],"replies":[{"embeddable":true,"href":"https:\/\/cdnoticias.com\/index.php\/wp-json\/wp\/v2\/comments?post=47731"}],"version-history":[{"count":0,"href":"https:\/\/cdnoticias.com\/index.php\/wp-json\/wp\/v2\/posts\/47731\/revisions"}],"wp:featuredmedia":[{"embeddable":true,"href":"https:\/\/cdnoticias.com\/index.php\/wp-json\/wp\/v2\/media\/47732"}],"wp:attachment":[{"href":"https:\/\/cdnoticias.com\/index.php\/wp-json\/wp\/v2\/media?parent=47731"}],"wp:term":[{"taxonomy":"category","embeddable":true,"href":"https:\/\/cdnoticias.com\/index.php\/wp-json\/wp\/v2\/categories?post=47731"},{"taxonomy":"post_tag","embeddable":true,"href":"https:\/\/cdnoticias.com\/index.php\/wp-json\/wp\/v2\/tags?post=47731"}],"curies":[{"name":"wp","href":"https:\/\/api.w.org\/{rel}","templated":true}]}}