{"id":47685,"date":"2022-03-01T08:44:20","date_gmt":"2022-03-01T11:44:20","guid":{"rendered":"https:\/\/www.centraldenoticias.com.ar\/?p=47685"},"modified":"2022-03-01T08:44:20","modified_gmt":"2022-03-01T11:44:20","slug":"todo-listo-para-una-nueva-edicion-del-curso-de-orientacion-vocacional-en-la-fio","status":"publish","type":"post","link":"https:\/\/cdnoticias.com\/index.php\/2022\/03\/01\/todo-listo-para-una-nueva-edicion-del-curso-de-orientacion-vocacional-en-la-fio\/","title":{"rendered":"Todo listo para una nueva edici\u00f3n del curso de Orientaci\u00f3n Vocacional en la FIO"},"content":{"rendered":"<p>El servicio brindado por la Facultad de Ingenier\u00eda es gratuito y volver\u00e1 a la presencialidad plena. La inscripci\u00f3n abre el 28 de marzo y el 4 de abril inicia la cursada.\u00a0<!--more--><\/p>\n<hr \/>\n<p>La Facultad de Ingenier\u00eda se prepara para impulsar una nueva edici\u00f3n del curso de Orientaci\u00f3n Vocacional Ocupacional (OVO). El 28 de marzo abre la inscripci\u00f3n y el 4 de abril inicia la cursada.<strong> M\u00e1s de 12 mil estudiantes han tomado como gu\u00eda este servicio gratuito que prestigia a la instituci\u00f3n desde 1983.<\/strong><\/p>\n<p>&nbsp;<\/p>\n<p>Cada a\u00f1o la mitad de quienes egresan del secundario en Olavarr\u00eda hacen el <strong>curso de Orientaci\u00f3n Vocacional Ocupacional<\/strong> impulsado por la Facultad de Ingenier\u00eda. El servicio es gratuito, logr\u00f3 sostenerse aun en tiempos de pandemia, y la noticia es que <strong>volver\u00e1n los encuentros de presencialidad plena<\/strong> en medio de una gran expectativa y energ\u00edas renovadas.<\/p>\n<p>&nbsp;<\/p>\n<p>La iniciativa<strong> se puso formalmente en marcha en 1983<\/strong> y en estas casi cuatro d\u00e9cadas ha logrado acompa\u00f1ar a m\u00e1s de 12 mil j\u00f3venes que cursan el \u00faltimo a\u00f1o del secundario con asesoramiento sobre la educaci\u00f3n superior o las oportunidades que se desprenden del mundo laboral.<\/p>\n<p>&nbsp;<\/p>\n<blockquote><p>La inscripci\u00f3n para el OVO 2022 se abrir\u00e1 el 28 de marzo a trav\u00e9s del link de www.fio.unicen.edu.ar y las reuniones con los primeros grupos de alumnas\/os se iniciar\u00e1n el 4 de abril.<\/p><\/blockquote>\n<p>&nbsp;<\/p>\n<p>La propuesta est\u00e1 a cargo de las licenciadas Mar\u00eda In\u00e9s Berrino (trabajadora social), Ignacia Capitanich (psic\u00f3loga) y Mar\u00eda Florencia Bellomo (psicopedagoga), las tres especializadas en Orientaci\u00f3n Vocacional Ocupacional.<\/p>\n<p>&nbsp;<\/p>\n<p><strong>Estudio o trabajo<\/strong><\/p>\n<p>&nbsp;<\/p>\n<p>Inicialmente la preferencia era irse a estudiar e independizarse de los padres, a diferencia del contexto actual donde las prioridades pasan por elegir ofertas m\u00e1s cortas y salidas laborales r\u00e1pidas.<\/p>\n<p>&nbsp;<\/p>\n<p>Durante la pandemia se sostuvo la iniciativa mediante burbujas presenciales (respetando el protocolo COVID-19), aulas virtuales, Zoom o Meet y en forma grupal, tratando de entrecruzar a j\u00f3venes de diferentes escuelas. Asimismo, se crearon grupos de WhatsApp con las promociones de sexto que no ten\u00edan acceso a Internet y hasta hubo situaciones en que, para garantizar la realizaci\u00f3n del curso, se hizo el env\u00edo a domicilio de cuadernillos en papel.<\/p>\n<p>&nbsp;<\/p>\n<p><img data-recalc-dims=\"1\" loading=\"lazy\" decoding=\"async\" class=\"aligncenter size-full wp-image-47687\" src=\"https:\/\/i0.wp.com\/cdnoticias.com\/wp-content\/uploads\/2022\/03\/ovo_inscripcion2.jpg?resize=800%2C600&#038;ssl=1\" alt=\"\" width=\"800\" height=\"600\" srcset=\"https:\/\/i0.wp.com\/cdnoticias.com\/wp-content\/uploads\/2022\/03\/ovo_inscripcion2.jpg?w=960&amp;ssl=1 960w, https:\/\/i0.wp.com\/cdnoticias.com\/wp-content\/uploads\/2022\/03\/ovo_inscripcion2.jpg?resize=300%2C225&amp;ssl=1 300w, https:\/\/i0.wp.com\/cdnoticias.com\/wp-content\/uploads\/2022\/03\/ovo_inscripcion2.jpg?resize=768%2C576&amp;ssl=1 768w\" sizes=\"auto, (max-width: 800px) 100vw, 800px\" \/><\/p>\n<p>&nbsp;<\/p>\n<p>Ahora se preparan para volver al campus universitario de la FIO con talleres a pleno que se desarrollar\u00e1n a lo largo de <strong>cinco encuentros, uno por semana, de 1 hora y 45 minutos de duraci\u00f3n a contraturno escolar.<\/strong><\/p>\n<p>&nbsp;<\/p>\n<p>A trav\u00e9s de este espacio, las referentes del OVO atienden consultas vinculadas con la oferta educativa local y regional pero tambi\u00e9n reciben planteos puntuales respecto de carreras de todo el pa\u00eds o sobre oportunidades reales de empleo. Asimismo promueven talleres en horario de clases a demanda de las escuelas cuando las\/os estudiantes no pueden acceder a la cursada presencial en la FIO.<\/p>\n<p>&nbsp;<\/p>\n<p><strong>Escuela por escuela<\/strong><\/p>\n<p>&nbsp;<\/p>\n<p>Las actividades que propone el OVO est\u00e1n<strong> destinadas a estudiantes del \u00faltimo a\u00f1o del secundario<\/strong>; requieren del acompa\u00f1amiento de docentes, equipos de orientaci\u00f3n escolar, auxiliares de la educaci\u00f3n y familias, adem\u00e1s de los integrantes de la FIO y de entidades comunitarias que articulan con las instituciones secundarias a trav\u00e9s de proyectos interdisciplinarios.<\/p>\n<p>&nbsp;<\/p>\n<p>En estas semanas previas al inicio del ciclo 2022, las responsables del programa decidieron realizar un <strong>recorrido por diferentes escuelas secundarias para promocionar este servicio que se extender\u00e1 hasta el 21 de diciembre.<\/strong><\/p>\n<p>&nbsp;<\/p>\n<p>El v\u00ednculo que se establece con quienes est\u00e1n a punto de egresar es personalizado y, justamente con ese objetivo, se conforman grupos reducidos que no superan el n\u00famero de 12 estudiantes. Adem\u00e1s de hacer hincapi\u00e9 en la amplia oferta educativa disponible para el nivel terciario y universitario tambi\u00e9n se brindan herramientas que hacen eje en la preparaci\u00f3n para la b\u00fasqueda laboral.<\/p>\n<p>&nbsp;<\/p>\n<p>El OVO es un servicio anual totalmente gratuito y<strong> quienes deseen inscribirse podr\u00e1n acceder a trav\u00e9s de la p\u00e1gina web de la Facultad de Ingenier\u00eda de Olavarr\u00eda (FIO) y completar un formulario online.<\/strong> Asimismo, pueden realizar consultas v\u00eda mail a vocacion@fio.unicen.edu.ar, mediante redes sociales en Facebook o Instagram a Fiodptodeorientacion, o llamando al tel\u00e9fono 02284-451055 int. 253.<\/p>\n","protected":false},"excerpt":{"rendered":"<p>El servicio brindado por la Facultad de Ingenier\u00eda es gratuito y volver\u00e1 a la presencialidad plena. La inscripci\u00f3n abre el<\/p>\n","protected":false},"author":5,"featured_media":47686,"comment_status":"closed","ping_status":"closed","sticky":false,"template":"","format":"standard","meta":{"_jetpack_memberships_contains_paid_content":false,"footnotes":""},"categories":[5,1],"tags":[],"class_list":["post-47685","post","type-post","status-publish","format-standard","has-post-thumbnail","hentry","category-informacion-general","category-portada"],"jetpack_featured_media_url":"https:\/\/i0.wp.com\/cdnoticias.com\/wp-content\/uploads\/2022\/03\/ovo_inscripcion.jpg?fit=1440%2C1080&ssl=1","jetpack_sharing_enabled":true,"_links":{"self":[{"href":"https:\/\/cdnoticias.com\/index.php\/wp-json\/wp\/v2\/posts\/47685","targetHints":{"allow":["GET"]}}],"collection":[{"href":"https:\/\/cdnoticias.com\/index.php\/wp-json\/wp\/v2\/posts"}],"about":[{"href":"https:\/\/cdnoticias.com\/index.php\/wp-json\/wp\/v2\/types\/post"}],"author":[{"embeddable":true,"href":"https:\/\/cdnoticias.com\/index.php\/wp-json\/wp\/v2\/users\/5"}],"replies":[{"embeddable":true,"href":"https:\/\/cdnoticias.com\/index.php\/wp-json\/wp\/v2\/comments?post=47685"}],"version-history":[{"count":0,"href":"https:\/\/cdnoticias.com\/index.php\/wp-json\/wp\/v2\/posts\/47685\/revisions"}],"wp:featuredmedia":[{"embeddable":true,"href":"https:\/\/cdnoticias.com\/index.php\/wp-json\/wp\/v2\/media\/47686"}],"wp:attachment":[{"href":"https:\/\/cdnoticias.com\/index.php\/wp-json\/wp\/v2\/media?parent=47685"}],"wp:term":[{"taxonomy":"category","embeddable":true,"href":"https:\/\/cdnoticias.com\/index.php\/wp-json\/wp\/v2\/categories?post=47685"},{"taxonomy":"post_tag","embeddable":true,"href":"https:\/\/cdnoticias.com\/index.php\/wp-json\/wp\/v2\/tags?post=47685"}],"curies":[{"name":"wp","href":"https:\/\/api.w.org\/{rel}","templated":true}]}}