{"id":47680,"date":"2022-03-01T08:23:35","date_gmt":"2022-03-01T11:23:35","guid":{"rendered":"https:\/\/www.centraldenoticias.com.ar\/?p=47680"},"modified":"2022-03-01T09:53:28","modified_gmt":"2022-03-01T12:53:28","slug":"tras-la-pandemia-volvio-el-carnaval-a-olavarria","status":"publish","type":"post","link":"https:\/\/cdnoticias.com\/index.php\/2022\/03\/01\/tras-la-pandemia-volvio-el-carnaval-a-olavarria\/","title":{"rendered":"Tras la pandemia, volvi\u00f3 el carnaval a Olavarr\u00eda"},"content":{"rendered":"<p>El p\u00fablico respondi\u00f3 a la primera noche de corsos oficiales. Este martes desde las 20, ser\u00e1 el cierre en el \u201cGabriel Antonio\u201d.<!--more--><\/p>\n<hr \/>\n<p>Despu\u00e9s de dos a\u00f1os volvieron los corsos oficiales a Olavarr\u00eda. Todo comenz\u00f3 este lunes alrededor de las 20 en el <strong>Cors\u00f3dromo \u201cGabriel Antonio\u201d.<\/strong><\/p>\n<p>&nbsp;<\/p>\n<p>La apertura en escenario estuvo a cargo de la mutual de arte popular murga <strong>Arrebatando L\u00e1grimas<\/strong> quien despleg\u00f3 sus canciones, sin obviar la cr\u00edtica social caracter\u00edstica de la murga.<\/p>\n<p>&nbsp;<\/p>\n<p><strong><em>\u201cLe ha costado en general al sector pol\u00edtico, a quienes dirigen la cultura de esta ciudad, entender el rol de las agrupaciones carnavaleras\u201d<\/em><\/strong>,<a href=\"https:\/\/cdnoticias.com\/index.php\/2022\/03\/01\/arrebatando-lagrimas-creemos-en-el-arte-como-actividad-esencial-para-sobrevivir\/\" target=\"_blank\" rel=\"noopener\"> se\u00f1al\u00f3 a Central de Noticias Ariel Rodr\u00edguez<\/a>, uno de los referentes del espacio.<\/p>\n<p>&nbsp;<\/p>\n<p><img data-recalc-dims=\"1\" loading=\"lazy\" decoding=\"async\" class=\"aligncenter size-full wp-image-47675\" src=\"https:\/\/i0.wp.com\/cdnoticias.com\/wp-content\/uploads\/2022\/02\/Corsos-Oficiales.jpg?resize=800%2C445&#038;ssl=1\" alt=\"\" width=\"800\" height=\"445\" srcset=\"https:\/\/i0.wp.com\/cdnoticias.com\/wp-content\/uploads\/2022\/02\/Corsos-Oficiales.jpg?w=800&amp;ssl=1 800w, https:\/\/i0.wp.com\/cdnoticias.com\/wp-content\/uploads\/2022\/02\/Corsos-Oficiales.jpg?resize=300%2C167&amp;ssl=1 300w, https:\/\/i0.wp.com\/cdnoticias.com\/wp-content\/uploads\/2022\/02\/Corsos-Oficiales.jpg?resize=768%2C427&amp;ssl=1 768w\" sizes=\"auto, (max-width: 800px) 100vw, 800px\" \/><\/p>\n<p>&nbsp;<\/p>\n<p>Despu\u00e9s, fue el Momo quien abri\u00f3 la pista para que luego desfilaran los <strong>Centros de D\u00eda y el Programa Callejeada<\/strong>, pertenecientes a la Subsecretar\u00eda de Desarrollo Social del Municipio.<\/p>\n<p>&nbsp;<\/p>\n<p>Con \u201cJerusalema\u201d, los adultos de <strong>Verano Dorado<\/strong>, acompa\u00f1ados por profesores del staff de la Subsecretar\u00eda de Deportes y Recreaci\u00f3n, tambi\u00e9n dijeron presente en la primera noche de los Corsos Oficiales 2022.<\/p>\n<p>&nbsp;<\/p>\n<p><img data-recalc-dims=\"1\" loading=\"lazy\" decoding=\"async\" class=\"aligncenter size-large wp-image-47682\" src=\"https:\/\/i0.wp.com\/cdnoticias.com\/wp-content\/uploads\/2022\/03\/Cultura-Corsos-2022-5-scaled-1.jpg?resize=800%2C534&#038;ssl=1\" alt=\"\" width=\"800\" height=\"534\" srcset=\"https:\/\/i0.wp.com\/cdnoticias.com\/wp-content\/uploads\/2022\/03\/Cultura-Corsos-2022-5-scaled-1.jpg?resize=1024%2C684&amp;ssl=1 1024w, https:\/\/i0.wp.com\/cdnoticias.com\/wp-content\/uploads\/2022\/03\/Cultura-Corsos-2022-5-scaled-1.jpg?resize=300%2C201&amp;ssl=1 300w, https:\/\/i0.wp.com\/cdnoticias.com\/wp-content\/uploads\/2022\/03\/Cultura-Corsos-2022-5-scaled-1.jpg?resize=768%2C513&amp;ssl=1 768w, https:\/\/i0.wp.com\/cdnoticias.com\/wp-content\/uploads\/2022\/03\/Cultura-Corsos-2022-5-scaled-1.jpg?resize=1536%2C1027&amp;ssl=1 1536w, https:\/\/i0.wp.com\/cdnoticias.com\/wp-content\/uploads\/2022\/03\/Cultura-Corsos-2022-5-scaled-1.jpg?resize=2048%2C1369&amp;ssl=1 2048w, https:\/\/i0.wp.com\/cdnoticias.com\/wp-content\/uploads\/2022\/03\/Cultura-Corsos-2022-5-scaled-1.jpg?resize=272%2C182&amp;ssl=1 272w, https:\/\/i0.wp.com\/cdnoticias.com\/wp-content\/uploads\/2022\/03\/Cultura-Corsos-2022-5-scaled-1.jpg?w=1600&amp;ssl=1 1600w, https:\/\/i0.wp.com\/cdnoticias.com\/wp-content\/uploads\/2022\/03\/Cultura-Corsos-2022-5-scaled-1.jpg?w=2400&amp;ssl=1 2400w\" sizes=\"auto, (max-width: 800px) 100vw, 800px\" \/><\/p>\n<p>&nbsp;<\/p>\n<p>Seguidamente fue el turno de comparsas y agrupaciones que dieron color a la noche de lunes: <strong>Daii Yar\u00e1, Gres Salguero, Insaciables, Amizade Samba, Arrebatando L\u00e1grimas, Bah\u00eda Ba, Derramando Alegr\u00eda, El color de tu coraz\u00f3n, Sambos Caporales y Vip Samba.<\/strong><\/p>\n<p>&nbsp;<\/p>\n<p>Este martes ser\u00e1 la \u00faltima noche de Corsos Oficiales 2022, que comenzar\u00e1 a las 20 horas en el Cors\u00f3dromo \u201cGabriel Antonio\u201d.<\/p>\n","protected":false},"excerpt":{"rendered":"<p>El p\u00fablico respondi\u00f3 a la primera noche de corsos oficiales. Este martes desde las 20, ser\u00e1 el cierre en el<\/p>\n","protected":false},"author":5,"featured_media":47681,"comment_status":"closed","ping_status":"closed","sticky":false,"template":"","format":"standard","meta":{"_jetpack_memberships_contains_paid_content":false,"footnotes":""},"categories":[9,1],"tags":[],"class_list":["post-47680","post","type-post","status-publish","format-standard","has-post-thumbnail","hentry","category-cultura","category-portada"],"jetpack_featured_media_url":"https:\/\/i0.wp.com\/cdnoticias.com\/wp-content\/uploads\/2022\/03\/Cultura-Corsos-2022-1-scaled-1.jpg?fit=2560%2C1711&ssl=1","jetpack_sharing_enabled":true,"_links":{"self":[{"href":"https:\/\/cdnoticias.com\/index.php\/wp-json\/wp\/v2\/posts\/47680","targetHints":{"allow":["GET"]}}],"collection":[{"href":"https:\/\/cdnoticias.com\/index.php\/wp-json\/wp\/v2\/posts"}],"about":[{"href":"https:\/\/cdnoticias.com\/index.php\/wp-json\/wp\/v2\/types\/post"}],"author":[{"embeddable":true,"href":"https:\/\/cdnoticias.com\/index.php\/wp-json\/wp\/v2\/users\/5"}],"replies":[{"embeddable":true,"href":"https:\/\/cdnoticias.com\/index.php\/wp-json\/wp\/v2\/comments?post=47680"}],"version-history":[{"count":0,"href":"https:\/\/cdnoticias.com\/index.php\/wp-json\/wp\/v2\/posts\/47680\/revisions"}],"wp:featuredmedia":[{"embeddable":true,"href":"https:\/\/cdnoticias.com\/index.php\/wp-json\/wp\/v2\/media\/47681"}],"wp:attachment":[{"href":"https:\/\/cdnoticias.com\/index.php\/wp-json\/wp\/v2\/media?parent=47680"}],"wp:term":[{"taxonomy":"category","embeddable":true,"href":"https:\/\/cdnoticias.com\/index.php\/wp-json\/wp\/v2\/categories?post=47680"},{"taxonomy":"post_tag","embeddable":true,"href":"https:\/\/cdnoticias.com\/index.php\/wp-json\/wp\/v2\/tags?post=47680"}],"curies":[{"name":"wp","href":"https:\/\/api.w.org\/{rel}","templated":true}]}}