{"id":47674,"date":"2022-03-01T09:52:41","date_gmt":"2022-03-01T12:52:41","guid":{"rendered":"https:\/\/www.centraldenoticias.com.ar\/?p=47674"},"modified":"2022-03-01T10:30:32","modified_gmt":"2022-03-01T13:30:32","slug":"arrebatando-lagrimas-creemos-en-el-arte-como-actividad-esencial-para-sobrevivir","status":"publish","type":"post","link":"https:\/\/cdnoticias.com\/index.php\/2022\/03\/01\/arrebatando-lagrimas-creemos-en-el-arte-como-actividad-esencial-para-sobrevivir\/","title":{"rendered":"Arrebatando L\u00e1grimas: \u201cCreemos en el arte como actividad esencial para sobrevivir\u201d"},"content":{"rendered":"<p>Ariel Rodr\u00edguez, referente de la mutual de arte local, habl\u00f3 tras la presentaci\u00f3n en la murga en la primera noche de corsos oficiales.<!--more--><\/p>\n<hr \/>\n<p><strong>\u201cEste carnaval es muy especial, se ha convertido en una fiesta popular que contiene un mont\u00f3n de gente, de todos los sectores\u201d<\/strong>. De esa manera Ariel Rodr\u00edguez, referente de Arrebatando L\u00e1grimas, dialog\u00f3 con <em><strong>Central de Noticias<\/strong><\/em> tras la presentaci\u00f3n de la murga en la <a href=\"https:\/\/cdnoticias.com\/index.php\/2022\/03\/01\/tras-la-pandemia-volvio-el-carnaval-a-olavarria\/\" target=\"_blank\" rel=\"noopener\">primera noche de los corsos oficiales.<\/a><\/p>\n<p>&nbsp;<\/p>\n<p>Ante un importante marco de p\u00fablico Arrebatando L\u00e1grimas dijo presente una vez m\u00e1s y dej\u00f3 su sello, fiel a su estilo. <strong>\u201cIntentamos, como agrupaci\u00f3n carnavalera que somos, poder decir una mirada totalmente pol\u00edtica, social y cultural de todas las cosas que nos atraviesan\u201d<\/strong>, enfatiz\u00f3.<\/p>\n<p>&nbsp;<\/p>\n<p><img data-recalc-dims=\"1\" loading=\"lazy\" decoding=\"async\" class=\"aligncenter size-large wp-image-47696\" src=\"https:\/\/i0.wp.com\/cdnoticias.com\/wp-content\/uploads\/2022\/02\/WhatsApp-Image-2022-03-01-at-09.44.44.jpeg?resize=800%2C600&#038;ssl=1\" alt=\"\" width=\"800\" height=\"600\" srcset=\"https:\/\/i0.wp.com\/cdnoticias.com\/wp-content\/uploads\/2022\/02\/WhatsApp-Image-2022-03-01-at-09.44.44.jpeg?resize=1024%2C768&amp;ssl=1 1024w, https:\/\/i0.wp.com\/cdnoticias.com\/wp-content\/uploads\/2022\/02\/WhatsApp-Image-2022-03-01-at-09.44.44.jpeg?resize=300%2C225&amp;ssl=1 300w, https:\/\/i0.wp.com\/cdnoticias.com\/wp-content\/uploads\/2022\/02\/WhatsApp-Image-2022-03-01-at-09.44.44.jpeg?resize=768%2C576&amp;ssl=1 768w, https:\/\/i0.wp.com\/cdnoticias.com\/wp-content\/uploads\/2022\/02\/WhatsApp-Image-2022-03-01-at-09.44.44.jpeg?w=1280&amp;ssl=1 1280w\" sizes=\"auto, (max-width: 800px) 100vw, 800px\" \/><\/p>\n<p>&nbsp;<\/p>\n<p>\u201cAgrupaci\u00f3n que cree en el arte como actividad esencial para sobrevivir y existir\u201d, as\u00ed defini\u00f3 la tarea que llevan a cabo desde hace a\u00f1os. Dio cuenta que fue quiz\u00e1s breve el tiempo disponible, pero que lo aprovechar para enviar un mensaje. \u201cIntentamos decir lo que pod\u00edamos entrar en nuestras canciones y tambi\u00e9n cuando tomamos la palabra, muy claramente, la pol\u00edtica de Sanidad de una pandemia que estamos viviendo y la posibilidad de reflexionar, despu\u00e9s de<strong> jugar con algunas cosas que pasan en la ciudad, que tienen que ver con la cr\u00edtica, con la parodia. Siempre con mucho respeto, pero poder decir que de alguna manera que con algunas cosas no estamos de acuerdo\u201d<\/strong>, sintetiz\u00f3.<\/p>\n<p>&nbsp;<\/p>\n<p>En ese sentido, agreg\u00f3 que \u201cmi mirada es que todo el sector pol\u00edtico, todo el arco pol\u00edtico, todav\u00eda le falta mucha madurez para entender lo que hace una murga en este caso. Muchas veces a nuestro g\u00e9nero, un g\u00e9nero local, de mucha lucha, con una presentaci\u00f3n muy linda, muy digna, le ha costado mucho en estos 22 a\u00f1os. <strong>Le ha costado en general al sector pol\u00edtico, a quienes dirigen la cultura de esta ciudad, entender el rol de las agrupaciones carnavaleras<\/strong>\u201d.<\/p>\n<p>&nbsp;<\/p>\n<p><img data-recalc-dims=\"1\" loading=\"lazy\" decoding=\"async\" class=\"aligncenter size-large wp-image-47702\" src=\"https:\/\/i0.wp.com\/cdnoticias.com\/wp-content\/uploads\/2022\/03\/WhatsApp-Image-2022-03-01-at-09.49.30.jpeg?resize=800%2C600&#038;ssl=1\" alt=\"\" width=\"800\" height=\"600\" srcset=\"https:\/\/i0.wp.com\/cdnoticias.com\/wp-content\/uploads\/2022\/03\/WhatsApp-Image-2022-03-01-at-09.49.30.jpeg?resize=1024%2C768&amp;ssl=1 1024w, https:\/\/i0.wp.com\/cdnoticias.com\/wp-content\/uploads\/2022\/03\/WhatsApp-Image-2022-03-01-at-09.49.30.jpeg?resize=300%2C225&amp;ssl=1 300w, https:\/\/i0.wp.com\/cdnoticias.com\/wp-content\/uploads\/2022\/03\/WhatsApp-Image-2022-03-01-at-09.49.30.jpeg?resize=768%2C576&amp;ssl=1 768w, https:\/\/i0.wp.com\/cdnoticias.com\/wp-content\/uploads\/2022\/03\/WhatsApp-Image-2022-03-01-at-09.49.30.jpeg?w=1280&amp;ssl=1 1280w\" sizes=\"auto, (max-width: 800px) 100vw, 800px\" \/><\/p>\n<p>&nbsp;<\/p>\n<p>Por \u00faltimo, no dej\u00f3 pasar la ocasi\u00f3n para enviar un saludo y un<strong> \u201csentido p\u00e9same\u201d a familiares y personas del v\u00ednculo m\u00e1s cercano de la v\u00edctimas del siniestro ocurrido en Enaex, motivo por el cual los corsos fueron postergados para esta fecha.<\/strong><\/p>\n","protected":false},"excerpt":{"rendered":"<p>Ariel Rodr\u00edguez, referente de la mutual de arte local, habl\u00f3 tras la presentaci\u00f3n en la murga en la primera noche<\/p>\n","protected":false},"author":3,"featured_media":47697,"comment_status":"closed","ping_status":"closed","sticky":false,"template":"","format":"standard","meta":{"_jetpack_memberships_contains_paid_content":false,"footnotes":""},"categories":[9,1],"tags":[],"class_list":["post-47674","post","type-post","status-publish","format-standard","has-post-thumbnail","hentry","category-cultura","category-portada"],"jetpack_featured_media_url":"https:\/\/i0.wp.com\/cdnoticias.com\/wp-content\/uploads\/2022\/02\/WhatsApp-Image-2022-03-01-at-09.44.43-1.jpeg?fit=1280%2C960&ssl=1","jetpack_sharing_enabled":true,"_links":{"self":[{"href":"https:\/\/cdnoticias.com\/index.php\/wp-json\/wp\/v2\/posts\/47674","targetHints":{"allow":["GET"]}}],"collection":[{"href":"https:\/\/cdnoticias.com\/index.php\/wp-json\/wp\/v2\/posts"}],"about":[{"href":"https:\/\/cdnoticias.com\/index.php\/wp-json\/wp\/v2\/types\/post"}],"author":[{"embeddable":true,"href":"https:\/\/cdnoticias.com\/index.php\/wp-json\/wp\/v2\/users\/3"}],"replies":[{"embeddable":true,"href":"https:\/\/cdnoticias.com\/index.php\/wp-json\/wp\/v2\/comments?post=47674"}],"version-history":[{"count":0,"href":"https:\/\/cdnoticias.com\/index.php\/wp-json\/wp\/v2\/posts\/47674\/revisions"}],"wp:featuredmedia":[{"embeddable":true,"href":"https:\/\/cdnoticias.com\/index.php\/wp-json\/wp\/v2\/media\/47697"}],"wp:attachment":[{"href":"https:\/\/cdnoticias.com\/index.php\/wp-json\/wp\/v2\/media?parent=47674"}],"wp:term":[{"taxonomy":"category","embeddable":true,"href":"https:\/\/cdnoticias.com\/index.php\/wp-json\/wp\/v2\/categories?post=47674"},{"taxonomy":"post_tag","embeddable":true,"href":"https:\/\/cdnoticias.com\/index.php\/wp-json\/wp\/v2\/tags?post=47674"}],"curies":[{"name":"wp","href":"https:\/\/api.w.org\/{rel}","templated":true}]}}