{"id":47612,"date":"2022-02-27T16:51:33","date_gmt":"2022-02-27T19:51:33","guid":{"rendered":"https:\/\/www.centraldenoticias.com.ar\/?p=47612"},"modified":"2022-02-27T20:15:23","modified_gmt":"2022-02-27T23:15:23","slug":"los-conflictos-suben-de-tono-pero-peinate-que-cayeron-visitas","status":"publish","type":"post","link":"https:\/\/cdnoticias.com\/index.php\/2022\/02\/27\/los-conflictos-suben-de-tono-pero-peinate-que-cayeron-visitas\/","title":{"rendered":"Los conflictos suben de tono, pero peinate que cayeron visitas"},"content":{"rendered":"<p>Extracto del Newsletter Volver a las Fuentes, con todo el analisis pol\u00edtico local. <!--more--><\/p>\n<hr \/>\n<p><em>Por Alexis Grierson y Josefina Bargas \/ Volver a Las Fuentes\u00a0<\/em><\/p>\n<p>&nbsp;<\/p>\n<p><em><strong>Relleno sanitario: contaminaci\u00f3n en el arroyo<\/strong><\/em><\/p>\n<p>&nbsp;<\/p>\n<p>El Frente de Todos, con el ex concejal Marcelo Latorre como voz cantante, <strong>present\u00f3 el informe de la Autoridad del Agua sobre las inspecciones realizadas al relleno sanitario<\/strong> despu\u00e9s de que se denunciara que hab\u00eda volcado de lixiviados sin tratar directo al arroyo Tapalqu\u00e9.<\/p>\n<p>&nbsp;<\/p>\n<p><strong>Los resultados fueron preocupantes. El ADA mostr\u00f3 la contaminaci\u00f3n<\/strong> mediante las muestras de agua tomadas en dos puntos el 19 de noviembre y en tres puntos el 30 de noviembre, en sendas inspecciones a la planta en las que adem\u00e1s se labraron infracciones por incumplimientos t\u00e9cnicos vinculados tambi\u00e9n al control de los l\u00edquidos.<\/p>\n<p>&nbsp;<\/p>\n<p><img data-recalc-dims=\"1\" loading=\"lazy\" decoding=\"async\" class=\"alignnone size-full wp-image-47293\" src=\"https:\/\/i0.wp.com\/cdnoticias.com\/wp-content\/uploads\/2022\/02\/arroyo-conferencia-contamina-03.jpg?resize=800%2C445&#038;ssl=1\" alt=\"\" width=\"800\" height=\"445\" srcset=\"https:\/\/i0.wp.com\/cdnoticias.com\/wp-content\/uploads\/2022\/02\/arroyo-conferencia-contamina-03.jpg?w=800&amp;ssl=1 800w, https:\/\/i0.wp.com\/cdnoticias.com\/wp-content\/uploads\/2022\/02\/arroyo-conferencia-contamina-03.jpg?resize=300%2C167&amp;ssl=1 300w, https:\/\/i0.wp.com\/cdnoticias.com\/wp-content\/uploads\/2022\/02\/arroyo-conferencia-contamina-03.jpg?resize=768%2C427&amp;ssl=1 768w\" sizes=\"auto, (max-width: 800px) 100vw, 800px\" \/><\/p>\n<p>&nbsp;<\/p>\n<p><strong>El informe con los resultados se envi\u00f3 el 19 de enero<\/strong> a la empresa Transportes Malvinas a cargo del relleno sanitario y al Municipio, aunque reci\u00e9n se conoci\u00f3 cuando Latorre lo ley\u00f3 en la conferencia del mi\u00e9rcoles.<\/p>\n<p>&nbsp;<\/p>\n<p>\u00bfVos tambi\u00e9n te acordaste de algo m\u00e1s? Claro, algo as\u00ed ya vivimos esto hace poco con las vacunas del Banco de Leche: el Municipio demor\u00f3 varios d\u00edas en comunicar sobre el tema. Lo hizo reci\u00e9n despu\u00e9s de que se difundiera en un medio y que lo confirmara el Ministerio de Salud provincial.<\/p>\n<p>&nbsp;<\/p>\n<p>En este caso, ya <strong>pas\u00f3 un mes y una semana desde el env\u00edo del informe del ADA<\/strong> y el Municipio a\u00fan no expuso ninguna comunicaci\u00f3n sobre el tema.<\/p>\n<p>&nbsp;<\/p>\n<p><em><strong>\u201cFalta de control\u201d<\/strong><\/em><\/p>\n<p>&nbsp;<\/p>\n<p>Latorre reparti\u00f3 disparos, pero claro que los m\u00e1s certeros fueron para la gesti\u00f3n municipal. <strong>Cuestion\u00f3 a la empresa al se\u00f1alar fallas en una de las celdas de tratamiento, la llam\u00f3 \u201clobbista\u201d<\/strong>, y consider\u00f3 \u201cllamativo\u201d que en otras ciudades donde tiene contratos similares no se registren estos problemas. <strong>Asegur\u00f3 que \u201chace 15 d\u00edas\u201d que Transportes Malvinas comenz\u00f3 a tomar medid<\/strong>as para dar respuesta a los planteos del ADA. En ese sentido defini\u00f3 que la empresa tom\u00f3 \u201ccon seriedad\u201d el informe que recibi\u00f3.<\/p>\n<p>&nbsp;<\/p>\n<p>En cuanto al Municipio, Latorre busc\u00f3 mostrar que la gesti\u00f3n no registra la gravedad de lo que sucede en el relleno sanitario ni el real impacto sobre el arroyo. <strong>\u201cTenemos un estado municipal ausente, por completo despreocupado sobre la problem\u00e1tica y a su vez escondiendo datos\u201d<\/strong> dijo. Apunt\u00f3 directo hacia la pol\u00edtica de hidr\u00e1ulica al recordar que \u201chace a\u00f1os\u201d era el \u00e1rea encargada de este tipo de mediciones y controles de la calidad del agua.<\/p>\n<p>&nbsp;<\/p>\n<p><img data-recalc-dims=\"1\" loading=\"lazy\" decoding=\"async\" class=\"alignnone size-full wp-image-47292\" src=\"https:\/\/i0.wp.com\/cdnoticias.com\/wp-content\/uploads\/2022\/02\/arroyo-conferencia-contamina-02.jpg?resize=800%2C445&#038;ssl=1\" alt=\"\" width=\"800\" height=\"445\" srcset=\"https:\/\/i0.wp.com\/cdnoticias.com\/wp-content\/uploads\/2022\/02\/arroyo-conferencia-contamina-02.jpg?w=800&amp;ssl=1 800w, https:\/\/i0.wp.com\/cdnoticias.com\/wp-content\/uploads\/2022\/02\/arroyo-conferencia-contamina-02.jpg?resize=300%2C167&amp;ssl=1 300w, https:\/\/i0.wp.com\/cdnoticias.com\/wp-content\/uploads\/2022\/02\/arroyo-conferencia-contamina-02.jpg?resize=768%2C427&amp;ssl=1 768w\" sizes=\"auto, (max-width: 800px) 100vw, 800px\" \/><\/p>\n<p>&nbsp;<\/p>\n<p>Pero el ex concejal fue m\u00e1s all\u00e1 y dej\u00f3 entrever que este tema seguir\u00e1. A lo largo de su discurso fue planteando<strong> diversos puntos de contaminaci\u00f3n en el arroyo<\/strong> (y otros espejos de agua locales) y en cada uno dej\u00f3 la semilla de la \u201cfalta de control municipal\u201d hacia la calidad del agua y hacia las gestiones de distintas empresas o servicios. As\u00ed enumer\u00f3 lo que sucede con los agroqu\u00edmicos, los efluentes de \u201cuna chancher\u00eda y una lecher\u00eda\u201d, los vertidos de las alcantarillas de la planta urbana, los vertidos del Regimiento, los de la planta depuradora de l\u00edquidos cloacales y los del relleno sanitario. Hizo referencia tambi\u00e9n a problemas con la laguna Blanca Grande (ligados a los agroqu\u00edmicos) y el arroyo Nievas (ligados a la miner\u00eda), y -por el contrario- a\u00f1adi\u00f3 que no han registrado problemas graves en el arroyo San Jacinto.<\/p>\n<p>&nbsp;<\/p>\n<p>Marcelo Latorre volvi\u00f3 sobre un tema que \u00e9l mismo ha planteado durante mucho tiempo: <strong>con estas condiciones y sin control de la calidad del agua, no habr\u00e1 \u201cactividades recreativas acu\u00e1ticas\u201d posibles en Olavarr\u00eda<\/strong>. Y adem\u00e1s, se env\u00edan aguas contaminadas a los distritos ubicados aguas abajo en la cuenca del arroyo, donde s\u00ed se hacen estas actividades. Como en Tapalqu\u00e9.<\/p>\n<p>&nbsp;<\/p>\n<p><img data-recalc-dims=\"1\" loading=\"lazy\" decoding=\"async\" class=\"alignnone size-full wp-image-47290\" src=\"https:\/\/i0.wp.com\/cdnoticias.com\/wp-content\/uploads\/2022\/02\/arroyo-conferencia-contamina-00.jpg?resize=800%2C445&#038;ssl=1\" alt=\"\" width=\"800\" height=\"445\" srcset=\"https:\/\/i0.wp.com\/cdnoticias.com\/wp-content\/uploads\/2022\/02\/arroyo-conferencia-contamina-00.jpg?w=800&amp;ssl=1 800w, https:\/\/i0.wp.com\/cdnoticias.com\/wp-content\/uploads\/2022\/02\/arroyo-conferencia-contamina-00.jpg?resize=300%2C167&amp;ssl=1 300w, https:\/\/i0.wp.com\/cdnoticias.com\/wp-content\/uploads\/2022\/02\/arroyo-conferencia-contamina-00.jpg?resize=768%2C427&amp;ssl=1 768w\" sizes=\"auto, (max-width: 800px) 100vw, 800px\" \/><\/p>\n<p>&nbsp;<\/p>\n<p>Un agregado sobre el punto anterior: durante mucho tiempo, quienes ten\u00edan la concesi\u00f3n del <strong>Balneario de Colonia San Migue<\/strong>l ped\u00edan la habilitaci\u00f3n para usarlo para actividades acu\u00e1ticas. Ya hace muchos a\u00f1os que esto no se permite, entre trabas administrativas y por la calidad del agua, de la cual nunca se dieron detalles oficiales en ninguna gesti\u00f3n. En los \u00faltimos a\u00f1os <strong>se sum\u00f3 la pr\u00e1cticamente nula atenci\u00f3n del Ejecutivo a los pedidos del concesionario para obras de mejora en la infraestructura<\/strong>, lo que llev\u00f3 a la renuncia del titular, Pedro Schneider. Justamente, la falta de condiciones impidi\u00f3 que este a\u00f1o se haga la tradicional Fiesta del Camping.<\/p>\n<p>&nbsp;<\/p>\n<p>Otro agregado. En el caso de la empresa l\u00e1ctea a la que hizo referencia Latorre sin dar nombre, se pudo saber que hace<strong> ya al menos un par de a\u00f1os el ADA hizo una inspecci\u00f3n y fij\u00f3 ciertas obras a realizar<\/strong>, una de ellas en los tanques de contenci\u00f3n de efluentes. En el medio se declar\u00f3 la pandemia y la obra a\u00fan no se hizo. Hoy su costo es millonario y esta empresa busca financiaci\u00f3n para poder concretarla.<\/p>\n<p>&nbsp;<\/p>\n<p>&nbsp;<\/p>\n<p><em><strong>La causa terrenos sube el volumen<\/strong><\/em><\/p>\n<p>&nbsp;<\/p>\n<p>Doble v\u00eda para las novedades. En la Justicia y en el Concejo Deliberante. Vamos por la primera:<strong> la UFI 4 cit\u00f3 a funcionarios a declarar: el subsecretario de Legales Marcelo Fabbi y el director de Fiscalizaci\u00f3n Tributaria Santiago Chiappini, entre ellos. Y tambi\u00e9n a la ex directora de Catastro, Stella Garc\u00eda<\/strong>, quien fue despedida del \u00e1rea despu\u00e9s de d\u00e9cadas de carrera en el Municipio. Se plantearon ciertas dudas sobre su salida, aunque no p\u00fablicamente. Todos estos citados fueron en car\u00e1cter de testigos. La causa, que se sigue por estafa, a\u00fan no tiene imputados.<\/p>\n<p>&nbsp;<\/p>\n<p>Pero, hubo otro dato m\u00e1s: <strong>ya son 18 las denuncias presentadas<\/strong>. M\u00e1s damnificados se presentaron en la semana que pas\u00f3.<\/p>\n<p>&nbsp;<\/p>\n<p><img data-recalc-dims=\"1\" loading=\"lazy\" decoding=\"async\" class=\"alignnone size-full wp-image-42280\" src=\"https:\/\/i0.wp.com\/cdnoticias.com\/wp-content\/uploads\/2021\/12\/fiscalia01.jpg?resize=800%2C445&#038;ssl=1\" alt=\"\" width=\"800\" height=\"445\" srcset=\"https:\/\/i0.wp.com\/cdnoticias.com\/wp-content\/uploads\/2021\/12\/fiscalia01.jpg?w=800&amp;ssl=1 800w, https:\/\/i0.wp.com\/cdnoticias.com\/wp-content\/uploads\/2021\/12\/fiscalia01.jpg?resize=300%2C167&amp;ssl=1 300w, https:\/\/i0.wp.com\/cdnoticias.com\/wp-content\/uploads\/2021\/12\/fiscalia01.jpg?resize=768%2C427&amp;ssl=1 768w\" sizes=\"auto, (max-width: 800px) 100vw, 800px\" \/><\/p>\n<p>&nbsp;<\/p>\n<p>Por el lado del Concejo, la comisi\u00f3n especial pas\u00f3 la tercera semana de trabajo. Tuvo a m\u00e1s funcionarios municipales citados, entre ellos<strong> el secretario de Desarrollo Humano, Diego Robbiani, y al asesor de esa dependencia, Mariano Cianci<\/strong>o.\u00a0 En este \u00faltimo caso, se pudo saber que su invitaci\u00f3n fue definida despu\u00e9s de la exposici\u00f3n de al menos una persona que se present\u00f3 como damnificada.<\/p>\n<p>&nbsp;<\/p>\n<p>No se conocieron detalles del contenido de esa declaraci\u00f3n (o declaraciones), pero s\u00ed que <strong>fue lo que decidi\u00f3 a los concejales a convocarlo \u201cde un d\u00eda para el otro\u201d a presentarse en la comisi\u00f3n<\/strong>. El funcionario lo hizo, y estuvo en la sede del Legislativo.<\/p>\n<p>&nbsp;<\/p>\n<p><img data-recalc-dims=\"1\" loading=\"lazy\" decoding=\"async\" class=\"alignnone size-full wp-image-47456\" src=\"https:\/\/i0.wp.com\/cdnoticias.com\/wp-content\/uploads\/2022\/02\/manifestacion-FOL-HCD-06.jpg?resize=800%2C445&#038;ssl=1\" alt=\"\" width=\"800\" height=\"445\" srcset=\"https:\/\/i0.wp.com\/cdnoticias.com\/wp-content\/uploads\/2022\/02\/manifestacion-FOL-HCD-06.jpg?w=800&amp;ssl=1 800w, https:\/\/i0.wp.com\/cdnoticias.com\/wp-content\/uploads\/2022\/02\/manifestacion-FOL-HCD-06.jpg?resize=300%2C167&amp;ssl=1 300w, https:\/\/i0.wp.com\/cdnoticias.com\/wp-content\/uploads\/2022\/02\/manifestacion-FOL-HCD-06.jpg?resize=768%2C427&amp;ssl=1 768w\" sizes=\"auto, (max-width: 800px) 100vw, 800px\" \/><\/p>\n<p>&nbsp;<\/p>\n<p>Otro de los citados esta semana fue <strong>Mart\u00edn Rold\u00e1n, el integrante de la Mesa de Emergencia<\/strong> que hab\u00eda expuesto supuestas maniobras ilegales con terrenos en octubre de 2020. Lo hizo p\u00fablicamente, en el marco de la manifestaci\u00f3n con acampe en el Paseo Mend\u00eda donde algunos vecinos reclamaban soluciones habitacionales. Tras presentarse en el Concejo dijo que <strong>no ten\u00eda mucho m\u00e1s para aportar que lo que hab\u00eda dicho hace un a\u00f1o y medio<\/strong>, y aclar\u00f3 quienes en ese momento dijeron que eran damnificados decidieron no presentarse en la Justicia con lo que aquellas expresiones en p\u00fablico no llegaron a ser denuncias penales.<\/p>\n<p>&nbsp;<\/p>\n<p>Con su presentaci\u00f3n el viernes por la ma\u00f1ana\u00a0 la agrupaci\u00f3n<strong> Frente de Organizaciones en Lucha aprovech\u00f3 para manifestarse frente al Concejo y fueron al problema de fondo: la necesidad de acceso a viviendas<\/strong> mediante alquileres o compra de lotes accesibles.<\/p>\n<p>&nbsp;<\/p>\n<p><em><strong>\u201cDevolveme mi frecuencia de recolecci\u00f3n\u201d<\/strong><\/em><\/p>\n<p>&nbsp;<\/p>\n<p>Es m\u00e1s o menos as\u00ed el planteo de los <strong>vecinos de San Vicente<\/strong>, al menos los que firmaron el petitorio que se entreg\u00f3 hace dos semanas al Municipio y una semana, al Concejo Deliberante. \u00bfQu\u00e9 pas\u00f3? Desde el 22 de noviembre, las 18 manzanas que est\u00e1n entre Rivadavia y Lavalle y entre Pueyrred\u00f3n y Del Valle, <strong>pasaron de tener recolecci\u00f3n 6 d\u00edas a la semana a 4 d\u00edas.<\/strong><\/p>\n<p>&nbsp;<\/p>\n<p>En ese momento se sum\u00f3 el sector al <strong>plan piloto de GIRO<\/strong> para la separaci\u00f3n de residuos domiciliarios y con recolecci\u00f3n diferenciada. Inicialmente no hubo quejas, pero ahora se han sumado los cuestionamientos y hay bastante disconformidad entre los vecinos por la forma en que impacta en el barrio e incluso, hay quienes no terminan de adaptarse.<\/p>\n<p>&nbsp;<\/p>\n<p><img data-recalc-dims=\"1\" loading=\"lazy\" decoding=\"async\" class=\"alignnone size-full wp-image-47363\" src=\"https:\/\/i0.wp.com\/cdnoticias.com\/wp-content\/uploads\/2022\/02\/petitorio-giro-residuos-san-vicente1.jpg?resize=800%2C445&#038;ssl=1\" alt=\"\" width=\"800\" height=\"445\" srcset=\"https:\/\/i0.wp.com\/cdnoticias.com\/wp-content\/uploads\/2022\/02\/petitorio-giro-residuos-san-vicente1.jpg?w=800&amp;ssl=1 800w, https:\/\/i0.wp.com\/cdnoticias.com\/wp-content\/uploads\/2022\/02\/petitorio-giro-residuos-san-vicente1.jpg?resize=300%2C167&amp;ssl=1 300w, https:\/\/i0.wp.com\/cdnoticias.com\/wp-content\/uploads\/2022\/02\/petitorio-giro-residuos-san-vicente1.jpg?resize=768%2C427&amp;ssl=1 768w\" sizes=\"auto, (max-width: 800px) 100vw, 800px\" \/><\/p>\n<p>&nbsp;<\/p>\n<p>\u201cCasi ning\u00fan vecino est\u00e1 separando la basura\u201d, \u201cno sabemos si realmente existe la planta de separaci\u00f3n de residuos\u201d, \u201cbajan la frecuencia y aumentan las tasas\u201d, son algunas de las quejas que acompa\u00f1an este reclamo que tiene distintos niveles de impacto y, por lo tanto, merece distintas respuestas.<\/p>\n<p>&nbsp;<\/p>\n<p><strong>En la superficie es un problema de comunicaci\u00f3n<\/strong>: con mayor claridad en los mensajes, charlas directas y soluciones concretas para poder gestionar los residuos en las casas, acompa\u00f1ado por subrayar la importancia de avanzar en el tratamiento (sobre lo cual parecer\u00eda que los vecinos no tienen cuestionamientos), se podr\u00eda resolver el conflicto.<\/p>\n<p>&nbsp;<\/p>\n<p><img data-recalc-dims=\"1\" loading=\"lazy\" decoding=\"async\" class=\"alignnone size-full wp-image-23369\" src=\"https:\/\/i0.wp.com\/cdnoticias.com\/wp-content\/uploads\/2021\/06\/Desarrollo-Sustentable-GIRO-800x445.jpg?resize=800%2C445&#038;ssl=1\" alt=\"\" width=\"800\" height=\"445\" srcset=\"https:\/\/i0.wp.com\/cdnoticias.com\/wp-content\/uploads\/2021\/06\/Desarrollo-Sustentable-GIRO-800x445.jpg?resize=800%2C445&amp;ssl=1 800w, https:\/\/i0.wp.com\/cdnoticias.com\/wp-content\/uploads\/2021\/06\/Desarrollo-Sustentable-GIRO-800x445.jpg?resize=300%2C167&amp;ssl=1 300w, https:\/\/i0.wp.com\/cdnoticias.com\/wp-content\/uploads\/2021\/06\/Desarrollo-Sustentable-GIRO-800x445.jpg?resize=768%2C427&amp;ssl=1 768w\" sizes=\"auto, (max-width: 800px) 100vw, 800px\" \/><\/p>\n<p>&nbsp;<\/p>\n<p>Pero tambi\u00e9n sabemos que en este \u00e1mbito <strong>un problema de comunicaci\u00f3n es en realidad un problema pol\u00edtico (\u00a1hola Mario Riorda!<\/strong>). Por ahora aqu\u00ed prestamos atenci\u00f3n a dos aspectos. El primero, la recolecci\u00f3n y tratamiento de residuos es la mayor contrataci\u00f3n de la Municipalidad de Olavarr\u00eda (supone casi el 10% del presupuesto total anual) y tender a la baja en este gasto es necesario. El segundo, el conflicto se declar\u00f3 en un barrio en el que Galli y su gesti\u00f3n cosechan apoyos, con lo que canalizar este reclamo de la forma correcta es importante para la imagen del oficialismo.<\/p>\n<p>&nbsp;<\/p>\n<p>Para la semana que se inicia se espera<strong> una respuesta de la Secretar\u00eda de Desarrollo Econ\u00f3mico<\/strong> por parte de la subsecretaria de Empresas e Inversiones, Emilia D\u00edaz.<\/p>\n<p>&nbsp;<\/p>\n<p><em><strong>Ir y venir de visita<\/strong><\/em><\/p>\n<p>&nbsp;<\/p>\n<p><strong>El jueves Eduardo Rodr\u00edguez se reuni\u00f3 con Sergio Massa<\/strong>. Fue en el despacho del presidente de la C\u00e1mara de Diputados de la Naci\u00f3n donde la audiencia iba a hacerse a la tardecita, pero se posterg\u00f3 hasta entrada la noche por la agenda ocupad\u00edsima del l\u00edder del Frente Renovador a pocos d\u00edas del inicio del periodo ordinario de sesiones y con el esperado ingreso del acuerdo con el FMI agitando las aguas ya de por s\u00ed turbulentas del Congreso.<\/p>\n<p>&nbsp;<\/p>\n<p><strong>La \u201caprobaci\u00f3n\u201d del entendimiento es un hecho<\/strong> para Massa y su mirada est\u00e1 puesta en el despu\u00e9s: crecimiento econ\u00f3mico con \u201ctrabajo, producci\u00f3n, inversi\u00f3n y educaci\u00f3n\u201d.<\/p>\n<p>&nbsp;<\/p>\n<p><img data-recalc-dims=\"1\" loading=\"lazy\" decoding=\"async\" class=\"alignnone size-full wp-image-47537\" src=\"https:\/\/i0.wp.com\/cdnoticias.com\/wp-content\/uploads\/2022\/02\/sergio-Massa-eduardo-Rodriguez.jpg?resize=800%2C445&#038;ssl=1\" alt=\"\" width=\"800\" height=\"445\" srcset=\"https:\/\/i0.wp.com\/cdnoticias.com\/wp-content\/uploads\/2022\/02\/sergio-Massa-eduardo-Rodriguez.jpg?w=800&amp;ssl=1 800w, https:\/\/i0.wp.com\/cdnoticias.com\/wp-content\/uploads\/2022\/02\/sergio-Massa-eduardo-Rodriguez.jpg?resize=300%2C167&amp;ssl=1 300w, https:\/\/i0.wp.com\/cdnoticias.com\/wp-content\/uploads\/2022\/02\/sergio-Massa-eduardo-Rodriguez.jpg?resize=768%2C427&amp;ssl=1 768w\" sizes=\"auto, (max-width: 800px) 100vw, 800px\" \/><\/p>\n<p>&nbsp;<\/p>\n<p>Para Eduardo Rodr\u00edguez la <strong>reuni\u00f3n es una \u201chabitual\u201d de inicio de a\u00f1o<\/strong>: en las primeras semanas de cada a\u00f1o mantiene una reuni\u00f3n con Massa para intercambiar personalmente lecturas sobre la situaci\u00f3n pol\u00edtica nacional.<\/p>\n<p>&nbsp;<\/p>\n<p>Respecto de la actualidad del frente oficialista, el presidente de Diputados <strong>retom\u00f3 su idea de \u201cla unidad en la diversidad\u201d<\/strong> para volver a plantear la necesidad de \u201cconformar una mesa pol\u00edtica del Frente de Todos para darle al espacio una estructuraci\u00f3n m\u00e1s s\u00f3lida\u201d. Rodr\u00edguez comparte esta propuesta y considera que cada distrito debe tener<strong> una Mesa Pol\u00edtica del Frente de Todos con referentes de todas las fuerzas que componen el espacio<\/strong> para, adem\u00e1s, darse \u201cdebates de definiciones\u201d, y avanzar en aspectos \u201corganizativos y de trabajo\u201d que se requieran en cada momento.<\/p>\n<p>&nbsp;<\/p>\n<p>El viernes al mediod\u00eda, en tanto, <strong>estuvieron en Olavarr\u00eda los diputados nacionales Jos\u00e9 Luis Espert y Carolina P\u00edparo<\/strong> (Avanza Libertad). Tuvieron una reuni\u00f3n interna con los dirigentes de Ahora Olavarr\u00eda Celeste Arouxet y Guillermo Lascano, luego una conferencia de prensa, m\u00e1s tarde Espert mantuvo charlas con sus militantes m\u00e1s j\u00f3venes y tambi\u00e9n tuvo una reuni\u00f3n con un grupo de almaceneros locales que le acerc\u00f3 algunas inquietudes y problemas.<\/p>\n<p>&nbsp;<\/p>\n<p><img data-recalc-dims=\"1\" loading=\"lazy\" decoding=\"async\" class=\"alignnone size-full wp-image-47477\" src=\"https:\/\/i0.wp.com\/cdnoticias.com\/wp-content\/uploads\/2022\/02\/espert-piparo-00.jpg?resize=800%2C445&#038;ssl=1\" alt=\"\" width=\"800\" height=\"445\" srcset=\"https:\/\/i0.wp.com\/cdnoticias.com\/wp-content\/uploads\/2022\/02\/espert-piparo-00.jpg?w=800&amp;ssl=1 800w, https:\/\/i0.wp.com\/cdnoticias.com\/wp-content\/uploads\/2022\/02\/espert-piparo-00.jpg?resize=300%2C167&amp;ssl=1 300w, https:\/\/i0.wp.com\/cdnoticias.com\/wp-content\/uploads\/2022\/02\/espert-piparo-00.jpg?resize=768%2C427&amp;ssl=1 768w\" sizes=\"auto, (max-width: 800px) 100vw, 800px\" \/><\/p>\n<p>&nbsp;<\/p>\n<p>El acuerdo con el FMI iba a ser el tema central de la charla con los medios, pero <strong>el ataque sobre Ucrania que Rusia hab\u00eda lanzado hac\u00eda pocas horas se llev\u00f3 parte de la exposici\u00f3n<\/strong>. Igualmente hubo tiempo para las cr\u00edticas al Gobierno Nacional -\u201csiento verg\u00fcenza de este presidente\u201d dijo entre muchas cosas el economista- y para expresar el apoyo a Arouxet y Lascano.<\/p>\n<p>&nbsp;<\/p>\n<p>Hasta la sede del Concejo, donde fue la conferencia,<strong> se hab\u00edan acercado una importante cantidad de j\u00f3venes militantes de Avanza Libertad<\/strong> que aprovecharon para hacerse fotos y videos con el legislador. Una escena similar se vio poco despu\u00e9s en un bar c\u00e9ntrico donde tambi\u00e9n estuvo Espert.<\/p>\n<p>&nbsp;<\/p>\n<p>Y el viernes <strong>tambi\u00e9n lleg\u00f3 hasta Olavarr\u00eda el diputado provincial de Juntos, Juan Carrara<\/strong>, acompa\u00f1ado del ex senador provincial Dalton J\u00e1uregui. Los referentes del espacio de Mar\u00eda Eugenia Vidal visitaron dos empresas locales, La Casiana y Cementos Avellaneda. Luego tuvieron actividades con Bautista Consalvo, de J\u00f3venes por Olavarr\u00eda, en un jard\u00edn y en una sociedad de fomento.<\/p>\n<p>&nbsp;<\/p>\n<p><em>Haciendo<a href=\"https:\/\/mailchi.mp\/584ce8930bbe\/los-conflictos-suben-de-tono-pero-peinate-que-cayeron-visitas?e=e4ffb04d40\" target=\"_blank\" rel=\"noopener\"> click aqu\u00ed<\/a> accede a la publicaci\u00f3n completa y tambi\u00e9n a las v\u00edas para poder recibirla semanalmente en tu mail<\/em><\/p>\n","protected":false},"excerpt":{"rendered":"<p>Extracto del Newsletter Volver a las Fuentes, con todo el analisis pol\u00edtico local.<\/p>\n","protected":false},"author":3,"featured_media":47283,"comment_status":"closed","ping_status":"closed","sticky":false,"template":"","format":"standard","meta":{"_jetpack_memberships_contains_paid_content":false,"footnotes":""},"categories":[4,1],"tags":[],"class_list":["post-47612","post","type-post","status-publish","format-standard","has-post-thumbnail","hentry","category-politica","category-portada"],"jetpack_featured_media_url":"https:\/\/i0.wp.com\/cdnoticias.com\/wp-content\/uploads\/2022\/02\/arroyo-latorre-00.jpg?fit=800%2C445&ssl=1","jetpack_sharing_enabled":true,"_links":{"self":[{"href":"https:\/\/cdnoticias.com\/index.php\/wp-json\/wp\/v2\/posts\/47612","targetHints":{"allow":["GET"]}}],"collection":[{"href":"https:\/\/cdnoticias.com\/index.php\/wp-json\/wp\/v2\/posts"}],"about":[{"href":"https:\/\/cdnoticias.com\/index.php\/wp-json\/wp\/v2\/types\/post"}],"author":[{"embeddable":true,"href":"https:\/\/cdnoticias.com\/index.php\/wp-json\/wp\/v2\/users\/3"}],"replies":[{"embeddable":true,"href":"https:\/\/cdnoticias.com\/index.php\/wp-json\/wp\/v2\/comments?post=47612"}],"version-history":[{"count":0,"href":"https:\/\/cdnoticias.com\/index.php\/wp-json\/wp\/v2\/posts\/47612\/revisions"}],"wp:featuredmedia":[{"embeddable":true,"href":"https:\/\/cdnoticias.com\/index.php\/wp-json\/wp\/v2\/media\/47283"}],"wp:attachment":[{"href":"https:\/\/cdnoticias.com\/index.php\/wp-json\/wp\/v2\/media?parent=47612"}],"wp:term":[{"taxonomy":"category","embeddable":true,"href":"https:\/\/cdnoticias.com\/index.php\/wp-json\/wp\/v2\/categories?post=47612"},{"taxonomy":"post_tag","embeddable":true,"href":"https:\/\/cdnoticias.com\/index.php\/wp-json\/wp\/v2\/tags?post=47612"}],"curies":[{"name":"wp","href":"https:\/\/api.w.org\/{rel}","templated":true}]}}