{"id":4760,"date":"2020-10-23T20:05:42","date_gmt":"2020-10-23T23:05:42","guid":{"rendered":"http:\/\/www.centraldenoticias.com.ar\/?p=4760"},"modified":"2020-10-23T20:05:42","modified_gmt":"2020-10-23T23:05:42","slug":"nueva-asamblea-por-la-vivienda-en-el-acampe","status":"publish","type":"post","link":"https:\/\/cdnoticias.com\/index.php\/2020\/10\/23\/nueva-asamblea-por-la-vivienda-en-el-acampe\/","title":{"rendered":"Nueva asamblea por la vivienda en el acampe"},"content":{"rendered":"<p>&nbsp;<\/p>\n<p>Se realizar\u00e1 este s\u00e1bado a partir de las 15:00, en las carpas que se encuentran en el Paseo Jes\u00fas Mend\u00eda.<!--more--><\/p>\n<hr \/>\n<p>Este s\u00e1bado a las 15:00 se realizar\u00e1 una <strong>nueva asamblea<\/strong> organizada por la Mesa de Emergencia y las familias y agrupaciones que sostienen hace semanas un acampe en reclamo de mejores condiciones habitacionales.<\/p>\n<p>&nbsp;<\/p>\n<p>Seg\u00fan indicaron, la convocatoria se realiza <em>\u201ca la vista de los hechos transcurridos durante esta semana, donde la convergencia de dos reclamos logr\u00f3 colocar en el inc\u00f3modo lugar en el que hoy se encuentra el ejecutivo, que recurre a la mentira como forma de desprestigiar, a fin de desarticular este acampe, y que parece, recurrir\u00e1 tambi\u00e9n a la justicia para perseguir y hostigar a nuestros referentes\u201d.<\/em><\/p>\n<p>&nbsp;<\/p>\n<p>Aseguraron que <em>\u201cla perseverancia de este acampe son fundamentales a la hora de obtener las reivindicaciones por las que luchamos\u201d<\/em> y realizaron un llamamiento<strong><em> \u201ca las organizaciones sociales, pol\u00edticas, culturales, de la sociedad civil, que a\u00fan no se han hecho presentes a esta asamblea y a vos, a qu\u00e9 te acerques y participes activamente\u201d.<\/em><\/strong><\/p>\n<p>&nbsp;<\/p>\n<p>Por \u00faltimo, expresaron en el comunicado que <em>\u201cel Estado municipal debe dejar de ocultar los terrenos fiscales y de resguardarlos para el clientelismo pol\u00edtico que hasta ahora hace. <strong>Con la organizaci\u00f3n conjunta, podemos terminar con la tremenda injusticia de no contar con una vivienda digna<\/strong>, que pese a laburar m\u00e1s de 8 horas diarias, no podemos acceder a la compra siquiera, de un terreno\u201d.<\/em><\/p>\n","protected":false},"excerpt":{"rendered":"<p>&nbsp; Se realizar\u00e1 este s\u00e1bado a partir de las 15:00, en las carpas que se encuentran en el Paseo Jes\u00fas<\/p>\n","protected":false},"author":5,"featured_media":4328,"comment_status":"closed","ping_status":"closed","sticky":false,"template":"","format":"standard","meta":{"_jetpack_memberships_contains_paid_content":false,"footnotes":""},"categories":[5,1],"tags":[],"class_list":["post-4760","post","type-post","status-publish","format-standard","has-post-thumbnail","hentry","category-informacion-general","category-portada"],"jetpack_featured_media_url":"https:\/\/i0.wp.com\/cdnoticias.com\/wp-content\/uploads\/2020\/10\/lluvia01.jpg?fit=713%2C458&ssl=1","jetpack_sharing_enabled":true,"_links":{"self":[{"href":"https:\/\/cdnoticias.com\/index.php\/wp-json\/wp\/v2\/posts\/4760","targetHints":{"allow":["GET"]}}],"collection":[{"href":"https:\/\/cdnoticias.com\/index.php\/wp-json\/wp\/v2\/posts"}],"about":[{"href":"https:\/\/cdnoticias.com\/index.php\/wp-json\/wp\/v2\/types\/post"}],"author":[{"embeddable":true,"href":"https:\/\/cdnoticias.com\/index.php\/wp-json\/wp\/v2\/users\/5"}],"replies":[{"embeddable":true,"href":"https:\/\/cdnoticias.com\/index.php\/wp-json\/wp\/v2\/comments?post=4760"}],"version-history":[{"count":0,"href":"https:\/\/cdnoticias.com\/index.php\/wp-json\/wp\/v2\/posts\/4760\/revisions"}],"wp:featuredmedia":[{"embeddable":true,"href":"https:\/\/cdnoticias.com\/index.php\/wp-json\/wp\/v2\/media\/4328"}],"wp:attachment":[{"href":"https:\/\/cdnoticias.com\/index.php\/wp-json\/wp\/v2\/media?parent=4760"}],"wp:term":[{"taxonomy":"category","embeddable":true,"href":"https:\/\/cdnoticias.com\/index.php\/wp-json\/wp\/v2\/categories?post=4760"},{"taxonomy":"post_tag","embeddable":true,"href":"https:\/\/cdnoticias.com\/index.php\/wp-json\/wp\/v2\/tags?post=4760"}],"curies":[{"name":"wp","href":"https:\/\/api.w.org\/{rel}","templated":true}]}}