{"id":47536,"date":"2022-02-26T12:26:02","date_gmt":"2022-02-26T15:26:02","guid":{"rendered":"https:\/\/www.centraldenoticias.com.ar\/?p=47536"},"modified":"2022-02-26T12:33:32","modified_gmt":"2022-02-26T15:33:32","slug":"sergio-massa-recibio-a-eduardo-rodriguez-en-la-camara-de-diputados","status":"publish","type":"post","link":"https:\/\/cdnoticias.com\/index.php\/2022\/02\/26\/sergio-massa-recibio-a-eduardo-rodriguez-en-la-camara-de-diputados\/","title":{"rendered":"Sergio Massa recibi\u00f3 a Eduardo Rodr\u00edguez en la C\u00e1mara de Diputados"},"content":{"rendered":"<p>El encuentro tuvo lugar el jueves. El crecimiento econ\u00f3mico, la situaci\u00f3n productiva de Olavarr\u00eda y \u201cuna mesa pol\u00edtica del Frente de Todos\u201d.<\/p>\n<hr \/>\n<p><!--more--><\/p>\n<p><strong>El jueves pasado por la tarde el presidente de la C\u00e1mara de Diputados de la Naci\u00f3n, Sergio Massa, recibi\u00f3 en su despacho al dirigente del Frente Renovador olavarriense, Eduardo Rodr\u00edguez<\/strong>.<\/p>\n<p>&nbsp;<\/p>\n<p>\u201cEn la oportunidad, <strong>Sergio Massa plante\u00f3 las prioridades de la gesti\u00f3n del Gobierno Nacional y del Congreso vinculadas a las pol\u00edticas de crecimiento econ\u00f3mico y de la producci\u00f3n<\/strong> tras el acuerdo alcanzado con el Fondo Monetario Internacional, que conf\u00eda que tras la aprobaci\u00f3n del Congreso Nacional potenciar\u00e1 la recuperaci\u00f3n econ\u00f3mica del pa\u00eds\u201d se inform\u00f3.<\/p>\n<p>&nbsp;<\/p>\n<p>Al respecto Massa le expres\u00f3 a Rodr\u00edguez que \u201cel desaf\u00edo de la Argentina del crecimiento despu\u00e9s de la pandemia que tenemos que superar es precisamente que <strong>el trabajo, la producci\u00f3n, la inversi\u00f3n y la educaci\u00f3n sean los motores que generen esa movilidad social ascendente<\/strong> que so\u00f1amos para el pa\u00eds\u201d.<\/p>\n<p>&nbsp;<\/p>\n<blockquote><p>Al mismo tiempo, Sergio Massa se mostr\u00f3 interesado en conocer la situaci\u00f3n de la producci\u00f3n y el trabajo en nuestra ciudad y la regi\u00f3n y destac\u00f3 la importancia que tiene para la econom\u00eda de la Argentina la producci\u00f3n que se genera en nuestro distrito, en particular la vinculada a la construcci\u00f3n como la producci\u00f3n ganadera.<\/p><\/blockquote>\n<p>&nbsp;<\/p>\n<p>En este sentido, el titular de Diputados hizo hincapi\u00e9 en las <strong>iniciativas de modernizaci\u00f3n del transporte<\/strong> que vienen llevando adelante los ministerios del \u00e1rea tanto de Naci\u00f3n como de Provincia y la importancia estrat\u00e9gica que tienen estas pol\u00edticas para el desarrollo de la regi\u00f3n y del pa\u00eds.<\/p>\n<p>&nbsp;<\/p>\n<p>En lo pol\u00edtico, el presidente de la C\u00e1mara de Diputados \u201cplante\u00f3 <strong>priorizar las gestiones de gobierno en los distintos niveles para dar respuestas a las demandas de la poblaci\u00f3n<\/strong> y a consolidar el Frente de Todos, con la unidad en la diversidad de los sectores que integran la coalici\u00f3n de Gobierno\u201d se indic\u00f3 desde el Frente Renovador local.<\/p>\n<p>&nbsp;<\/p>\n<blockquote><p>Massa reiter\u00f3 la necesidad de \u201cconformar una mesa pol\u00edtica del Frente de Todos para darle al espacio una estructuraci\u00f3n m\u00e1s s\u00f3lida\u201d y coincidieron que esa Mesa Pol\u00edtica del Frente de Todos debe darse en todos los distritos del pa\u00eds.<\/p><\/blockquote>\n","protected":false},"excerpt":{"rendered":"<p>El encuentro tuvo lugar el jueves. El crecimiento econ\u00f3mico, la situaci\u00f3n productiva de Olavarr\u00eda y \u201cuna mesa pol\u00edtica del Frente<\/p>\n","protected":false},"author":4,"featured_media":47537,"comment_status":"closed","ping_status":"closed","sticky":false,"template":"","format":"standard","meta":{"_jetpack_memberships_contains_paid_content":false,"footnotes":""},"categories":[4,1],"tags":[],"class_list":["post-47536","post","type-post","status-publish","format-standard","has-post-thumbnail","hentry","category-politica","category-portada"],"jetpack_featured_media_url":"https:\/\/i0.wp.com\/cdnoticias.com\/wp-content\/uploads\/2022\/02\/sergio-Massa-eduardo-Rodriguez.jpg?fit=800%2C445&ssl=1","jetpack_sharing_enabled":true,"_links":{"self":[{"href":"https:\/\/cdnoticias.com\/index.php\/wp-json\/wp\/v2\/posts\/47536","targetHints":{"allow":["GET"]}}],"collection":[{"href":"https:\/\/cdnoticias.com\/index.php\/wp-json\/wp\/v2\/posts"}],"about":[{"href":"https:\/\/cdnoticias.com\/index.php\/wp-json\/wp\/v2\/types\/post"}],"author":[{"embeddable":true,"href":"https:\/\/cdnoticias.com\/index.php\/wp-json\/wp\/v2\/users\/4"}],"replies":[{"embeddable":true,"href":"https:\/\/cdnoticias.com\/index.php\/wp-json\/wp\/v2\/comments?post=47536"}],"version-history":[{"count":0,"href":"https:\/\/cdnoticias.com\/index.php\/wp-json\/wp\/v2\/posts\/47536\/revisions"}],"wp:featuredmedia":[{"embeddable":true,"href":"https:\/\/cdnoticias.com\/index.php\/wp-json\/wp\/v2\/media\/47537"}],"wp:attachment":[{"href":"https:\/\/cdnoticias.com\/index.php\/wp-json\/wp\/v2\/media?parent=47536"}],"wp:term":[{"taxonomy":"category","embeddable":true,"href":"https:\/\/cdnoticias.com\/index.php\/wp-json\/wp\/v2\/categories?post=47536"},{"taxonomy":"post_tag","embeddable":true,"href":"https:\/\/cdnoticias.com\/index.php\/wp-json\/wp\/v2\/tags?post=47536"}],"curies":[{"name":"wp","href":"https:\/\/api.w.org\/{rel}","templated":true}]}}