{"id":47520,"date":"2022-02-26T11:18:29","date_gmt":"2022-02-26T14:18:29","guid":{"rendered":"https:\/\/www.centraldenoticias.com.ar\/?p=47520"},"modified":"2022-02-26T14:46:40","modified_gmt":"2022-02-26T17:46:40","slug":"cuota-capital-liliana-schwindt-se-reunio-con-directivos-de-coopelectric","status":"publish","type":"post","link":"https:\/\/cdnoticias.com\/index.php\/2022\/02\/26\/cuota-capital-liliana-schwindt-se-reunio-con-directivos-de-coopelectric\/","title":{"rendered":"Cuota capital: Liliana Schwindt se reuni\u00f3 con directivos de Coopelectric"},"content":{"rendered":"<p>Tras las resoluciones del OCEBA en contra del accionar de la cooperativa, la funcionaria de Comercio Interior insisti\u00f3 ante el presidente del Consejo de Administraci\u00f3n que el cobro \u201ces indebido\u201d.<!--more--><\/p>\n<hr \/>\n<p><strong>Liliana Schwindt se reuni\u00f3 con directivos de Coopelectric para insistir en el pedido de que la cooperativa elimine de las facturas la \u201ccuota capital\u201d o \u201ccontribuci\u00f3n por acciones\u201d<\/strong> que incorpor\u00f3 en enero en las facturas de luz y que impacta en una suba del 20 al 30% para todos los usuarios.<\/p>\n<p>&nbsp;<\/p>\n<p>La <strong>funcionaria de la Secretar\u00eda de Comercio Interior de la Naci\u00f3n<\/strong> dio a conocer la reuni\u00f3n a trav\u00e9s de sus redes sociales.<\/p>\n<p>&nbsp;<\/p>\n<blockquote><p>\u201cJunto a las concejales Telma Cazot y Natalia \u00c1lvarez, me reun\u00ed con directivos de Coopelectric para solicitarles explicaciones sobre por qu\u00e9 le siguen cobrando a los usuarios de energ\u00eda la cuota capital que ya OCEBA dictamin\u00f3 que no corresponde\u201d expres\u00f3.<\/p><\/blockquote>\n<p>&nbsp;<\/p>\n<p>Cabe recordar que<strong> ya hubo dos pronunciamientos del Organismo de Control de la Electricidad de la provincia de Buenos Aires, OCEBA, en contra del accionar de la cooperativa<\/strong>.<\/p>\n<p>&nbsp;<\/p>\n<p><img data-recalc-dims=\"1\" loading=\"lazy\" decoding=\"async\" class=\"size-full wp-image-47523 aligncenter\" src=\"https:\/\/i0.wp.com\/cdnoticias.com\/wp-content\/uploads\/2022\/02\/factura-de-electricidad-cuota-capital-contribucion.jpg?resize=800%2C445&#038;ssl=1\" alt=\"\" width=\"800\" height=\"445\" srcset=\"https:\/\/i0.wp.com\/cdnoticias.com\/wp-content\/uploads\/2022\/02\/factura-de-electricidad-cuota-capital-contribucion.jpg?w=800&amp;ssl=1 800w, https:\/\/i0.wp.com\/cdnoticias.com\/wp-content\/uploads\/2022\/02\/factura-de-electricidad-cuota-capital-contribucion.jpg?resize=300%2C167&amp;ssl=1 300w, https:\/\/i0.wp.com\/cdnoticias.com\/wp-content\/uploads\/2022\/02\/factura-de-electricidad-cuota-capital-contribucion.jpg?resize=768%2C427&amp;ssl=1 768w\" sizes=\"auto, (max-width: 800px) 100vw, 800px\" \/><\/p>\n<p>&nbsp;<\/p>\n<blockquote><p>Schwindt inform\u00f3 que \u201cla empresa afirma que ese aporte es la \u00fanica forma que tiene de sostenerse. De nuevo, insistimos en que den marcha atr\u00e1s con el importe que quieren aplicarnos en las facturas del servicio. Nosotros no somos accionistas de Coopelectric, solo usuarios, por lo que la cuota capital es indebida\u201d.<\/p><\/blockquote>\n<p>&nbsp;<\/p>\n<p>Schwindt, Cazot y \u00c1lvarez fueron recibidas por <strong>el presidente del Consejo de Administraci\u00f3n, Cruz Arouxet, y el delegado Alberto Miotti<\/strong>.<\/p>\n<p>&nbsp;<\/p>\n<p>El 21 de diciembre <a href=\"https:\/\/cdnoticias.com\/index.php\/2021\/12\/21\/coopelectric-anuncio-que-desde-enero-aplicara-la-cuota-capital-en-las-facturas-de-luz\/\" target=\"_blank\" rel=\"noopener\">la prestadora anunci\u00f3 que iba a incorporar la cuota capital<\/a> a los usuarios de electricidad. Una semana despu\u00e9s <a href=\"https:\/\/cdnoticias.com\/index.php\/2021\/12\/28\/el-frente-de-todos-olavarria-denuncio-a-coopelectric-ante-oceba\/\" target=\"_blank\" rel=\"noopener\">el Frente de Todos inform\u00f3 la denuncia en contra de esa incorporaci\u00f3n<\/a> ya que <strong>era \u201cindebida\u201d: no hab\u00eda sido autorizada por el Oceba<\/strong>.<\/p>\n<p>&nbsp;<\/p>\n<p>Dicho organismo provincial ya se pronunci\u00f3 en dos ocasiones en contra del cobro: <a href=\"https:\/\/cdnoticias.com\/index.php\/2021\/12\/29\/oceba-advirtio-a-coopelectric-sobre-la-aplicacion-de-la-cuota-capital\/\">el 29 de diciembre<\/a> y el <a href=\"https:\/\/cdnoticias.com\/index.php\/2022\/02\/17\/oceba-insiste-contra-coopelectric-rechazo-a-la-cuota-capital\/\" target=\"_blank\" rel=\"noopener\">17 de febrero<\/a>. En ambos casos,<strong> se indic\u00f3 que se iniciar\u00e1n \u201cacciones sumariales\u201d y que Coopelectric deber\u00e1 devolver los montos cobrados<\/strong>.<\/p>\n","protected":false},"excerpt":{"rendered":"<p>Tras las resoluciones del OCEBA en contra del accionar de la cooperativa, la funcionaria de Comercio Interior insisti\u00f3 ante el<\/p>\n","protected":false},"author":4,"featured_media":47522,"comment_status":"closed","ping_status":"closed","sticky":false,"template":"","format":"standard","meta":{"_jetpack_memberships_contains_paid_content":false,"footnotes":""},"categories":[5,1],"tags":[],"class_list":["post-47520","post","type-post","status-publish","format-standard","has-post-thumbnail","hentry","category-informacion-general","category-portada"],"jetpack_featured_media_url":"https:\/\/i0.wp.com\/cdnoticias.com\/wp-content\/uploads\/2022\/02\/liliana-schwindt-coopelectric.jpg?fit=883%2C491&ssl=1","jetpack_sharing_enabled":true,"_links":{"self":[{"href":"https:\/\/cdnoticias.com\/index.php\/wp-json\/wp\/v2\/posts\/47520","targetHints":{"allow":["GET"]}}],"collection":[{"href":"https:\/\/cdnoticias.com\/index.php\/wp-json\/wp\/v2\/posts"}],"about":[{"href":"https:\/\/cdnoticias.com\/index.php\/wp-json\/wp\/v2\/types\/post"}],"author":[{"embeddable":true,"href":"https:\/\/cdnoticias.com\/index.php\/wp-json\/wp\/v2\/users\/4"}],"replies":[{"embeddable":true,"href":"https:\/\/cdnoticias.com\/index.php\/wp-json\/wp\/v2\/comments?post=47520"}],"version-history":[{"count":0,"href":"https:\/\/cdnoticias.com\/index.php\/wp-json\/wp\/v2\/posts\/47520\/revisions"}],"wp:featuredmedia":[{"embeddable":true,"href":"https:\/\/cdnoticias.com\/index.php\/wp-json\/wp\/v2\/media\/47522"}],"wp:attachment":[{"href":"https:\/\/cdnoticias.com\/index.php\/wp-json\/wp\/v2\/media?parent=47520"}],"wp:term":[{"taxonomy":"category","embeddable":true,"href":"https:\/\/cdnoticias.com\/index.php\/wp-json\/wp\/v2\/categories?post=47520"},{"taxonomy":"post_tag","embeddable":true,"href":"https:\/\/cdnoticias.com\/index.php\/wp-json\/wp\/v2\/tags?post=47520"}],"curies":[{"name":"wp","href":"https:\/\/api.w.org\/{rel}","templated":true}]}}