{"id":47495,"date":"2022-02-25T16:09:57","date_gmt":"2022-02-25T19:09:57","guid":{"rendered":"https:\/\/www.centraldenoticias.com.ar\/?p=47495"},"modified":"2022-02-25T16:11:36","modified_gmt":"2022-02-25T19:11:36","slug":"humberto-hector-nanti-tati-q-e-p-d","status":"publish","type":"post","link":"https:\/\/cdnoticias.com\/index.php\/2022\/02\/25\/humberto-hector-nanti-tati-q-e-p-d\/","title":{"rendered":"Humberto H\u00e9ctor Nanti &#8220;Tati&#8221; (Q.E.P.D.)"},"content":{"rendered":"<p>Falleci\u00f3 en Olavarr\u00eda el d\u00eda 24 de febrero de 2022 a los\u00a0 a\u00f1os de edad.\u00a0 Su hija Celeste Nanti Nanti Bellocq. Su hijo pol\u00edtico Fabio Brusegan. Su nieto Thiago Brusegan. Sus hermanos Hugo Nanti y Familia. Su amigo Chiche. Sus vecinos y dem\u00e1s deudos participan su fallecimiento.<\/p>\n<p>&nbsp;<\/p>\n<p>Sin velatorio. Sin responso. Cremaci\u00f3n: Crematorio Pinos de Paz, lunes 28 de febrero a las 8:30. Servicio adherido a Coopelectric.<\/p>\n<p>&nbsp;<\/p>\n<p>Barrio en el que viv\u00eda: Vecino de Pueblo Nuevo.<\/p>\n<p>Lugar de nacimiento: Nacido en Las Flores.<\/p>\n<p>Actividad que desarrollaba: Jubilado. Fue colaborador durante 14 a\u00f1os del Santuario de La Virgen de La Loma.<\/p>\n","protected":false},"excerpt":{"rendered":"<p>Falleci\u00f3 en Olavarr\u00eda el d\u00eda 24 de febrero de 2022 a los\u00a0 a\u00f1os de edad.\u00a0 Su hija Celeste Nanti Nanti<\/p>\n","protected":false},"author":6,"featured_media":0,"comment_status":"closed","ping_status":"closed","sticky":false,"template":"","format":"standard","meta":{"_jetpack_memberships_contains_paid_content":false,"footnotes":""},"categories":[10],"tags":[],"class_list":["post-47495","post","type-post","status-publish","format-standard","hentry","category-necrologicas"],"jetpack_featured_media_url":"","jetpack_sharing_enabled":true,"_links":{"self":[{"href":"https:\/\/cdnoticias.com\/index.php\/wp-json\/wp\/v2\/posts\/47495","targetHints":{"allow":["GET"]}}],"collection":[{"href":"https:\/\/cdnoticias.com\/index.php\/wp-json\/wp\/v2\/posts"}],"about":[{"href":"https:\/\/cdnoticias.com\/index.php\/wp-json\/wp\/v2\/types\/post"}],"author":[{"embeddable":true,"href":"https:\/\/cdnoticias.com\/index.php\/wp-json\/wp\/v2\/users\/6"}],"replies":[{"embeddable":true,"href":"https:\/\/cdnoticias.com\/index.php\/wp-json\/wp\/v2\/comments?post=47495"}],"version-history":[{"count":0,"href":"https:\/\/cdnoticias.com\/index.php\/wp-json\/wp\/v2\/posts\/47495\/revisions"}],"wp:attachment":[{"href":"https:\/\/cdnoticias.com\/index.php\/wp-json\/wp\/v2\/media?parent=47495"}],"wp:term":[{"taxonomy":"category","embeddable":true,"href":"https:\/\/cdnoticias.com\/index.php\/wp-json\/wp\/v2\/categories?post=47495"},{"taxonomy":"post_tag","embeddable":true,"href":"https:\/\/cdnoticias.com\/index.php\/wp-json\/wp\/v2\/tags?post=47495"}],"curies":[{"name":"wp","href":"https:\/\/api.w.org\/{rel}","templated":true}]}}