{"id":47471,"date":"2022-02-25T14:58:37","date_gmt":"2022-02-25T17:58:37","guid":{"rendered":"https:\/\/www.centraldenoticias.com.ar\/?p=47471"},"modified":"2022-02-25T17:02:02","modified_gmt":"2022-02-25T20:02:02","slug":"una-ecosport-registro-perdidas-totales-tras-un-incendio-en-el-barrio-ituzaingo","status":"publish","type":"post","link":"https:\/\/cdnoticias.com\/index.php\/2022\/02\/25\/una-ecosport-registro-perdidas-totales-tras-un-incendio-en-el-barrio-ituzaingo\/","title":{"rendered":"Una Ecosport registr\u00f3 p\u00e9rdidas totales  tras un incendio en el barrio Ituzaing\u00f3"},"content":{"rendered":"<p>Ocurri\u00f3 en el inicio de la tarde y fue necesaria la presencia de bomberos, aunque poco pudieron hacer para salvar al rodado.<!--more--><\/p>\n<hr \/>\n<p>Minutos despu\u00e9s de las 14 <strong>un voraz incendio arras\u00f3 por completo a un veh\u00edculo en el barrio Ituzaing\u00f3<\/strong>. Las condiciones en las que se produjo el siniestro son a\u00fan materia de estudio.<\/p>\n<p>&nbsp;<\/p>\n<p>Todo ocurri\u00f3 en las cercan\u00edas del<strong> cruce de Azopardo y Ayacucho<\/strong>, donde por causas que se desconocen comenz\u00f3 a incendiarse una Ford EcoSport.<\/p>\n<p>&nbsp;<\/p>\n<p><img data-recalc-dims=\"1\" loading=\"lazy\" decoding=\"async\" class=\"alignnone size-large wp-image-47473\" src=\"https:\/\/i0.wp.com\/cdnoticias.com\/wp-content\/uploads\/2022\/02\/WhatsApp-Image-2022-02-25-at-14.22.55-1-e1645811880625-1024x612.jpeg?resize=800%2C478&#038;ssl=1\" alt=\"\" width=\"800\" height=\"478\" srcset=\"https:\/\/i0.wp.com\/cdnoticias.com\/wp-content\/uploads\/2022\/02\/WhatsApp-Image-2022-02-25-at-14.22.55-1-e1645811880625.jpeg?resize=1024%2C612&amp;ssl=1 1024w, https:\/\/i0.wp.com\/cdnoticias.com\/wp-content\/uploads\/2022\/02\/WhatsApp-Image-2022-02-25-at-14.22.55-1-e1645811880625.jpeg?resize=300%2C179&amp;ssl=1 300w, https:\/\/i0.wp.com\/cdnoticias.com\/wp-content\/uploads\/2022\/02\/WhatsApp-Image-2022-02-25-at-14.22.55-1-e1645811880625.jpeg?resize=768%2C459&amp;ssl=1 768w, https:\/\/i0.wp.com\/cdnoticias.com\/wp-content\/uploads\/2022\/02\/WhatsApp-Image-2022-02-25-at-14.22.55-1-e1645811880625.jpeg?w=1452&amp;ssl=1 1452w\" sizes=\"auto, (max-width: 800px) 100vw, 800px\" \/><\/p>\n<p>&nbsp;<\/p>\n<p>Las llamas avanzaron r\u00e1pidamente sobre el rodado, por lo que fue necesario el arribo de una unidad del Cuartel Central de Bomberos Voluntarios, dado que adem\u00e1s la <strong>Ford contaba con equipo de GNC.<\/strong><\/p>\n<p>&nbsp;<\/p>\n<p>Sin embargo, poco pudieron ya que <strong>el auto registr\u00f3 p\u00e9rdidas totales. <\/strong><strong>Afortunadamente no se debieron lamentar personas heridas<\/strong>. Concurrieron en colaboraci\u00f3n agentes\u00a0 del Comando de Patrullas.<\/p>\n","protected":false},"excerpt":{"rendered":"<p>Ocurri\u00f3 en el inicio de la tarde y fue necesaria la presencia de bomberos, aunque poco pudieron hacer para salvar<\/p>\n","protected":false},"author":3,"featured_media":47472,"comment_status":"closed","ping_status":"closed","sticky":false,"template":"","format":"standard","meta":{"_jetpack_memberships_contains_paid_content":false,"footnotes":""},"categories":[14,1],"tags":[],"class_list":["post-47471","post","type-post","status-publish","format-standard","has-post-thumbnail","hentry","category-policiales","category-portada"],"jetpack_featured_media_url":"https:\/\/i0.wp.com\/cdnoticias.com\/wp-content\/uploads\/2022\/02\/WhatsApp-Image-2022-02-25-at-14.22.55-e1645811903846.jpeg?fit=1596%2C920&ssl=1","jetpack_sharing_enabled":true,"_links":{"self":[{"href":"https:\/\/cdnoticias.com\/index.php\/wp-json\/wp\/v2\/posts\/47471","targetHints":{"allow":["GET"]}}],"collection":[{"href":"https:\/\/cdnoticias.com\/index.php\/wp-json\/wp\/v2\/posts"}],"about":[{"href":"https:\/\/cdnoticias.com\/index.php\/wp-json\/wp\/v2\/types\/post"}],"author":[{"embeddable":true,"href":"https:\/\/cdnoticias.com\/index.php\/wp-json\/wp\/v2\/users\/3"}],"replies":[{"embeddable":true,"href":"https:\/\/cdnoticias.com\/index.php\/wp-json\/wp\/v2\/comments?post=47471"}],"version-history":[{"count":0,"href":"https:\/\/cdnoticias.com\/index.php\/wp-json\/wp\/v2\/posts\/47471\/revisions"}],"wp:featuredmedia":[{"embeddable":true,"href":"https:\/\/cdnoticias.com\/index.php\/wp-json\/wp\/v2\/media\/47472"}],"wp:attachment":[{"href":"https:\/\/cdnoticias.com\/index.php\/wp-json\/wp\/v2\/media?parent=47471"}],"wp:term":[{"taxonomy":"category","embeddable":true,"href":"https:\/\/cdnoticias.com\/index.php\/wp-json\/wp\/v2\/categories?post=47471"},{"taxonomy":"post_tag","embeddable":true,"href":"https:\/\/cdnoticias.com\/index.php\/wp-json\/wp\/v2\/tags?post=47471"}],"curies":[{"name":"wp","href":"https:\/\/api.w.org\/{rel}","templated":true}]}}