{"id":47460,"date":"2022-02-25T13:14:35","date_gmt":"2022-02-25T16:14:35","guid":{"rendered":"https:\/\/www.centraldenoticias.com.ar\/?p=47460"},"modified":"2022-02-25T13:14:35","modified_gmt":"2022-02-25T16:14:35","slug":"martin-roldan-sobre-la-causa-terrenos-ratificamos-lo-que-habiamos-dicho-hace-un-ano-y-medio","status":"publish","type":"post","link":"https:\/\/cdnoticias.com\/index.php\/2022\/02\/25\/martin-roldan-sobre-la-causa-terrenos-ratificamos-lo-que-habiamos-dicho-hace-un-ano-y-medio\/","title":{"rendered":"Mart\u00edn Rold\u00e1n sobre la causa terrenos: \u201cratificamos lo que hab\u00edamos dicho hace un a\u00f1o y medio\u201d"},"content":{"rendered":"<p>Coment\u00f3 as\u00ed lo expuesto en la comisi\u00f3n especial del Concejo Deliberante a la que fue invitado este viernes. La manifestaci\u00f3n de FOL y la demanda habitacional.<!--more--><\/p>\n<hr \/>\n<p><a href=\"https:\/\/cdnoticias.com\/index.php\/2022\/02\/25\/el-frente-de-organizaciones-en-lucha-insistio-con-la-demanda-habitacional-frente-al-hcd\/\" target=\"_blank\" rel=\"noopener\">El Frente de Organizaciones en Lucha (FOL) se manifest\u00f3 en la ma\u00f1ana de este viernes frente al Concejo Deliberante<\/a> en el marco de la citaci\u00f3n a uno de sus integrantes, <strong>Mart\u00edn Rold\u00e1n, a la comisi\u00f3n especial que investiga la venta irregular de terrenos.<\/strong><\/p>\n<p>&nbsp;<\/p>\n<blockquote><p>Tras salir del HCD, Rold\u00e1n habl\u00f3 con medios locales sobre lo que expuso ante los concejales. \u201cNuestra intervenci\u00f3n no aporta muchos datos a la causa porque ratificamos lo que hab\u00edamos dicho hace un a\u00f1o y medio. Ten\u00edamos informaci\u00f3n, por dichos, de un accionar sistem\u00e1tico y de tanta cantidad que nosotros decidimos denunciar la situaci\u00f3n\u201d.<\/p><\/blockquote>\n<p>&nbsp;<\/p>\n<p><iframe loading=\"lazy\" title=\"YouTube video player\" src=\"https:\/\/www.youtube.com\/embed\/On1wzF9Gqv4\" width=\"560\" height=\"315\" frameborder=\"0\" allowfullscreen=\"allowfullscreen\"><\/iframe><\/p>\n<p>&nbsp;<\/p>\n<p>Se refiri\u00f3 as\u00ed a que<strong> en octubre de 2020, en el marco del acampe de la Mesa de Emergencia frente al Palacio Municipal dieron a conocer este problema<\/strong>. <em>\u201cHab\u00eda vecinos damnificados que estaban dispuestos a ir a la Justicia pero despu\u00e9s se echaron para atr\u00e1s\u201d<\/em> aclar\u00f3 sobre por qu\u00e9 no se lleg\u00f3 a denunciar penalmente en ese momento.<\/p>\n<p>&nbsp;<\/p>\n<p>Explic\u00f3 que decidieron desde FOL hacer una manifestaci\u00f3n para <strong>\u201cvisibilizar nuevamente, porque estamos en la misma o peor condici\u00f3n que antes, en el problema de vivienda\u201d<\/strong>. Apunt\u00f3 con ello a la suba de alquileres y a los altos precios de los terrenos que est\u00e1n en venta. \u201cDesde la agrupaci\u00f3n, las delegadas de los barrios aprovecharon la situaci\u00f3n para poner de vuelta en discusi\u00f3n el tema de que <strong>necesitamos un programa de viviendas serio y urgente\u201d<\/strong>.<\/p>\n<p>&nbsp;<\/p>\n<p><img data-recalc-dims=\"1\" loading=\"lazy\" decoding=\"async\" class=\"size-full wp-image-47457 aligncenter\" src=\"https:\/\/i0.wp.com\/cdnoticias.com\/wp-content\/uploads\/2022\/02\/manifestacion-FOL-HCD-00.jpg?resize=800%2C445&#038;ssl=1\" alt=\"\" width=\"800\" height=\"445\" srcset=\"https:\/\/i0.wp.com\/cdnoticias.com\/wp-content\/uploads\/2022\/02\/manifestacion-FOL-HCD-00.jpg?w=800&amp;ssl=1 800w, https:\/\/i0.wp.com\/cdnoticias.com\/wp-content\/uploads\/2022\/02\/manifestacion-FOL-HCD-00.jpg?resize=300%2C167&amp;ssl=1 300w, https:\/\/i0.wp.com\/cdnoticias.com\/wp-content\/uploads\/2022\/02\/manifestacion-FOL-HCD-00.jpg?resize=768%2C427&amp;ssl=1 768w\" sizes=\"auto, (max-width: 800px) 100vw, 800px\" \/><\/p>\n<p>&nbsp;<\/p>\n<blockquote><p>Cuestion\u00f3 que en 2020 ante este pedido, la respuesta municipal era que \u201cno se pod\u00eda hacer un plan de viviendas porque no hab\u00eda tierras. Queda al descubierto que tierras hay. No s\u00e9 si son suficientes pero hab\u00eda, hay, y la usan para un negocio inmobiliario. Son cosas que venimos diciendo hace mucho y ahora se ratifican, son ciertas. Hay un negocio inmobiliario y esa es la prioridad de las autoridades\u201d.<\/p><\/blockquote>\n<p>&nbsp;<\/p>\n<p>Si bien reiter\u00f3 que no tiene nuevos elementos para aportar a la investigaci\u00f3n, indic\u00f3 que <strong>por lo que saben sobre los avances de la Justicia y el Concejo Deliberante \u201capuntan para los nombres que ten\u00edamos nosotros<\/strong>, se encamina a ese lugar. Ahora no podemos tener expectativa positiva porque no sabemos despu\u00e9s c\u00f3mo va a terminar en la Justicia\u201d dijo Rold\u00e1n.<\/p>\n","protected":false},"excerpt":{"rendered":"<p>Coment\u00f3 as\u00ed lo expuesto en la comisi\u00f3n especial del Concejo Deliberante a la que fue invitado este viernes. La manifestaci\u00f3n<\/p>\n","protected":false},"author":4,"featured_media":47456,"comment_status":"closed","ping_status":"closed","sticky":false,"template":"","format":"standard","meta":{"_jetpack_memberships_contains_paid_content":false,"footnotes":""},"categories":[4,1],"tags":[],"class_list":["post-47460","post","type-post","status-publish","format-standard","has-post-thumbnail","hentry","category-politica","category-portada"],"jetpack_featured_media_url":"https:\/\/i0.wp.com\/cdnoticias.com\/wp-content\/uploads\/2022\/02\/manifestacion-FOL-HCD-06.jpg?fit=800%2C445&ssl=1","jetpack_sharing_enabled":true,"_links":{"self":[{"href":"https:\/\/cdnoticias.com\/index.php\/wp-json\/wp\/v2\/posts\/47460","targetHints":{"allow":["GET"]}}],"collection":[{"href":"https:\/\/cdnoticias.com\/index.php\/wp-json\/wp\/v2\/posts"}],"about":[{"href":"https:\/\/cdnoticias.com\/index.php\/wp-json\/wp\/v2\/types\/post"}],"author":[{"embeddable":true,"href":"https:\/\/cdnoticias.com\/index.php\/wp-json\/wp\/v2\/users\/4"}],"replies":[{"embeddable":true,"href":"https:\/\/cdnoticias.com\/index.php\/wp-json\/wp\/v2\/comments?post=47460"}],"version-history":[{"count":0,"href":"https:\/\/cdnoticias.com\/index.php\/wp-json\/wp\/v2\/posts\/47460\/revisions"}],"wp:featuredmedia":[{"embeddable":true,"href":"https:\/\/cdnoticias.com\/index.php\/wp-json\/wp\/v2\/media\/47456"}],"wp:attachment":[{"href":"https:\/\/cdnoticias.com\/index.php\/wp-json\/wp\/v2\/media?parent=47460"}],"wp:term":[{"taxonomy":"category","embeddable":true,"href":"https:\/\/cdnoticias.com\/index.php\/wp-json\/wp\/v2\/categories?post=47460"},{"taxonomy":"post_tag","embeddable":true,"href":"https:\/\/cdnoticias.com\/index.php\/wp-json\/wp\/v2\/tags?post=47460"}],"curies":[{"name":"wp","href":"https:\/\/api.w.org\/{rel}","templated":true}]}}