{"id":47451,"date":"2022-02-25T13:00:17","date_gmt":"2022-02-25T16:00:17","guid":{"rendered":"https:\/\/www.centraldenoticias.com.ar\/?p=47451"},"modified":"2022-02-26T12:05:09","modified_gmt":"2022-02-26T15:05:09","slug":"el-frente-de-organizaciones-en-lucha-insistio-con-la-demanda-habitacional-frente-al-hcd","status":"publish","type":"post","link":"https:\/\/cdnoticias.com\/index.php\/2022\/02\/25\/el-frente-de-organizaciones-en-lucha-insistio-con-la-demanda-habitacional-frente-al-hcd\/","title":{"rendered":"El Frente de Organizaciones en Lucha insisti\u00f3 con la demanda habitacional frente al HCD"},"content":{"rendered":"<p>La manifestaci\u00f3n se dio en el marco del funcionamiento de la comisi\u00f3n especial que investiga la venta irregular de terrenos.<!--more--><\/p>\n<hr \/>\n<p><strong>El Frente de Organizaciones en Lucha (FOL) se manifest\u00f3 en la ma\u00f1ana de este viernes frente al Concejo Deliberante<\/strong>: insisti\u00f3 con la necesidad de satisfacer la demanda habitacional.<\/p>\n<p>&nbsp;<\/p>\n<p>La actividad se dio en el marco del <strong>funcionamiento de la comisi\u00f3n especial que investiga la venta irregular de terrenos<\/strong>, <a href=\"https:\/\/cdnoticias.com\/index.php\/2022\/02\/19\/hcd-la-comision-especial-cito-a-diego-robbiani-y-roberto-landoni\/\" target=\"_blank\" rel=\"noopener\">a la que uno de sus integrantes fue citado<\/a>.<\/p>\n<p>&nbsp;<\/p>\n<p><img data-recalc-dims=\"1\" loading=\"lazy\" decoding=\"async\" class=\"size-full wp-image-47457 aligncenter\" src=\"https:\/\/i0.wp.com\/cdnoticias.com\/wp-content\/uploads\/2022\/02\/manifestacion-FOL-HCD-00.jpg?resize=800%2C445&#038;ssl=1\" alt=\"\" width=\"800\" height=\"445\" srcset=\"https:\/\/i0.wp.com\/cdnoticias.com\/wp-content\/uploads\/2022\/02\/manifestacion-FOL-HCD-00.jpg?w=800&amp;ssl=1 800w, https:\/\/i0.wp.com\/cdnoticias.com\/wp-content\/uploads\/2022\/02\/manifestacion-FOL-HCD-00.jpg?resize=300%2C167&amp;ssl=1 300w, https:\/\/i0.wp.com\/cdnoticias.com\/wp-content\/uploads\/2022\/02\/manifestacion-FOL-HCD-00.jpg?resize=768%2C427&amp;ssl=1 768w\" sizes=\"auto, (max-width: 800px) 100vw, 800px\" \/><\/p>\n<p>&nbsp;<\/p>\n<blockquote><p>En ese marco, integrantes de FOL se convocaron sobre calle Alsina en las puertas del Concejo donde cortaron la calle y mostraron carteles y pancartas con sus pedidos. \u201cTerrenos para Sierra Chica\u201d, \u201cPrograma de Viviendas\u201d, \u201cComprar terrenos es imposible para una trabajadora\u201d.<\/p><\/blockquote>\n<p>&nbsp;<\/p>\n<p>En paralelo entregaron un folleto a los transe\u00fantes: <strong>\u201cCarta abierta del FOL a la ciudadan\u00eda de Olavarr\u00eda\u201d<\/strong> en la que acusan a <strong>\u201cfuncionarios\u201d municipales de \u201cutilizar las tierras de la Municipalidad para sus propios negocios estafando a quienes se las venden de manera ilegal<\/strong> y no solo esto sino que tambi\u00e9n est\u00e1n vendiendo terrenos que tienen due\u00f1o\u201d.<\/p>\n<p>&nbsp;<\/p>\n<p><img data-recalc-dims=\"1\" loading=\"lazy\" decoding=\"async\" class=\"size-full wp-image-47454 aligncenter\" src=\"https:\/\/i0.wp.com\/cdnoticias.com\/wp-content\/uploads\/2022\/02\/manifestacion-FOL-HCD-04.jpg?resize=800%2C445&#038;ssl=1\" alt=\"\" width=\"800\" height=\"445\" srcset=\"https:\/\/i0.wp.com\/cdnoticias.com\/wp-content\/uploads\/2022\/02\/manifestacion-FOL-HCD-04.jpg?w=800&amp;ssl=1 800w, https:\/\/i0.wp.com\/cdnoticias.com\/wp-content\/uploads\/2022\/02\/manifestacion-FOL-HCD-04.jpg?resize=300%2C167&amp;ssl=1 300w, https:\/\/i0.wp.com\/cdnoticias.com\/wp-content\/uploads\/2022\/02\/manifestacion-FOL-HCD-04.jpg?resize=768%2C427&amp;ssl=1 768w\" sizes=\"auto, (max-width: 800px) 100vw, 800px\" \/><\/p>\n<p>&nbsp;<\/p>\n<blockquote><p>Repasaron lo denunciado p\u00fablicamente en octubre de 2020 por la Mesa de Emergencia, en la misma l\u00ednea con lo denunciado actualmente e investigado por la Justicia, y mostraron su postura: \u201cque todas las tierras ociosas estatales o privadas deben estar al servicio de todas aquellas familias que por una causa u otra se les hace imposible llegar al techo propio\u201d.<\/p><\/blockquote>\n<p>&nbsp;<\/p>\n<p>La manifestaci\u00f3n se extendi\u00f3 hasta pasado el mediod\u00eda. <strong>Mart\u00edn Rold\u00e1n, integrante de FOL expuso lo declarado en la comisi\u00f3n especial y <a href=\"https:\/\/cdnoticias.com\/index.php\/2022\/02\/25\/martin-roldan-sobre-la-causa-terrenos-ratificamos-lo-que-habiamos-dicho-hace-un-ano-y-medio\/\" target=\"_blank\" rel=\"noopener\">ratific\u00f3 los dichos de la Mesa de Emergencia en 2020<\/a><\/strong> sobre la venta irregular de terrenos. Tras un contacto con la prensa local, luego habl\u00f3 con los manifestantes y dejaron expuesta la importancia de que se faciliten los accesos a viviendas y terrenos.<\/p>\n<p><img data-recalc-dims=\"1\" loading=\"lazy\" decoding=\"async\" class=\"size-full wp-image-47455 aligncenter\" src=\"https:\/\/i0.wp.com\/cdnoticias.com\/wp-content\/uploads\/2022\/02\/manifestacion-FOL-HCD-05.jpg?resize=800%2C445&#038;ssl=1\" alt=\"\" width=\"800\" height=\"445\" srcset=\"https:\/\/i0.wp.com\/cdnoticias.com\/wp-content\/uploads\/2022\/02\/manifestacion-FOL-HCD-05.jpg?w=800&amp;ssl=1 800w, https:\/\/i0.wp.com\/cdnoticias.com\/wp-content\/uploads\/2022\/02\/manifestacion-FOL-HCD-05.jpg?resize=300%2C167&amp;ssl=1 300w, https:\/\/i0.wp.com\/cdnoticias.com\/wp-content\/uploads\/2022\/02\/manifestacion-FOL-HCD-05.jpg?resize=768%2C427&amp;ssl=1 768w\" sizes=\"auto, (max-width: 800px) 100vw, 800px\" \/><\/p>\n<p><img data-recalc-dims=\"1\" loading=\"lazy\" decoding=\"async\" class=\"size-full wp-image-47452 aligncenter\" src=\"https:\/\/i0.wp.com\/cdnoticias.com\/wp-content\/uploads\/2022\/02\/manifestacion-FOL-HCD-02.jpg?resize=800%2C445&#038;ssl=1\" alt=\"\" width=\"800\" height=\"445\" srcset=\"https:\/\/i0.wp.com\/cdnoticias.com\/wp-content\/uploads\/2022\/02\/manifestacion-FOL-HCD-02.jpg?w=800&amp;ssl=1 800w, https:\/\/i0.wp.com\/cdnoticias.com\/wp-content\/uploads\/2022\/02\/manifestacion-FOL-HCD-02.jpg?resize=300%2C167&amp;ssl=1 300w, https:\/\/i0.wp.com\/cdnoticias.com\/wp-content\/uploads\/2022\/02\/manifestacion-FOL-HCD-02.jpg?resize=768%2C427&amp;ssl=1 768w\" sizes=\"auto, (max-width: 800px) 100vw, 800px\" \/><\/p>\n<p><img data-recalc-dims=\"1\" loading=\"lazy\" decoding=\"async\" class=\"size-full wp-image-47453 aligncenter\" src=\"https:\/\/i0.wp.com\/cdnoticias.com\/wp-content\/uploads\/2022\/02\/manifestacion-FOL-HCD-03.jpg?resize=800%2C445&#038;ssl=1\" alt=\"\" width=\"800\" height=\"445\" srcset=\"https:\/\/i0.wp.com\/cdnoticias.com\/wp-content\/uploads\/2022\/02\/manifestacion-FOL-HCD-03.jpg?w=800&amp;ssl=1 800w, https:\/\/i0.wp.com\/cdnoticias.com\/wp-content\/uploads\/2022\/02\/manifestacion-FOL-HCD-03.jpg?resize=300%2C167&amp;ssl=1 300w, https:\/\/i0.wp.com\/cdnoticias.com\/wp-content\/uploads\/2022\/02\/manifestacion-FOL-HCD-03.jpg?resize=768%2C427&amp;ssl=1 768w\" sizes=\"auto, (max-width: 800px) 100vw, 800px\" \/><\/p>\n","protected":false},"excerpt":{"rendered":"<p>La manifestaci\u00f3n se dio en el marco del funcionamiento de la comisi\u00f3n especial que investiga la venta irregular de terrenos.<\/p>\n","protected":false},"author":4,"featured_media":47458,"comment_status":"closed","ping_status":"closed","sticky":false,"template":"","format":"standard","meta":{"_jetpack_memberships_contains_paid_content":false,"footnotes":""},"categories":[4,1],"tags":[],"class_list":["post-47451","post","type-post","status-publish","format-standard","has-post-thumbnail","hentry","category-politica","category-portada"],"jetpack_featured_media_url":"https:\/\/i0.wp.com\/cdnoticias.com\/wp-content\/uploads\/2022\/02\/manifestacion-FOL-HCD-01.jpg?fit=800%2C445&ssl=1","jetpack_sharing_enabled":true,"_links":{"self":[{"href":"https:\/\/cdnoticias.com\/index.php\/wp-json\/wp\/v2\/posts\/47451","targetHints":{"allow":["GET"]}}],"collection":[{"href":"https:\/\/cdnoticias.com\/index.php\/wp-json\/wp\/v2\/posts"}],"about":[{"href":"https:\/\/cdnoticias.com\/index.php\/wp-json\/wp\/v2\/types\/post"}],"author":[{"embeddable":true,"href":"https:\/\/cdnoticias.com\/index.php\/wp-json\/wp\/v2\/users\/4"}],"replies":[{"embeddable":true,"href":"https:\/\/cdnoticias.com\/index.php\/wp-json\/wp\/v2\/comments?post=47451"}],"version-history":[{"count":0,"href":"https:\/\/cdnoticias.com\/index.php\/wp-json\/wp\/v2\/posts\/47451\/revisions"}],"wp:featuredmedia":[{"embeddable":true,"href":"https:\/\/cdnoticias.com\/index.php\/wp-json\/wp\/v2\/media\/47458"}],"wp:attachment":[{"href":"https:\/\/cdnoticias.com\/index.php\/wp-json\/wp\/v2\/media?parent=47451"}],"wp:term":[{"taxonomy":"category","embeddable":true,"href":"https:\/\/cdnoticias.com\/index.php\/wp-json\/wp\/v2\/categories?post=47451"},{"taxonomy":"post_tag","embeddable":true,"href":"https:\/\/cdnoticias.com\/index.php\/wp-json\/wp\/v2\/tags?post=47451"}],"curies":[{"name":"wp","href":"https:\/\/api.w.org\/{rel}","templated":true}]}}