{"id":47388,"date":"2022-02-24T19:25:26","date_gmt":"2022-02-24T22:25:26","guid":{"rendered":"https:\/\/www.centraldenoticias.com.ar\/?p=47388"},"modified":"2022-02-24T19:25:26","modified_gmt":"2022-02-24T22:25:26","slug":"con-presencia-olavarriense-el-comite-provincia-de-la-ucr-realizo-el-primer-plenario-del-2022","status":"publish","type":"post","link":"https:\/\/cdnoticias.com\/index.php\/2022\/02\/24\/con-presencia-olavarriense-el-comite-provincia-de-la-ucr-realizo-el-primer-plenario-del-2022\/","title":{"rendered":"Con presencia olavarriense, el Comit\u00e9 Provincia de la UCR realiz\u00f3 el primer plenario del 2022"},"content":{"rendered":"<p>Se desarroll\u00f3 d\u00edas atr\u00e1s en La Plata y estuvo presente Franco Cominotto, quien integra la Mesa Ejecutiva.<!--more--><\/p>\n<hr \/>\n<p>El \u00faltimo martes se llev\u00f3 a cabo en la nueva sede del radicalismo bonaerense en la ciudad de La Plata el<strong> primer plenario del 2022 de la UCR<\/strong>, el cual estuvo encabezado por su Presidente Maximiliano Abad. En la cita estuvo<strong> presente el olavarriense Franco Cominotto<\/strong>. La programaci\u00f3n de un Congreso Provincial partidario para el 12 de marzo y la construcci\u00f3n de una agenda com\u00fan de trabajo fueron los principales temas del encuentro.<\/p>\n<p>&nbsp;<\/p>\n<p>Se dieron cita las autoridades de la UCR de la Provincia de Buenos Aires, en formato h\u00edbrido (presencial y virtual). Franco Cominotto, miembro de la Mesa Ejecutiva como Secretario de Modernizaci\u00f3n y reforma del Estado, fue uno de los presentes en el encuentro donde <strong>se definieron los principales puntos de trabajo para los pr\u00f3ximos meses.<\/strong><\/p>\n<p>&nbsp;<\/p>\n<p>En la oportunidad, se discuti\u00f3 y acord\u00f3 la<strong> realizaci\u00f3n de un importante Congreso Provincial el pr\u00f3ximo 12 de marzo (d\u00eda del militante radical)<\/strong>, a realizarse en la ciudad de La Plata y que contar\u00e1 con la participaci\u00f3n de todo el arco dirigencial del radicalismo bonaerense. Se realiz\u00f3 un repaso de lo realizado por la Mesa Ejecutiva de la Convenci\u00f3n de la UCR Buenos Aires, y se estableci\u00f3 la <strong>conformaci\u00f3n de una comisi\u00f3n para la puesta en valor de los Comit\u00e9 de Distrito, entre los puntos m\u00e1s destacados.<\/strong><\/p>\n<p>&nbsp;<\/p>\n<p>Vale recordar, que Cominotto (dirigente provincial de Evoluci\u00f3n Radical) integra la Mesa Ejecutiva de la UCR de la provincia de Buenos Aires, luego de haber sido <strong>candidato a Secretario General en las \u00faltimas elecciones internas realizadas en marzo del 2021<\/strong>, integrando la lista opositora.<\/p>\n","protected":false},"excerpt":{"rendered":"<p>Se desarroll\u00f3 d\u00edas atr\u00e1s en La Plata y estuvo presente Franco Cominotto, quien integra la Mesa Ejecutiva.<\/p>\n","protected":false},"author":3,"featured_media":47389,"comment_status":"closed","ping_status":"closed","sticky":false,"template":"","format":"standard","meta":{"_jetpack_memberships_contains_paid_content":false,"footnotes":""},"categories":[4,1],"tags":[],"class_list":["post-47388","post","type-post","status-publish","format-standard","has-post-thumbnail","hentry","category-politica","category-portada"],"jetpack_featured_media_url":"https:\/\/i0.wp.com\/cdnoticias.com\/wp-content\/uploads\/2022\/02\/WhatsApp-Image-2022-02-23-at-11.39.23-PM-e1645728755669.jpeg?fit=623%2C390&ssl=1","jetpack_sharing_enabled":true,"_links":{"self":[{"href":"https:\/\/cdnoticias.com\/index.php\/wp-json\/wp\/v2\/posts\/47388","targetHints":{"allow":["GET"]}}],"collection":[{"href":"https:\/\/cdnoticias.com\/index.php\/wp-json\/wp\/v2\/posts"}],"about":[{"href":"https:\/\/cdnoticias.com\/index.php\/wp-json\/wp\/v2\/types\/post"}],"author":[{"embeddable":true,"href":"https:\/\/cdnoticias.com\/index.php\/wp-json\/wp\/v2\/users\/3"}],"replies":[{"embeddable":true,"href":"https:\/\/cdnoticias.com\/index.php\/wp-json\/wp\/v2\/comments?post=47388"}],"version-history":[{"count":0,"href":"https:\/\/cdnoticias.com\/index.php\/wp-json\/wp\/v2\/posts\/47388\/revisions"}],"wp:featuredmedia":[{"embeddable":true,"href":"https:\/\/cdnoticias.com\/index.php\/wp-json\/wp\/v2\/media\/47389"}],"wp:attachment":[{"href":"https:\/\/cdnoticias.com\/index.php\/wp-json\/wp\/v2\/media?parent=47388"}],"wp:term":[{"taxonomy":"category","embeddable":true,"href":"https:\/\/cdnoticias.com\/index.php\/wp-json\/wp\/v2\/categories?post=47388"},{"taxonomy":"post_tag","embeddable":true,"href":"https:\/\/cdnoticias.com\/index.php\/wp-json\/wp\/v2\/tags?post=47388"}],"curies":[{"name":"wp","href":"https:\/\/api.w.org\/{rel}","templated":true}]}}