{"id":47379,"date":"2022-03-13T12:27:48","date_gmt":"2022-03-13T15:27:48","guid":{"rendered":"https:\/\/www.centraldenoticias.com.ar\/?p=47379"},"modified":"2022-03-13T12:27:48","modified_gmt":"2022-03-13T15:27:48","slug":"nuevos-talleres-en-el-mda","status":"publish","type":"post","link":"https:\/\/cdnoticias.com\/index.php\/2022\/03\/13\/nuevos-talleres-en-el-mda\/","title":{"rendered":"Nuevos talleres en el MDA"},"content":{"rendered":"<p>Se iniciar\u00e1n este lunes 14 de marzo en el espacio del Aula Taller. Los cupos son limitados. <!--more--><\/p>\n<hr \/>\n<p>&nbsp;<\/p>\n<p>Desde el <strong>Museo Municipal \u201cD\u00e1maso Arce\u201d<\/strong> se convoca a participar de las<strong> nuevas propuestas de talleres<\/strong>, que se iniciar\u00e1n el<strong> lunes 14 de marzo,<\/strong> en el espacio del Aula Taller.<\/p>\n<p>&nbsp;<\/p>\n<p>Las propuestas est\u00e1n <strong>destinadas a j\u00f3venes y adultos<\/strong>. Los interesados pueden anotarse por mail a\u00a0<a href=\"mailto:diego.pardo@olavarria.gov.ar\">diego.pardo@olavarria.gov.ar<\/a>. Se aclar\u00f3 que los <strong>cupos son limitados.<\/strong><\/p>\n<p>&nbsp;<\/p>\n<ul>\n<li><strong>Taller de acuarela<\/strong><\/li>\n<\/ul>\n<p>El taller est\u00e1 destinado a aquellas personas <strong>con o sin conocimientos previos<\/strong>, que quieran incursionar en la <strong>t\u00e9cnica de la acuarela<\/strong>, con tem\u00e1ticas variadas como el paisaje, el retrato o la ilustraci\u00f3n editorial.<\/p>\n<p>&nbsp;<\/p>\n<p>Se desarrollar\u00e1 los d\u00edas <strong>viernes de 10:00 a 12:00 previa inscripci\u00f3n<\/strong>. Est\u00e1 destinado a a<strong>dultos de +18 a\u00f1os,<\/strong> y <strong>es necesario contar con los materiales<\/strong> (se pueden consultar al mail).<\/p>\n<p>&nbsp;<\/p>\n<ul>\n<li><strong>Taller VEO (Vi\u00f1etas en Olavarr\u00eda)\u00a0<\/strong><\/li>\n<\/ul>\n<p>El taller est\u00e1 destinado a quienes quieren explorar la <strong>creaci\u00f3n de sus propios c\u00f3mics<\/strong>. Se trabajar\u00e1 con figura humana, encastre de fondos, secuencias de planos, montaje de tapas (ilustraci\u00f3n) y el <strong>objetivo final es la publicaci\u00f3n de esas historietas en formato papel.<\/strong><\/p>\n<p>&nbsp;<\/p>\n<p>Se desarrollar\u00e1 los d\u00edas<strong> lunes de 10:00 a 12:00<\/strong> previa inscripci\u00f3n. Est\u00e1 destinado a <strong>j\u00f3venes a partir de 12 a\u00f1os y es necesario contar con los materiales<\/strong> (se pueden consultar al mail de inscripci\u00f3n).<\/p>\n","protected":false},"excerpt":{"rendered":"<p>Se iniciar\u00e1n este lunes 14 de marzo en el espacio del Aula Taller. Los cupos son limitados.<\/p>\n","protected":false},"author":6,"featured_media":12040,"comment_status":"closed","ping_status":"closed","sticky":false,"template":"","format":"standard","meta":{"_jetpack_memberships_contains_paid_content":false,"footnotes":""},"categories":[9,1],"tags":[],"class_list":["post-47379","post","type-post","status-publish","format-standard","has-post-thumbnail","hentry","category-cultura","category-portada"],"jetpack_featured_media_url":"https:\/\/i0.wp.com\/cdnoticias.com\/wp-content\/uploads\/2021\/01\/Museo-Damaso-Arce-1024x678-1024x678.jpg?fit=1024%2C678&ssl=1","jetpack_sharing_enabled":true,"_links":{"self":[{"href":"https:\/\/cdnoticias.com\/index.php\/wp-json\/wp\/v2\/posts\/47379","targetHints":{"allow":["GET"]}}],"collection":[{"href":"https:\/\/cdnoticias.com\/index.php\/wp-json\/wp\/v2\/posts"}],"about":[{"href":"https:\/\/cdnoticias.com\/index.php\/wp-json\/wp\/v2\/types\/post"}],"author":[{"embeddable":true,"href":"https:\/\/cdnoticias.com\/index.php\/wp-json\/wp\/v2\/users\/6"}],"replies":[{"embeddable":true,"href":"https:\/\/cdnoticias.com\/index.php\/wp-json\/wp\/v2\/comments?post=47379"}],"version-history":[{"count":0,"href":"https:\/\/cdnoticias.com\/index.php\/wp-json\/wp\/v2\/posts\/47379\/revisions"}],"wp:featuredmedia":[{"embeddable":true,"href":"https:\/\/cdnoticias.com\/index.php\/wp-json\/wp\/v2\/media\/12040"}],"wp:attachment":[{"href":"https:\/\/cdnoticias.com\/index.php\/wp-json\/wp\/v2\/media?parent=47379"}],"wp:term":[{"taxonomy":"category","embeddable":true,"href":"https:\/\/cdnoticias.com\/index.php\/wp-json\/wp\/v2\/categories?post=47379"},{"taxonomy":"post_tag","embeddable":true,"href":"https:\/\/cdnoticias.com\/index.php\/wp-json\/wp\/v2\/tags?post=47379"}],"curies":[{"name":"wp","href":"https:\/\/api.w.org\/{rel}","templated":true}]}}