{"id":47194,"date":"2022-02-22T16:29:07","date_gmt":"2022-02-22T19:29:07","guid":{"rendered":"https:\/\/www.centraldenoticias.com.ar\/?p=47194"},"modified":"2022-02-22T19:17:47","modified_gmt":"2022-02-22T22:17:47","slug":"violentisimo-choque-sobre-la-ruta-51-una-mujer-y-su-hija-resultaron-heridas","status":"publish","type":"post","link":"https:\/\/cdnoticias.com\/index.php\/2022\/02\/22\/violentisimo-choque-sobre-la-ruta-51-una-mujer-y-su-hija-resultaron-heridas\/","title":{"rendered":"Violent\u00edsimo choque sobre la Ruta 51: Una mujer y su hija resultaron heridas"},"content":{"rendered":"<p>Ocurri\u00f3 en las cercan\u00edas de Azul y se vieron implicados dos camiones y una pick up. Fotos y video con el relato de un transportista que auxili\u00f3 a las v\u00edctimas.<!--more--><\/p>\n<hr \/>\n<p>En la jornada de este martes la Ruta Provincial 51 fue sede de un violent\u00edsimo siniestro vial en el que se vieron implicados dos camiones y una pick up. <strong>Una mujer y su hija debieron ser rescatadas por personal de bomberos y ocasionales testigos, para luego ser trasladadas de urgencia a distintos centros asistenciales de Azul.<\/strong><\/p>\n<p>&nbsp;<\/p>\n<p><img data-recalc-dims=\"1\" loading=\"lazy\" decoding=\"async\" class=\"alignnone size-full wp-image-47195\" src=\"https:\/\/i0.wp.com\/cdnoticias.com\/wp-content\/uploads\/2022\/02\/1645550815.jpeg?resize=800%2C450&#038;ssl=1\" alt=\"\" width=\"800\" height=\"450\" srcset=\"https:\/\/i0.wp.com\/cdnoticias.com\/wp-content\/uploads\/2022\/02\/1645550815.jpeg?w=948&amp;ssl=1 948w, https:\/\/i0.wp.com\/cdnoticias.com\/wp-content\/uploads\/2022\/02\/1645550815.jpeg?resize=300%2C169&amp;ssl=1 300w, https:\/\/i0.wp.com\/cdnoticias.com\/wp-content\/uploads\/2022\/02\/1645550815.jpeg?resize=768%2C432&amp;ssl=1 768w\" sizes=\"auto, (max-width: 800px) 100vw, 800px\" \/><\/p>\n<p>&nbsp;<\/p>\n<p>Todo sucedi\u00f3 en las cercan\u00edas de la vecina ciudad, <strong>a unos cinco kil\u00f3metros del cruce con la Avenida Chaves, en direcci\u00f3n hacia Tapalqu\u00e9<\/strong>, seg\u00fan lo se\u00f1alado a colegas del Diario El Tiempo por voceros de seguridad.<\/p>\n<p>&nbsp;<\/p>\n<div class=\"jetpack-video-wrapper\"><iframe loading=\"lazy\" title=\"Violent\u00edsimo choque sobre la Ruta 51: Una mujer y su hija resultaron heridas\" width=\"800\" height=\"450\" src=\"https:\/\/www.youtube.com\/embed\/Cnh3uy7wC6Q?feature=oembed\" frameborder=\"0\" allow=\"accelerometer; autoplay; clipboard-write; encrypted-media; gyroscope; picture-in-picture\" allowfullscreen><\/iframe><\/div>\n<p>&nbsp;<\/p>\n<p>En el lugar todav\u00eda trabajan polic\u00edas y personal m\u00e9dico, en el marco de las actuaciones penales iniciadas por lo sucedido. De acuerdo con lo referido, <strong>una mujer result\u00f3 con lesiones \u00f3seas en sus extremidades inferiores y tuvo que ser trasladada al Hospital Pintos.<\/strong><\/p>\n<p>&nbsp;<\/p>\n<p><img data-recalc-dims=\"1\" loading=\"lazy\" decoding=\"async\" class=\"alignnone size-full wp-image-47196\" src=\"https:\/\/i0.wp.com\/cdnoticias.com\/wp-content\/uploads\/2022\/02\/1645550749.jpeg?resize=800%2C449&#038;ssl=1\" alt=\"\" width=\"800\" height=\"449\" srcset=\"https:\/\/i0.wp.com\/cdnoticias.com\/wp-content\/uploads\/2022\/02\/1645550749.jpeg?w=910&amp;ssl=1 910w, https:\/\/i0.wp.com\/cdnoticias.com\/wp-content\/uploads\/2022\/02\/1645550749.jpeg?resize=300%2C168&amp;ssl=1 300w, https:\/\/i0.wp.com\/cdnoticias.com\/wp-content\/uploads\/2022\/02\/1645550749.jpeg?resize=768%2C431&amp;ssl=1 768w\" sizes=\"auto, (max-width: 800px) 100vw, 800px\" \/><\/p>\n<p>&nbsp;<\/p>\n<p>Al momento de sucedido el choque frontal contra uno de los rodados de carga, se trasladaba acompa\u00f1ada por su hija menor de edad, quien al parecer no result\u00f3 con heridas de gravedad m\u00e1s all\u00e1 de los traumatismos sufridos por el violento impacto, lo que hizo que <strong>fuera trasladada al Hospital de Ni\u00f1os de Azul para ser asistida.<\/strong><\/p>\n<p>&nbsp;<\/p>\n<p><img data-recalc-dims=\"1\" loading=\"lazy\" decoding=\"async\" class=\"alignnone size-full wp-image-47198\" src=\"https:\/\/i0.wp.com\/cdnoticias.com\/wp-content\/uploads\/2022\/02\/choque-ruta-51-01.jpg?resize=800%2C445&#038;ssl=1\" alt=\"\" width=\"800\" height=\"445\" srcset=\"https:\/\/i0.wp.com\/cdnoticias.com\/wp-content\/uploads\/2022\/02\/choque-ruta-51-01.jpg?w=800&amp;ssl=1 800w, https:\/\/i0.wp.com\/cdnoticias.com\/wp-content\/uploads\/2022\/02\/choque-ruta-51-01.jpg?resize=300%2C167&amp;ssl=1 300w, https:\/\/i0.wp.com\/cdnoticias.com\/wp-content\/uploads\/2022\/02\/choque-ruta-51-01.jpg?resize=768%2C427&amp;ssl=1 768w\" sizes=\"auto, (max-width: 800px) 100vw, 800px\" \/><\/p>\n<p>&nbsp;<\/p>\n<p><strong>En un principio fueron los dos camiones los que chocaron por alcance<\/strong>, lo que provoc\u00f3 que posteriormente uno de esos rodados de carga -marca Mercedes Benz- impactara de manera frontal contra la camioneta Nissan Frontier en la que viajaban la mujer y su hija.<\/p>\n<p>&nbsp;<\/p>\n<p><em>Fuente Diario El Tiempo \/ Fotos Nicol\u00e1s Murcia<\/em><\/p>\n","protected":false},"excerpt":{"rendered":"<p>Ocurri\u00f3 en las cercan\u00edas de Azul y se vieron implicados dos camiones y una pick up. Fotos y video con<\/p>\n","protected":false},"author":3,"featured_media":47197,"comment_status":"closed","ping_status":"closed","sticky":false,"template":"","format":"standard","meta":{"_jetpack_memberships_contains_paid_content":false,"footnotes":""},"categories":[14],"tags":[],"class_list":["post-47194","post","type-post","status-publish","format-standard","has-post-thumbnail","hentry","category-policiales"],"jetpack_featured_media_url":"https:\/\/i0.wp.com\/cdnoticias.com\/wp-content\/uploads\/2022\/02\/WhatsApp-Image-2022-02-22-at-15.59.24.jpeg?fit=1200%2C800&ssl=1","jetpack_sharing_enabled":true,"_links":{"self":[{"href":"https:\/\/cdnoticias.com\/index.php\/wp-json\/wp\/v2\/posts\/47194","targetHints":{"allow":["GET"]}}],"collection":[{"href":"https:\/\/cdnoticias.com\/index.php\/wp-json\/wp\/v2\/posts"}],"about":[{"href":"https:\/\/cdnoticias.com\/index.php\/wp-json\/wp\/v2\/types\/post"}],"author":[{"embeddable":true,"href":"https:\/\/cdnoticias.com\/index.php\/wp-json\/wp\/v2\/users\/3"}],"replies":[{"embeddable":true,"href":"https:\/\/cdnoticias.com\/index.php\/wp-json\/wp\/v2\/comments?post=47194"}],"version-history":[{"count":0,"href":"https:\/\/cdnoticias.com\/index.php\/wp-json\/wp\/v2\/posts\/47194\/revisions"}],"wp:featuredmedia":[{"embeddable":true,"href":"https:\/\/cdnoticias.com\/index.php\/wp-json\/wp\/v2\/media\/47197"}],"wp:attachment":[{"href":"https:\/\/cdnoticias.com\/index.php\/wp-json\/wp\/v2\/media?parent=47194"}],"wp:term":[{"taxonomy":"category","embeddable":true,"href":"https:\/\/cdnoticias.com\/index.php\/wp-json\/wp\/v2\/categories?post=47194"},{"taxonomy":"post_tag","embeddable":true,"href":"https:\/\/cdnoticias.com\/index.php\/wp-json\/wp\/v2\/tags?post=47194"}],"curies":[{"name":"wp","href":"https:\/\/api.w.org\/{rel}","templated":true}]}}