{"id":47122,"date":"2022-02-21T20:16:49","date_gmt":"2022-02-21T23:16:49","guid":{"rendered":"https:\/\/www.centraldenoticias.com.ar\/?p=47122"},"modified":"2022-02-21T20:16:49","modified_gmt":"2022-02-21T23:16:49","slug":"son-18-los-aspirantes-a-las-elecciones-de-delegados-municipales","status":"publish","type":"post","link":"https:\/\/cdnoticias.com\/index.php\/2022\/02\/21\/son-18-los-aspirantes-a-las-elecciones-de-delegados-municipales\/","title":{"rendered":"Son 18 los aspirantes a las elecciones de delegados municipales"},"content":{"rendered":"<p>Desde el Municipio se detall\u00f3 que en total fueron 23 los aspirantes, pero no todos cumplieron con la documentaci\u00f3n requerida. <strong>Los detalles.<\/strong><\/p>\n<hr \/>\n<p>Desde la Subsecretar\u00eda de Gobierno Municipal se inform\u00f3 en las \u00faltimas horas que <strong>de los 23 aspirantes que retiraron documentaci\u00f3n, fueron 18 los que presentaron lo solicitado<\/strong> para las elecciones que se llevar\u00e1n a cabo en abril.<\/p>\n<p>&nbsp;<\/p>\n<p>Seg\u00fan se indic\u00f3, los aspirantes est\u00e1n distribuidos de la siguiente manera: <strong>una en Santa Luisa, tres en Espigas, dos en Recalde, tres en Loma Negra, cuatro en Sierra Chica, dos en Hinojo y tres en Sierras Bayas.<\/strong><\/p>\n<p>&nbsp;<\/p>\n<p>Adem\u00e1s, el Subsecretario de Gobierno, Emilio Vitale, explic\u00f3 que \u201cdesde este lunes y<strong> hasta el 14 de marzo se llevar\u00e1 a cabo el an\u00e1lisis de la documentaci\u00f3n<\/strong>; <strong>del 15 al 18 de marzo la Junta Electora realizar\u00e1 la oficializaci\u00f3n de las candidaturas y del 18 de marzo al 7 de abril ser\u00e1 la campa\u00f1a electoral<\/strong>\u201d.<\/p>\n<p>&nbsp;<\/p>\n<p>La Elecci\u00f3n de Delegados 2022 -anunciada por el intendente Ezequiel Galli en conferencia de prensa, el pasado 17 de enero- se encuadra en <strong>una Consulta Popular No Vinculante, bajo un sistema de boleta \u00fanica<\/strong>. Se llevar\u00e1 a cabo el domingo 10 de abril, de 10 a 16 horas, en todas las localidades de manera simult\u00e1nea. E<strong>l padr\u00f3n comprende 14.337 vecinos<\/strong>.<\/p>\n","protected":false},"excerpt":{"rendered":"<p>Desde el Municipio se detall\u00f3 que en total fueron 23 los aspirantes, pero no todos cumplieron con la documentaci\u00f3n requerida.<\/p>\n","protected":false},"author":3,"featured_media":44133,"comment_status":"closed","ping_status":"closed","sticky":false,"template":"","format":"standard","meta":{"_jetpack_memberships_contains_paid_content":false,"footnotes":""},"categories":[4,1],"tags":[],"class_list":["post-47122","post","type-post","status-publish","format-standard","has-post-thumbnail","hentry","category-politica","category-portada"],"jetpack_featured_media_url":"https:\/\/i0.wp.com\/cdnoticias.com\/wp-content\/uploads\/2022\/01\/conferencia-eleccion-de-delegados-01.jpg?fit=800%2C446&ssl=1","jetpack_sharing_enabled":true,"_links":{"self":[{"href":"https:\/\/cdnoticias.com\/index.php\/wp-json\/wp\/v2\/posts\/47122","targetHints":{"allow":["GET"]}}],"collection":[{"href":"https:\/\/cdnoticias.com\/index.php\/wp-json\/wp\/v2\/posts"}],"about":[{"href":"https:\/\/cdnoticias.com\/index.php\/wp-json\/wp\/v2\/types\/post"}],"author":[{"embeddable":true,"href":"https:\/\/cdnoticias.com\/index.php\/wp-json\/wp\/v2\/users\/3"}],"replies":[{"embeddable":true,"href":"https:\/\/cdnoticias.com\/index.php\/wp-json\/wp\/v2\/comments?post=47122"}],"version-history":[{"count":0,"href":"https:\/\/cdnoticias.com\/index.php\/wp-json\/wp\/v2\/posts\/47122\/revisions"}],"wp:featuredmedia":[{"embeddable":true,"href":"https:\/\/cdnoticias.com\/index.php\/wp-json\/wp\/v2\/media\/44133"}],"wp:attachment":[{"href":"https:\/\/cdnoticias.com\/index.php\/wp-json\/wp\/v2\/media?parent=47122"}],"wp:term":[{"taxonomy":"category","embeddable":true,"href":"https:\/\/cdnoticias.com\/index.php\/wp-json\/wp\/v2\/categories?post=47122"},{"taxonomy":"post_tag","embeddable":true,"href":"https:\/\/cdnoticias.com\/index.php\/wp-json\/wp\/v2\/tags?post=47122"}],"curies":[{"name":"wp","href":"https:\/\/api.w.org\/{rel}","templated":true}]}}